






{"id":11132,"date":"2019-07-29T15:01:33","date_gmt":"2019-07-29T06:01:33","guid":{"rendered":"https:\/\/guide.fire-emblem-heroes.com\/?p=11132"},"modified":"2019-12-19T12:59:23","modified_gmt":"2019-12-19T03:59:23","slug":"01001007000037","status":"publish","type":"post","link":"https:\/\/guide.fire-emblem-heroes.com\/de\/01001007000037\/","title":{"rendered":"<span class=\"character_nick\">Der Panther<\/span><span class=\"character_name\">Abel<\/span>"},"content":{"rendered":"<main id=\"CHARA_085\" class=\"main_page character\">\r\n    <article>\r\n        <section class=\"sec sec_character\">\r\n            <ul class=\"sec_ul sec_ul--character slick-box\">\r\n                <li class=\"sec_li sec_li--character\">\r\n                    <img decoding=\"async\" src=\"https:\/\/guide.fire-emblem-heroes.com\/wp-content\/uploads\/abel_the_panther_slide01.png\" alt=\"\" \/>\r\n                <\/li>\r\n                <li class=\"sec_li sec_li--character\">\r\n                    <img decoding=\"async\" src=\"https:\/\/guide.fire-emblem-heroes.com\/wp-content\/uploads\/abel_the_panther_slide02.png\" alt=\"\" \/>\r\n                <\/li>\r\n                <li class=\"sec_li sec_li--character\">\r\n                    <img decoding=\"async\" src=\"https:\/\/guide.fire-emblem-heroes.com\/wp-content\/uploads\/abel_the_panther_slide03.png\" alt=\"\" \/>\r\n                <\/li>\r\n                <li class=\"sec_li sec_li--character\">\r\n                    <img decoding=\"async\" src=\"https:\/\/guide.fire-emblem-heroes.com\/wp-content\/uploads\/abel_the_panther_slide04.png\" alt=\"\" \/>\r\n                <\/li>\r\n            <\/ul>\r\n            <div class=\"sec_charainfoarea flex\">\r\n                <div class=\"sec_gif\"><img loading=\"lazy\" decoding=\"async\" src=\"https:\/\/guide.fire-emblem-heroes.com\/wp-content\/uploads\/abel_the_panther.png\" alt=\"\" width=\"210\" height=\"190\"\/><\/div>\r\n                <div class=\"sec_charainfo\">\r\n                    <p id=\"CHARA_085_002\" class=\"sec_characate sec_characate--heroes\">Helden<\/p>\r\n                    <p id=\"CHARA_085_003\" class=\"sec_charanick\">Der Panther<\/p>\r\n                    <p id=\"CHARA_085_004\" class=\"sec_charaname\">Abel<\/p>\r\n                    <p id=\"CHARA_085_005\" class=\"sec_charaappearancetxt\">Erscheint in<\/p>\r\n                    <p id=\"CHARA_085_006\" class=\"sec_charaappearancetxt\">Fire Emblem: Mystery of the Emblem<\/p>\r\n                <\/div>\r\n            <\/div>\r\n        <\/section>\r\n    <\/article>\r\n    <article>\r\n        <section class=\"sec sec_characterarea\">\r\n            <div class=\"sec_h2chara\">\r\n                <p id=\"CHARA_085_007\" class=\"sec_h2charattl\">Sharena stellt vor!<\/p>\r\n                <h2 id=\"CHARA_085_008\" class=\"sec_h2charatxt\">Der Panther Abel<\/h2>\r\n            <\/div>\r\n            <dl class=\"sec_dl flex\">\r\n                <dt id=\"CHARA_085_009\" class=\"sec_dt\">Abel ist ein k\u00f6niglicher Ritter aus Altea, der an Marths Seite im Krieg der Schatten gek\u00e4mpft hat. Sein geschmeidiger und agiler Kampfstil hat ihm den Spitznamen &#8222;der Panther&#8220; eingebracht.<\/dt>\r\n                <dd class=\"sec_dd\">\r\n                    <a href=\"https:\/\/guide.fire-emblem-heroes.com\/wp-content\/uploads\/abel_the_panther_pop01.png\" class=\"popup-image\">\r\n                        <img decoding=\"async\" src=\"https:\/\/guide.fire-emblem-heroes.com\/wp-content\/uploads\/abel_the_panther_info01.png\" alt=\"\" \/>\r\n                    <\/a>\r\n                <\/dd>\r\n                <dt id=\"CHARA_085_010\" class=\"sec_dt\">Abel ist stets ruhig und gefasst \u2013 das genaue Gegenteil seines Partners Kain, der dazu tendiert, sich von Gef\u00fchlen leiten zu lassen. Nichtsdestotrotz geben die beiden ein perfektes Team ab!<\/dt>\r\n                <dd class=\"sec_dd\">\r\n                    <a href=\"https:\/\/guide.fire-emblem-heroes.com\/wp-content\/uploads\/abel_the_panther_pop02.png\" class=\"popup-image\">\r\n                        <img decoding=\"async\" src=\"https:\/\/guide.fire-emblem-heroes.com\/wp-content\/uploads\/abel_the_panther_info02.png\" alt=\"\" \/>\r\n                    <\/a>\r\n                <\/dd>\r\n                <dt id=\"CHARA_085_011\" class=\"sec_dt\">Nach dem Krieg der Schatten k\u00fcndigte Abel seinen Dienst bei den Rittern auf, um einen Waffenladen mit Est zu er\u00f6ffnen. Doch als Est als Geisel genommen wurde, war er pl\u00f6tzlich gezwungen, gegen Marth zu k\u00e4mpfen!<\/dt>\r\n                <dd class=\"sec_dd\">\r\n                    <a href=\"https:\/\/guide.fire-emblem-heroes.com\/wp-content\/uploads\/abel_the_panther_pop03.png\" class=\"popup-image\">\r\n                        <img decoding=\"async\" src=\"https:\/\/guide.fire-emblem-heroes.com\/wp-content\/uploads\/abel_the_panther_info03.png\" alt=\"\" \/>\r\n                    <\/a>\r\n                <\/dd>\r\n                <dt id=\"CHARA_085_012\" class=\"sec_dt\">Doch Est konnte befreit werden und Abel verb\u00fcndete sich erneut mit Marth. Und w\u00e4hrend des Kriegs der Heroen stellte er erneut unter Beweis, warum die Leute ihn den Panther nennen!<\/dt>\r\n                <dd class=\"sec_dd\">\r\n                    <a href=\"https:\/\/guide.fire-emblem-heroes.com\/wp-content\/uploads\/abel_the_panther_pop04.png\" class=\"popup-image\">\r\n                        <img decoding=\"async\" src=\"https:\/\/guide.fire-emblem-heroes.com\/wp-content\/uploads\/abel_the_panther_info04.png\" alt=\"\" \/>\r\n                    <\/a>\r\n                <\/dd>\r\n            <\/dl>\r\n            <h3 id=\"CHARA_085_013\" class=\"sec_h3charatxt\">Beziehungen<\/h3>\r\n            <h4 id=\"CHARA_085_014\" class=\"sec_h4charatxt\">Marth<\/h4>\r\n            <p id=\"CHARA_085_015\" class=\"sec_charatxt\">Der Prinz von Altea, der f\u00fcr seine Heimat k\u00e4mpft und seine Freunde \u00fcber alles sch\u00e4tzt.<\/p>\r\n            <h4 id=\"CHARA_085_016\" class=\"sec_h4charatxt\">Kain<\/h4>\r\n            <p id=\"CHARA_085_017\" class=\"sec_charatxt\">Ein Kavalier aus Altea, der f\u00fcr seine draufg\u00e4ngerische Art bekannt ist. Stand zusammen mit Abel in Marths Diensten. Tr\u00e4gt den Spitznamen &#8222;der Stier&#8220;.<\/p>\r\n            <h4 id=\"CHARA_085_018\" class=\"sec_h4charatxt\">Est<\/h4>\r\n            <p id=\"CHARA_085_019\" class=\"sec_charatxt\">Die j\u00fcngste Schwester der Wei\u00dfschwingen von Medon. Hat ein aufgeschlossenes und lebhaftes Gem\u00fct. Est und ihr Ritter Abel sind sehr verliebt.<\/p>\r\n        <\/section>\r\n    <\/article>\r\n<\/main>","protected":false},"excerpt":{"rendered":"Helden Der Panther Abel Erscheint in Fire Emblem: Mystery of the Emblem Sharena stellt vor! Der Panther Abel Abel ist ein k\u00f6niglicher Ritter aus Altea, der an Marths Seite im Krieg der Schatten gek\u00e4mpft hat. Sein geschmeidiger und agiler Kampfstil hat ihm den Spitznamen &#8222;der Panther&#8220; eingebracht. Abel ist stets ruhig und gefasst \u2013 das [&hellip;]","protected":false},"author":1,"featured_media":11202,"comment_status":"closed","ping_status":"closed","sticky":false,"template":"","format":"standard","meta":{"advanced_seo_description":"","jetpack_seo_html_title":"","jetpack_seo_noindex":false,"_jetpack_newsletter_access":"","_jetpack_dont_email_post_to_subs":false,"_jetpack_newsletter_tier_id":0,"_jetpack_memberships_contains_paywalled_content":false,"_locale":"de_DE","_original_post":"11130","_jetpack_memberships_contains_paid_content":false,"footnotes":"","jetpack_publicize_message":"","jetpack_publicize_feature_enabled":true,"jetpack_social_post_already_shared":true,"jetpack_social_options":{"image_generator_settings":{"template":"highway","default_image_id":0,"font":"","enabled":false},"version":2},"_wpas_customize_per_network":false,"jetpack_post_was_ever_published":false},"categories":[1384,1424,1415,1390],"tags":[1417],"class_list":["post-11132","post","type-post","status-publish","format-standard","has-post-thumbnail","hentry","category-character","category-ex_works_mystery_of_the_emblem","category-heroes","category-stay_heroes","tag-helden","de-DE"],"jetpack_publicize_connections":[],"jetpack_featured_media_url":"https:\/\/guide.fire-emblem-heroes.com\/wp-content\/uploads\/abel_the_panther.png","jetpack_sharing_enabled":false,"jetpack_shortlink":"https:\/\/wp.me\/pa0Mj3-2Ty","jetpack_likes_enabled":false,"amp_enabled":true,"_links":{"self":[{"href":"https:\/\/guide.fire-emblem-heroes.com\/wp-json\/wp\/v2\/posts\/11132","targetHints":{"allow":["GET"]}}],"collection":[{"href":"https:\/\/guide.fire-emblem-heroes.com\/wp-json\/wp\/v2\/posts"}],"about":[{"href":"https:\/\/guide.fire-emblem-heroes.com\/wp-json\/wp\/v2\/types\/post"}],"author":[{"embeddable":true,"href":"https:\/\/guide.fire-emblem-heroes.com\/wp-json\/wp\/v2\/users\/1"}],"replies":[{"embeddable":true,"href":"https:\/\/guide.fire-emblem-heroes.com\/wp-json\/wp\/v2\/comments?post=11132"}],"version-history":[{"count":2,"href":"https:\/\/guide.fire-emblem-heroes.com\/wp-json\/wp\/v2\/posts\/11132\/revisions"}],"predecessor-version":[{"id":14748,"href":"https:\/\/guide.fire-emblem-heroes.com\/wp-json\/wp\/v2\/posts\/11132\/revisions\/14748"}],"wp:featuredmedia":[{"embeddable":true,"href":"https:\/\/guide.fire-emblem-heroes.com\/wp-json\/wp\/v2\/media\/11202"}],"wp:attachment":[{"href":"https:\/\/guide.fire-emblem-heroes.com\/wp-json\/wp\/v2\/media?parent=11132"}],"wp:term":[{"taxonomy":"category","embeddable":true,"href":"https:\/\/guide.fire-emblem-heroes.com\/wp-json\/wp\/v2\/categories?post=11132"},{"taxonomy":"post_tag","embeddable":true,"href":"https:\/\/guide.fire-emblem-heroes.com\/wp-json\/wp\/v2\/tags?post=11132"}],"curies":[{"name":"wp","href":"https:\/\/api.w.org\/{rel}","templated":true}]}}