






{"id":13057,"date":"2019-10-16T14:48:03","date_gmt":"2019-10-16T05:48:03","guid":{"rendered":"https:\/\/guide.fire-emblem-heroes.com\/?p=13057"},"modified":"2019-11-01T15:39:18","modified_gmt":"2019-11-01T06:39:18","slug":"02004005000439","status":"publish","type":"post","link":"https:\/\/guide.fire-emblem-heroes.com\/de\/02004005000439\/","title":{"rendered":"<span class=\"character_nick\">Maskenritter<\/span> <span class=\"character_name\">Conrad<\/span>"},"content":{"rendered":"<main id=\"CHARA_132\" class=\"main_page character\">\r\n    <article>\r\n        <section class=\"sec sec_character\">\r\n            <ul class=\"sec_ul sec_ul--character slick-box\">\r\n                <li class=\"sec_li sec_li--character\">\r\n                    <img decoding=\"async\" src=\"https:\/\/guide.fire-emblem-heroes.com\/wp-content\/uploads\/conrad_masked_knight_slide01.png\" alt=\"\" \/>\r\n                <\/li>\r\n                <li class=\"sec_li sec_li--character\">\r\n                    <img decoding=\"async\" src=\"https:\/\/guide.fire-emblem-heroes.com\/wp-content\/uploads\/conrad_masked_knight_slide02.png\" alt=\"\" \/>\r\n                <\/li>\r\n                <li class=\"sec_li sec_li--character\">\r\n                    <img decoding=\"async\" src=\"https:\/\/guide.fire-emblem-heroes.com\/wp-content\/uploads\/conrad_masked_knight_slide03.png\" alt=\"\" \/>\r\n                <\/li>\r\n                <li class=\"sec_li sec_li--character\">\r\n                    <img decoding=\"async\" src=\"https:\/\/guide.fire-emblem-heroes.com\/wp-content\/uploads\/conrad_masked_knight_slide04.png\" alt=\"\" \/>\r\n                <\/li>\r\n            <\/ul>\r\n            <div class=\"sec_charainfoarea flex\">\r\n                <div class=\"sec_gif\"><img loading=\"lazy\" decoding=\"async\" src=\"https:\/\/guide.fire-emblem-heroes.com\/wp-content\/uploads\/conrad_masked_knight.png\" alt=\"\" width=\"210\" height=\"190\"\/><\/div>\r\n                <div class=\"sec_charainfo\">\r\n                    <p id=\"CHARA_132_002\" class=\"sec_characate sec_characate--heroes\">Helden<\/p>\r\n                    <p id=\"CHARA_132_003\" class=\"sec_charanick\">Maskenritter<\/p>\r\n                    <p id=\"CHARA_132_004\" class=\"sec_charaname\">Conrad<\/p>\r\n                    <p id=\"CHARA_132_005\" class=\"sec_charaappearancetxt\">Erscheint in<\/p>\r\n                    <p id=\"CHARA_132_006\" class=\"sec_charaappearancetxt\">Fire Emblem Echoes: Shadows of Valentia<\/p>\r\n                <\/div>\r\n            <\/div>\r\n        <\/section>\r\n    <\/article>\r\n    <article>\r\n        <section class=\"sec sec_characterarea\">\r\n            <div class=\"sec_h2chara\">\r\n                <p id=\"CHARA_132_007\" class=\"sec_h2charattl\">Sharena stellt vor!<\/p>\r\n                <h2 id=\"CHARA_132_008\" class=\"sec_h2charatxt\">Maskenritter Conrad<\/h2>\r\n            <\/div>\r\n            <dl class=\"sec_dl flex\">\r\n                <dt id=\"CHARA_132_009\" class=\"sec_dt\">Das ist Conrad, der mysteri\u00f6se maskierte Ritter, der dann und wann dramatische Auftritte hinlegt, um Celica aus Gefahren zu retten!<\/dt>\r\n                <dd class=\"sec_dd\">\r\n                    <a href=\"https:\/\/guide.fire-emblem-heroes.com\/wp-content\/uploads\/conrad_masked_knight_pop01.png\" class=\"popup-image\">\r\n                        <img decoding=\"async\" src=\"https:\/\/guide.fire-emblem-heroes.com\/wp-content\/uploads\/conrad_masked_knight_info01.png\" alt=\"\" \/>\r\n                    <\/a>\r\n                <\/dd>\r\n                <dt id=\"CHARA_132_010\" class=\"sec_dt\">In Wirklichkeit ist Conrad Celicas \u00e4lterer Bruder, der von ihr getrennt wurde, als sie noch ganz klein waren. Er wuchs im Weiler des Weisen auf. Das bedeutet, er hat eine Verbindung zum zofianischen K\u00f6nigshaus!<\/dt>\r\n                <dd class=\"sec_dd\">\r\n                    <a href=\"https:\/\/guide.fire-emblem-heroes.com\/wp-content\/uploads\/conrad_masked_knight_pop02.png\" class=\"popup-image\">\r\n                        <img decoding=\"async\" src=\"https:\/\/guide.fire-emblem-heroes.com\/wp-content\/uploads\/conrad_masked_knight_info02.png\" alt=\"\" \/>\r\n                    <\/a>\r\n                <\/dd>\r\n                <dt id=\"CHARA_132_011\" class=\"sec_dt\">Aber Conrad k\u00e4mpfte nicht nur f\u00fcr Celica, wenn sie in Schwierigkeiten steckte. Er stellte auch Celicas Entschluss auf die Probe, K\u00f6nigin zu werden, und sprach ihr gut zu, als sie ihre Zweifel hatte. Er war auf ganzer Linie f\u00fcr sie da!<\/dt>\r\n                <dd class=\"sec_dd\">\r\n                    <a href=\"https:\/\/guide.fire-emblem-heroes.com\/wp-content\/uploads\/conrad_masked_knight_pop03.png\" class=\"popup-image\">\r\n                        <img decoding=\"async\" src=\"https:\/\/guide.fire-emblem-heroes.com\/wp-content\/uploads\/conrad_masked_knight_info03.png\" alt=\"\" \/>\r\n                    <\/a>\r\n                <\/dd>\r\n                <dt id=\"CHARA_132_012\" class=\"sec_dt\">Eigentlich ist es also keine \u00dcberraschung, dass Conrad unter der Maske total lieb aussieht. Hoffentlich legt er auch mal f\u00fcr uns einen seiner Auftritte hin, wenn wir W\u00e4chter von Askr in der Klemme stecken!<\/dt>\r\n                <dd class=\"sec_dd\">\r\n                    <a href=\"https:\/\/guide.fire-emblem-heroes.com\/wp-content\/uploads\/conrad_masked_knight_pop04.png\" class=\"popup-image\">\r\n                        <img decoding=\"async\" src=\"https:\/\/guide.fire-emblem-heroes.com\/wp-content\/uploads\/conrad_masked_knight_info04.png\" alt=\"\" \/>\r\n                    <\/a>\r\n                <\/dd>\r\n            <\/dl>\r\n            <h3 id=\"CHARA_132_013\" class=\"sec_h3charatxt\">Beziehungen<\/h3>\r\n            <h4 id=\"CHARA_132_014\" class=\"sec_h4charatxt\">Celica<\/h4>\r\n            <p id=\"CHARA_132_015\" class=\"sec_charatxt\">Die Prinzessin von Zofia und ausgebildete Priesterin. Sie pflegt einen f\u00fcrsorglichen Umgang mit anderen und mag keine K\u00e4mpfe. Sie ist Conrads Schwester, wurde aber in jungen Jahren von ihm getrennt.<\/p>\r\n        <\/section>\r\n    <\/article>\r\n<\/main>","protected":false},"excerpt":{"rendered":"Helden Maskenritter Conrad Erscheint in Fire Emblem Echoes: Shadows of Valentia Sharena stellt vor! Maskenritter Conrad Das ist Conrad, der mysteri\u00f6se maskierte Ritter, der dann und wann dramatische Auftritte hinlegt, um Celica aus Gefahren zu retten! In Wirklichkeit ist Conrad Celicas \u00e4lterer Bruder, der von ihr getrennt wurde, als sie noch ganz klein waren. Er [&hellip;]","protected":false},"author":1,"featured_media":13095,"comment_status":"closed","ping_status":"closed","sticky":false,"template":"","format":"standard","meta":{"advanced_seo_description":"","jetpack_seo_html_title":"","jetpack_seo_noindex":false,"_jetpack_newsletter_access":"","_jetpack_dont_email_post_to_subs":false,"_jetpack_newsletter_tier_id":0,"_jetpack_memberships_contains_paywalled_content":false,"_locale":"de_DE","_original_post":"13054","_jetpack_memberships_contains_paid_content":false,"footnotes":"","jetpack_publicize_message":"","jetpack_publicize_feature_enabled":true,"jetpack_social_post_already_shared":true,"jetpack_social_options":{"image_generator_settings":{"template":"highway","default_image_id":0,"font":"","enabled":false},"version":2},"_wpas_customize_per_network":false,"jetpack_post_was_ever_published":false},"categories":[1384,1425,1415,1390],"tags":[1417],"class_list":["post-13057","post","type-post","status-publish","format-standard","has-post-thumbnail","hentry","category-character","category-ex_works_shadows_of_valentia","category-heroes","category-stay_heroes","tag-helden","de-DE"],"jetpack_publicize_connections":[],"jetpack_featured_media_url":"https:\/\/guide.fire-emblem-heroes.com\/wp-content\/uploads\/conrad_masked_knight.png","jetpack_sharing_enabled":false,"jetpack_shortlink":"https:\/\/wp.me\/pa0Mj3-3oB","jetpack_likes_enabled":false,"amp_enabled":true,"_links":{"self":[{"href":"https:\/\/guide.fire-emblem-heroes.com\/wp-json\/wp\/v2\/posts\/13057","targetHints":{"allow":["GET"]}}],"collection":[{"href":"https:\/\/guide.fire-emblem-heroes.com\/wp-json\/wp\/v2\/posts"}],"about":[{"href":"https:\/\/guide.fire-emblem-heroes.com\/wp-json\/wp\/v2\/types\/post"}],"author":[{"embeddable":true,"href":"https:\/\/guide.fire-emblem-heroes.com\/wp-json\/wp\/v2\/users\/1"}],"replies":[{"embeddable":true,"href":"https:\/\/guide.fire-emblem-heroes.com\/wp-json\/wp\/v2\/comments?post=13057"}],"version-history":[{"count":1,"href":"https:\/\/guide.fire-emblem-heroes.com\/wp-json\/wp\/v2\/posts\/13057\/revisions"}],"predecessor-version":[{"id":13074,"href":"https:\/\/guide.fire-emblem-heroes.com\/wp-json\/wp\/v2\/posts\/13057\/revisions\/13074"}],"wp:featuredmedia":[{"embeddable":true,"href":"https:\/\/guide.fire-emblem-heroes.com\/wp-json\/wp\/v2\/media\/13095"}],"wp:attachment":[{"href":"https:\/\/guide.fire-emblem-heroes.com\/wp-json\/wp\/v2\/media?parent=13057"}],"wp:term":[{"taxonomy":"category","embeddable":true,"href":"https:\/\/guide.fire-emblem-heroes.com\/wp-json\/wp\/v2\/categories?post=13057"},{"taxonomy":"post_tag","embeddable":true,"href":"https:\/\/guide.fire-emblem-heroes.com\/wp-json\/wp\/v2\/tags?post=13057"}],"curies":[{"name":"wp","href":"https:\/\/api.w.org\/{rel}","templated":true}]}}