






{"id":15139,"date":"2020-01-07T12:26:34","date_gmt":"2020-01-07T03:26:34","guid":{"rendered":"https:\/\/guide.fire-emblem-heroes.com\/?p=15139"},"modified":"2021-11-16T12:40:52","modified_gmt":"2021-11-16T03:40:52","slug":"03051003000471","status":"publish","type":"post","link":"https:\/\/guide.fire-emblem-heroes.com\/de\/03051003000471\/","title":{"rendered":"<span class=\"character_nick\">Eifrige Tochter<\/span><span class=\"character_name\">Larcei<\/span>"},"content":{"rendered":"<main id=\"CHARA_179\" class=\"main_page character\">\r\n            <article>\r\n                <section class=\"sec sec_character\">\r\n                    <ul class=\"sec_ul sec_ul--character slick-box\">\r\n                        <li class=\"sec_li sec_li--character\">\r\n                            <img decoding=\"async\" src=\"https:\/\/guide.fire-emblem-heroes.com\/wp-content\/uploads\/larcei_keen_kin_slide01.png\" alt=\"\" \/>\r\n                        <\/li>\r\n                        <li class=\"sec_li sec_li--character\">\r\n                            <img decoding=\"async\" src=\"https:\/\/guide.fire-emblem-heroes.com\/wp-content\/uploads\/larcei_keen_kin_slide02.png\" alt=\"\" \/>\r\n                        <\/li>\r\n                        <li class=\"sec_li sec_li--character\">\r\n                            <img decoding=\"async\" src=\"https:\/\/guide.fire-emblem-heroes.com\/wp-content\/uploads\/larcei_keen_kin_slide03.png\" alt=\"\" \/>\r\n                        <\/li>\r\n                        <li class=\"sec_li sec_li--character\">\r\n                            <img decoding=\"async\" src=\"https:\/\/guide.fire-emblem-heroes.com\/wp-content\/uploads\/larcei_keen_kin_slide04.png\" alt=\"\" \/>\r\n                        <\/li>\r\n                    <\/ul>\r\n                    <div class=\"sec_charainfoarea flex\">\r\n                        <div class=\"sec_gif\"><img loading=\"lazy\" decoding=\"async\" src=\"https:\/\/guide.fire-emblem-heroes.com\/wp-content\/uploads\/larcei_keen_kin.png\" alt=\"\" width=\"210\" height=\"190\"\/><\/div>\r\n                        <div class=\"sec_charainfo\">\r\n                            <p id=\"CHARA_179_002\" class=\"sec_characate sec_characate--heroes\">Helden<\/p>\r\n                            <p id=\"CHARA_179_003\" class=\"sec_charanick\">Eifrige Tochter<\/p>\r\n                            <p id=\"CHARA_179_004\" class=\"sec_charaname\">Larcei<\/p>\r\n                            <p id=\"CHARA_179_005\" class=\"sec_charaappearancetxt\">Erscheint in<\/p>\r\n                            <p id=\"CHARA_179_006\" class=\"sec_charaappearancetxt\">Fire Emblem: Genealogy of the Holy War<\/p>\r\n                        <\/div>\r\n                    <\/div>\r\n                <\/section>\r\n            <\/article>\r\n            <article>\r\n                <section class=\"sec sec_characterarea\">\r\n                    <div class=\"sec_h2chara\">\r\n                        <p id=\"CHARA_179_007\" class=\"sec_h2charattl\">Sharena stellt vor!<\/p>\r\n                        <h2 id=\"CHARA_179_008\" class=\"sec_h2charatxt\">Eifrige Tochter Larcei<\/h2>\r\n                    <\/div>\r\n                    <dl class=\"sec_dl flex\">\r\n                        <dt id=\"CHARA_179_009\" class=\"sec_dt\">Larcei ist die Tochter von Prinzessin Ayra von Isaach, und genau wie ihre Mutter ist Larcei eine Nachfahrin des Heiligen Ritters Odo. Ihre Schwertk\u00fcnste sind erstklassig \u2013 wie schon bei ihrem Vorfahren!<\/dt>\r\n                        <dd class=\"sec_dd\">\r\n                            <a href=\"https:\/\/guide.fire-emblem-heroes.com\/wp-content\/uploads\/larcei_keen_kin_pop01.png\" class=\"popup-image\">\r\n                                <img decoding=\"async\" src=\"https:\/\/guide.fire-emblem-heroes.com\/wp-content\/uploads\/larcei_keen_kin_info01.png\" alt=\"\" \/>\r\n                            <\/a>\r\n                        <\/dd>\r\n                        <dt id=\"CHARA_179_010\" class=\"sec_dt\">Als Kind wurde Larcei von ihrer Mutter getrennt und wuchs zusammen mit ihrem Bruder Sc\u00e1thach auf. Damals wurde sie von ihrem Cousin, Prinz Shannan, im Schwertkampf unterrichtet und meisterte die Techniken ihres Landes.<\/dt>\r\n                        <dd class=\"sec_dd\">\r\n                            <a href=\"https:\/\/guide.fire-emblem-heroes.com\/wp-content\/uploads\/larcei_keen_kin_pop02.png\" class=\"popup-image\">\r\n                                <img decoding=\"async\" src=\"https:\/\/guide.fire-emblem-heroes.com\/wp-content\/uploads\/larcei_keen_kin_info02.png\" alt=\"\" \/>\r\n                            <\/a>\r\n                        <\/dd>\r\n                        <dt id=\"CHARA_179_011\" class=\"sec_dt\">Die Menschen von Isaach litten unter der repressiven Herrschaft Grannvales. Aber Larcei fand eine Gelegenheit, aus dem Imperium zu fliehen und zusammen mit Prinz Seliph von Chalphy eine Widerstandsbewegung zu gr\u00fcnden.<\/dt>\r\n                        <dd class=\"sec_dd\">\r\n                            <a href=\"https:\/\/guide.fire-emblem-heroes.com\/wp-content\/uploads\/larcei_keen_kin_pop03.png\" class=\"popup-image\">\r\n                                <img decoding=\"async\" src=\"https:\/\/guide.fire-emblem-heroes.com\/wp-content\/uploads\/larcei_keen_kin_info03.png\" alt=\"\" \/>\r\n                            <\/a>\r\n                        <\/dd>\r\n                        <dt id=\"CHARA_179_012\" class=\"sec_dt\">Nun drohten viele m\u00e4chtige Gegner, sich Larcei in den Weg zu stellen. Aber zum Gl\u00fcck verf\u00fcgt sie \u00fcber eine unfassbar starke F\u00e4higkeit: Astra, die Spezialtechnik, die der k\u00f6niglichen Familie von Isaach bekannt ist! Larcei setzt ihren Kampf nun fort und ebnet den Weg in eine hellere Zukunft.<\/dt>\r\n                        <dd class=\"sec_dd\">\r\n                            <a href=\"https:\/\/guide.fire-emblem-heroes.com\/wp-content\/uploads\/larcei_keen_kin_pop04.png\" class=\"popup-image\">\r\n                                <img decoding=\"async\" src=\"https:\/\/guide.fire-emblem-heroes.com\/wp-content\/uploads\/larcei_keen_kin_info04.png\" alt=\"\" \/>\r\n                            <\/a>\r\n                        <\/dd>\r\n                    <\/dl>\r\n                    <h3 id=\"CHARA_179_013\" class=\"sec_h3charatxt\">Beziehungen<\/h3>\r\n                    <h4 id=\"CHARA_179_014\" class=\"sec_h4charatxt\">Sc\u00e1thach<\/h4>\r\n                    <p id=\"CHARA_179_015\" class=\"sec_charatxt\">Ein Myrmidone aus Isaach, Sohn von Prinzessin Ayra. Er ist Larceis Zwillingsbruder.<\/p>\r\n                    <h4 id=\"CHARA_179_016\" class=\"sec_h4charatxt\">Shannan<\/h4>\r\n                    <p id=\"CHARA_179_017\" class=\"sec_charatxt\">Prinz von Isaach und Nachfahre des Heiligen Ritters Odo. Talentierter Tr\u00e4ger der g\u00f6ttlichen Klinge Balmung. Larceis Cousin.<\/p>\r\n                    <h4 id=\"CHARA_179_018\" class=\"sec_h4charatxt\">Ayra<\/h4>\r\n                    <p id=\"CHARA_179_019\" class=\"sec_charatxt\">Prinzessin von Isaach, Meisterin der Schwertkunst und Nachfahrin des Heiligen Ritters Odo. Sie k\u00e4mpft f\u00fcr ihr Heimatland. Larceis Mutter.<\/p>\r\n                <\/section>\r\n            <\/article>\r\n        <\/main>","protected":false},"excerpt":{"rendered":"Helden Eifrige Tochter Larcei Erscheint in Fire Emblem: Genealogy of the Holy War Sharena stellt vor! Eifrige Tochter Larcei Larcei ist die Tochter von Prinzessin Ayra von Isaach, und genau wie ihre Mutter ist Larcei eine Nachfahrin des Heiligen Ritters Odo. Ihre Schwertk\u00fcnste sind erstklassig \u2013 wie schon bei ihrem Vorfahren! Als Kind wurde Larcei [&hellip;]","protected":false},"author":1,"featured_media":15292,"comment_status":"closed","ping_status":"closed","sticky":false,"template":"","format":"standard","meta":{"advanced_seo_description":"","jetpack_seo_html_title":"","jetpack_seo_noindex":false,"_jetpack_newsletter_access":"","_jetpack_dont_email_post_to_subs":false,"_jetpack_newsletter_tier_id":0,"_jetpack_memberships_contains_paywalled_content":false,"_locale":"de_DE","_original_post":"15136","_jetpack_memberships_contains_paid_content":false,"footnotes":"","jetpack_publicize_message":"","jetpack_publicize_feature_enabled":true,"jetpack_social_post_already_shared":true,"jetpack_social_options":{"image_generator_settings":{"template":"highway","default_image_id":0,"font":"","enabled":false},"version":2},"_wpas_customize_per_network":false,"jetpack_post_was_ever_published":false},"categories":[1384,1436,1415,1390],"tags":[1417],"class_list":["post-15139","post","type-post","status-publish","format-standard","has-post-thumbnail","hentry","category-character","category-ex_works_genealogy_of_the_holy_war","category-heroes","category-stay_heroes","tag-helden","de-DE"],"jetpack_publicize_connections":[],"jetpack_featured_media_url":"https:\/\/guide.fire-emblem-heroes.com\/wp-content\/uploads\/larcei_keen_kin.png","jetpack_sharing_enabled":false,"jetpack_shortlink":"https:\/\/wp.me\/pa0Mj3-3Wb","jetpack_likes_enabled":false,"amp_enabled":true,"_links":{"self":[{"href":"https:\/\/guide.fire-emblem-heroes.com\/wp-json\/wp\/v2\/posts\/15139","targetHints":{"allow":["GET"]}}],"collection":[{"href":"https:\/\/guide.fire-emblem-heroes.com\/wp-json\/wp\/v2\/posts"}],"about":[{"href":"https:\/\/guide.fire-emblem-heroes.com\/wp-json\/wp\/v2\/types\/post"}],"author":[{"embeddable":true,"href":"https:\/\/guide.fire-emblem-heroes.com\/wp-json\/wp\/v2\/users\/1"}],"replies":[{"embeddable":true,"href":"https:\/\/guide.fire-emblem-heroes.com\/wp-json\/wp\/v2\/comments?post=15139"}],"version-history":[{"count":2,"href":"https:\/\/guide.fire-emblem-heroes.com\/wp-json\/wp\/v2\/posts\/15139\/revisions"}],"predecessor-version":[{"id":30083,"href":"https:\/\/guide.fire-emblem-heroes.com\/wp-json\/wp\/v2\/posts\/15139\/revisions\/30083"}],"wp:featuredmedia":[{"embeddable":true,"href":"https:\/\/guide.fire-emblem-heroes.com\/wp-json\/wp\/v2\/media\/15292"}],"wp:attachment":[{"href":"https:\/\/guide.fire-emblem-heroes.com\/wp-json\/wp\/v2\/media?parent=15139"}],"wp:term":[{"taxonomy":"category","embeddable":true,"href":"https:\/\/guide.fire-emblem-heroes.com\/wp-json\/wp\/v2\/categories?post=15139"},{"taxonomy":"post_tag","embeddable":true,"href":"https:\/\/guide.fire-emblem-heroes.com\/wp-json\/wp\/v2\/tags?post=15139"}],"curies":[{"name":"wp","href":"https:\/\/api.w.org\/{rel}","templated":true}]}}