






{"id":15608,"date":"2020-01-28T12:15:59","date_gmt":"2020-01-28T03:15:59","guid":{"rendered":"https:\/\/guide.fire-emblem-heroes.com\/?p=15608"},"modified":"2020-02-06T15:34:29","modified_gmt":"2020-02-06T06:34:29","slug":"00003303000481","status":"publish","type":"post","link":"https:\/\/guide.fire-emblem-heroes.com\/de\/00003303000481\/","title":{"rendered":"<span class=\"character_nick\">T\u00f6dliche Klinge<\/span><span class=\"character_name\">L\u00edf<\/span>"},"content":{"rendered":"<main id=\"CHARA_189\" class=\"main_page character\">\r\n            <article>\r\n                <section class=\"sec sec_character\">\r\n                    <ul class=\"sec_ul sec_ul--character slick-box\">\r\n                        <li class=\"sec_li sec_li--character\">\r\n                            <img decoding=\"async\" src=\"https:\/\/guide.fire-emblem-heroes.com\/wp-content\/uploads\/lif_lethal_swordsman_slide01.png\" alt=\"\" \/>\r\n                        <\/li>\r\n                        <li class=\"sec_li sec_li--character\">\r\n                            <img decoding=\"async\" src=\"https:\/\/guide.fire-emblem-heroes.com\/wp-content\/uploads\/lif_lethal_swordsman_slide02.png\" alt=\"\" \/>\r\n                        <\/li>\r\n                        <li class=\"sec_li sec_li--character\">\r\n                            <img decoding=\"async\" src=\"https:\/\/guide.fire-emblem-heroes.com\/wp-content\/uploads\/lif_lethal_swordsman_slide03.png\" alt=\"\" \/>\r\n                        <\/li>\r\n                        <li class=\"sec_li sec_li--character\">\r\n                            <img decoding=\"async\" src=\"https:\/\/guide.fire-emblem-heroes.com\/wp-content\/uploads\/lif_lethal_swordsman_slide04.png\" alt=\"\" \/>\r\n                        <\/li>\r\n                    <\/ul>\r\n                    <div class=\"sec_charainfoarea flex\">\r\n                        <div class=\"sec_gif\"><img loading=\"lazy\" decoding=\"async\" src=\"https:\/\/guide.fire-emblem-heroes.com\/wp-content\/uploads\/lif_lethal_swordsman.png\" alt=\"\" width=\"210\" height=\"190\"\/><\/div>\r\n                        <div class=\"sec_charainfo\">\r\n                            <p id=\"CHARA_189_002\" class=\"sec_characate sec_characate--mythic_heroes\">Mythische Helden<\/p>\r\n                            <p id=\"CHARA_189_003\" class=\"sec_charanick\">T\u00f6dliche Klinge<\/p>\r\n                            <p id=\"CHARA_189_004\" class=\"sec_charaname\">L\u00edf<\/p>\r\n                            <p id=\"CHARA_189_005\" class=\"sec_charaappearancetxt\">Erscheint in<\/p>\r\n                            <p id=\"CHARA_189_006\" class=\"sec_charaappearancetxt\">Fire Emblem Heores<\/p>\r\n                        <\/div>\r\n                    <\/div>\r\n                <\/section>\r\n            <\/article>\r\n            <article>\r\n                <section class=\"sec sec_characterarea\">\r\n                    <div class=\"sec_h2chara\">\r\n                        <p id=\"CHARA_189_007\" class=\"sec_h2charattl\">Sharena stellt vor!<\/p>\r\n                        <h2 id=\"CHARA_189_008\" class=\"sec_h2charatxt\">T\u00f6dliche Klinge L\u00edf<\/h2>\r\n                    <\/div>\r\n                    <dl class=\"sec_dl flex\">\r\n                        <dt id=\"CHARA_189_009\" class=\"sec_dt\">Die Armee von Hel drang in Askr ein und st\u00fcrzte das K\u00f6nigreich in Todesangst. An der Spitze des Ansturms, den W\u00e4chtern von Askr trotzend, stand L\u00edf, ein General aus Hel!<\/dt>\r\n                        <dd class=\"sec_dd\">\r\n                            <a href=\"https:\/\/guide.fire-emblem-heroes.com\/wp-content\/uploads\/lif_lethal_swordsman_pop01.png\" class=\"popup-image\">\r\n                                <img decoding=\"async\" src=\"https:\/\/guide.fire-emblem-heroes.com\/wp-content\/uploads\/lif_lethal_swordsman_info01.png\" alt=\"\" \/>\r\n                            <\/a>\r\n                        <\/dd>\r\n                        <dt id=\"CHARA_189_010\" class=\"sec_dt\">Mit S\u00f6kkvabekkr, dem Schwert des Zerfalls, riss L\u00edf die Lebenden in die Welt der Toten, ohne dass sein Gesichtsausdruck sich je ver\u00e4nderte. Doch warum tat er solch schreckliche Dinge?<\/dt>\r\n                        <dd class=\"sec_dd\">\r\n                            <a href=\"https:\/\/guide.fire-emblem-heroes.com\/wp-content\/uploads\/lif_lethal_swordsman_pop02.png\" class=\"popup-image\">\r\n                                <img decoding=\"async\" src=\"https:\/\/guide.fire-emblem-heroes.com\/wp-content\/uploads\/lif_lethal_swordsman_info02.png\" alt=\"\" \/>\r\n                            <\/a>\r\n                        <\/dd>\r\n                        <dt id=\"CHARA_189_011\" class=\"sec_dt\">Er scheint irgendeine Verbindung zu Askr zu haben. Tats\u00e4chlich war der Name unseres allerersten K\u00f6nigs auch L\u00edf \u2013 der, der mit dem Segen des G\u00f6tterdrachen Askr unser K\u00f6nigreich gr\u00fcndete\u2026<\/dt>\r\n                        <dd class=\"sec_dd\">\r\n                            <a href=\"https:\/\/guide.fire-emblem-heroes.com\/wp-content\/uploads\/lif_lethal_swordsman_pop03.png\" class=\"popup-image\">\r\n                                <img decoding=\"async\" src=\"https:\/\/guide.fire-emblem-heroes.com\/wp-content\/uploads\/lif_lethal_swordsman_info03.png\" alt=\"\" \/>\r\n                            <\/a>\r\n                        <\/dd>\r\n                        <dt id=\"CHARA_189_012\" class=\"sec_dt\">Sein Gesicht ist fast komplett von seiner Maske verdeckt, aber irgendwas an ihm kommt mir bekannt vor. Wenn ich nur endlich dahinterkommen w\u00fcrde, was sein eigentliches Ziel ist!<\/dt>\r\n                        <dd class=\"sec_dd\">\r\n                            <a href=\"https:\/\/guide.fire-emblem-heroes.com\/wp-content\/uploads\/lif_lethal_swordsman_pop04.png\" class=\"popup-image\">\r\n                                <img decoding=\"async\" src=\"https:\/\/guide.fire-emblem-heroes.com\/wp-content\/uploads\/lif_lethal_swordsman_info04.png\" alt=\"\" \/>\r\n                            <\/a>\r\n                        <\/dd>\r\n                    <\/dl>\r\n                    <h3 id=\"CHARA_189_013\" class=\"sec_h3charatxt\">Beziehungen<\/h3>\r\n                    <h4 id=\"CHARA_189_014\" class=\"sec_h4charatxt\">Hel<\/h4>\r\n                    <p id=\"CHARA_189_015\" class=\"sec_charatxt\">Herrin von Hel, dem Reich der Toten. Sie gewinnt an Kraft, je mehr Tote sich in ihren Reihen befinden. Ihr Ziel ist es, alle Lebenden in ihr Reich zu zerren.<\/p>\r\n                    <h4 id=\"CHARA_189_016\" class=\"sec_h4charatxt\">Thrasir<\/h4>\r\n                    <p id=\"CHARA_189_017\" class=\"sec_charatxt\">Generalin des Reichs der Toten. Auf Befehl ihrer Herrin setzt diese Hexe ihre Kr\u00e4fte ein, um die Armee der Toten wachsen zu lassen. Sie tr\u00e4gt denselben Namen wie die erste Kaiserin von Embla und steht zusammen mit L\u00edf an der Spitze des Heers von Hel.<\/p>\r\n                    <h4 id=\"CHARA_189_018\" class=\"sec_h4charatxt\">Eir<\/h4>\r\n                    <p id=\"CHARA_189_019\" class=\"sec_charatxt\">Prinzessin von Hel, des Reichs der Toten. Hel, die Herrin der Totenwelt, ist ihre Mutter. Eir liebt sie sehr, auch wenn Hels zunehmende Grausamkeit gegen\u00fcber den Lebenden sie beunruhigt. Nichtsdestotrotz schlie\u00dft sie sich L\u00edfs Angriff auf Askr an.<\/p>\r\n                <\/section>\r\n            <\/article>\r\n        <\/main>","protected":false},"excerpt":{"rendered":"Mythische Helden T\u00f6dliche Klinge L\u00edf Erscheint in Fire Emblem Heores Sharena stellt vor! T\u00f6dliche Klinge L\u00edf Die Armee von Hel drang in Askr ein und st\u00fcrzte das K\u00f6nigreich in Todesangst. An der Spitze des Ansturms, den W\u00e4chtern von Askr trotzend, stand L\u00edf, ein General aus Hel! Mit S\u00f6kkvabekkr, dem Schwert des Zerfalls, riss L\u00edf die [&hellip;]","protected":false},"author":1,"featured_media":15764,"comment_status":"closed","ping_status":"closed","sticky":false,"template":"","format":"standard","meta":{"advanced_seo_description":"","jetpack_seo_html_title":"","jetpack_seo_noindex":false,"_jetpack_newsletter_access":"","_jetpack_dont_email_post_to_subs":false,"_jetpack_newsletter_tier_id":0,"_jetpack_memberships_contains_paywalled_content":false,"_locale":"de_DE","_original_post":"15605","_jetpack_memberships_contains_paid_content":false,"footnotes":"","jetpack_publicize_message":"","jetpack_publicize_feature_enabled":true,"jetpack_social_post_already_shared":true,"jetpack_social_options":{"image_generator_settings":{"template":"highway","default_image_id":0,"font":"","enabled":false},"version":2},"_wpas_customize_per_network":false,"jetpack_post_was_ever_published":false},"categories":[1384,1423,1385,1390],"tags":[1399],"class_list":["post-15608","post","type-post","status-publish","format-standard","has-post-thumbnail","hentry","category-character","category-ex_works_heroes","category-mythic_heroes","category-stay_heroes","tag-mythische-helden","de-DE"],"jetpack_publicize_connections":[],"jetpack_featured_media_url":"https:\/\/guide.fire-emblem-heroes.com\/wp-content\/uploads\/lif_lethal_swordsman.png","jetpack_sharing_enabled":false,"jetpack_shortlink":"https:\/\/wp.me\/pa0Mj3-43K","jetpack_likes_enabled":false,"amp_enabled":true,"_links":{"self":[{"href":"https:\/\/guide.fire-emblem-heroes.com\/wp-json\/wp\/v2\/posts\/15608","targetHints":{"allow":["GET"]}}],"collection":[{"href":"https:\/\/guide.fire-emblem-heroes.com\/wp-json\/wp\/v2\/posts"}],"about":[{"href":"https:\/\/guide.fire-emblem-heroes.com\/wp-json\/wp\/v2\/types\/post"}],"author":[{"embeddable":true,"href":"https:\/\/guide.fire-emblem-heroes.com\/wp-json\/wp\/v2\/users\/1"}],"replies":[{"embeddable":true,"href":"https:\/\/guide.fire-emblem-heroes.com\/wp-json\/wp\/v2\/comments?post=15608"}],"version-history":[{"count":1,"href":"https:\/\/guide.fire-emblem-heroes.com\/wp-json\/wp\/v2\/posts\/15608\/revisions"}],"predecessor-version":[{"id":15620,"href":"https:\/\/guide.fire-emblem-heroes.com\/wp-json\/wp\/v2\/posts\/15608\/revisions\/15620"}],"wp:featuredmedia":[{"embeddable":true,"href":"https:\/\/guide.fire-emblem-heroes.com\/wp-json\/wp\/v2\/media\/15764"}],"wp:attachment":[{"href":"https:\/\/guide.fire-emblem-heroes.com\/wp-json\/wp\/v2\/media?parent=15608"}],"wp:term":[{"taxonomy":"category","embeddable":true,"href":"https:\/\/guide.fire-emblem-heroes.com\/wp-json\/wp\/v2\/categories?post=15608"},{"taxonomy":"post_tag","embeddable":true,"href":"https:\/\/guide.fire-emblem-heroes.com\/wp-json\/wp\/v2\/tags?post=15608"}],"curies":[{"name":"wp","href":"https:\/\/api.w.org\/{rel}","templated":true}]}}