






{"id":18409,"date":"2020-05-18T11:04:18","date_gmt":"2020-05-18T02:04:18","guid":{"rendered":"https:\/\/guide.fire-emblem-heroes.com\/?p=18409"},"modified":"2020-06-19T16:04:46","modified_gmt":"2020-06-19T07:04:46","slug":"09007002000523-2","status":"publish","type":"post","link":"https:\/\/guide.fire-emblem-heroes.com\/de\/09007002000523-2\/","title":{"rendered":"<span class=\"character_nick\">Gesegnete Fl\u00fcgel<\/span><span class=\"character_name\">Rafiel<\/span>"},"content":{"rendered":"<main id=\"CHARA_250\" class=\"main_page character\">\r\n            <article>\r\n                <section class=\"sec sec_character\">\r\n                    <ul class=\"sec_ul sec_ul--character slick-box\">\r\n                        <li class=\"sec_li sec_li--character\">\r\n                            <img decoding=\"async\" src=\"https:\/\/guide.fire-emblem-heroes.com\/wp-content\/uploads\/raphael_blessed_wings_slide01.png\" alt=\"\" \/>\r\n                        <\/li>\r\n                        <li class=\"sec_li sec_li--character\">\r\n                            <img decoding=\"async\" src=\"https:\/\/guide.fire-emblem-heroes.com\/wp-content\/uploads\/raphael_blessed_wings_slide02.png\" alt=\"\" \/>\r\n                        <\/li>\r\n                        <li class=\"sec_li sec_li--character\">\r\n                            <img decoding=\"async\" src=\"https:\/\/guide.fire-emblem-heroes.com\/wp-content\/uploads\/raphael_blessed_wings_slide03.png\" alt=\"\" \/>\r\n                        <\/li>\r\n                        <li class=\"sec_li sec_li--character\">\r\n                            <img decoding=\"async\" src=\"https:\/\/guide.fire-emblem-heroes.com\/wp-content\/uploads\/raphael_blessed_wings_slide04.png\" alt=\"\" \/>\r\n                        <\/li>\r\n                    <\/ul>\r\n                    <div class=\"sec_charainfoarea flex\">\r\n                        <div class=\"sec_gif\"><img loading=\"lazy\" decoding=\"async\" src=\"https:\/\/guide.fire-emblem-heroes.com\/wp-content\/uploads\/raphael_blessed_wings.png\" alt=\"\" width=\"210\" height=\"190\"\/><\/div>\r\n                        <div class=\"sec_charainfo\">\r\n                            <p id=\"CHARA_250_002\" class=\"sec_characate sec_characate--special_heroes\">Spezialhelden<\/p>\r\n                            <p id=\"CHARA_250_003\" class=\"sec_charanick\">Gesegnete Fl\u00fcgel<\/p>\r\n                            <p id=\"CHARA_250_004\" class=\"sec_charaname\">Rafiel<\/p>\r\n                            <p id=\"CHARA_250_005\" class=\"sec_charaappearancetxt\">Erscheint in<\/p>\r\n                            <p id=\"CHARA_250_006\" class=\"sec_charaappearancetxt\">Fire Emblem: Radiant Dawn<\/p>\r\n                        <\/div>\r\n                    <\/div>\r\n                <\/section>\r\n            <\/article>\r\n            <article>\r\n                <section class=\"sec sec_characterarea\">\r\n                    <div class=\"sec_h2chara\">\r\n                        <p id=\"CHARA_250_007\" class=\"sec_h2charattl\">Sharena stellt vor!<\/p>\r\n                        <h2 id=\"CHARA_250_008\" class=\"sec_h2charatxt\">Gesegnete Fl\u00fcgel Rafiel<\/h2>\r\n                    <\/div>\r\n                    <dl class=\"sec_dl flex\">\r\n                        <dt id=\"CHARA_250_009\" class=\"sec_dt\">Rafiel, der erste Prinz des zerst\u00f6rten K\u00f6nigsreichs Serenes, beehrt uns heute in seinem Br\u00e4utigamsanzug! Er war schon immer umwerfend sch\u00f6n, aber diesmal ist er eleganter als je zuvor!<\/dt>\r\n                        <dd class=\"sec_dd\">\r\n                            <a href=\"https:\/\/guide.fire-emblem-heroes.com\/wp-content\/uploads\/raphael_blessed_wings_pop01.png\" class=\"popup-image\">\r\n                                <img decoding=\"async\" src=\"https:\/\/guide.fire-emblem-heroes.com\/wp-content\/uploads\/raphael_blessed_wings_info01.png\" alt=\"\" \/>\r\n                            <\/a>\r\n                        <\/dd>\r\n                        <dt id=\"CHARA_250_010\" class=\"sec_dt\">Seine Roben sind in Wei\u00df gehalten, so, wie es in Serenes Tradition ist; der obere Bereich ist aber nach Igona-Art gestaltet \u2013 zu Ehren des Heimatlandes seiner Partnerin Nailah.<\/dt>\r\n                        <dd class=\"sec_dd\">\r\n                            <a href=\"https:\/\/guide.fire-emblem-heroes.com\/wp-content\/uploads\/raphael_blessed_wings_pop02.png\" class=\"popup-image\">\r\n                                <img decoding=\"async\" src=\"https:\/\/guide.fire-emblem-heroes.com\/wp-content\/uploads\/raphael_blessed_wings_info02.png\" alt=\"\" \/>\r\n                            <\/a>\r\n                        <\/dd>\r\n                        <dt id=\"CHARA_250_011\" class=\"sec_dt\">Die Blumen, die er tr\u00e4gt, sind \u00fcbrigens eine einzigartige Sorte, die nur in der W\u00fcste um Igona herum bl\u00fchen. Sind sie nicht sch\u00f6n?<\/dt>\r\n                        <dd class=\"sec_dd\">\r\n                            <a href=\"https:\/\/guide.fire-emblem-heroes.com\/wp-content\/uploads\/raphael_blessed_wings_pop03.png\" class=\"popup-image\">\r\n                                <img decoding=\"async\" src=\"https:\/\/guide.fire-emblem-heroes.com\/wp-content\/uploads\/raphael_blessed_wings_info03.png\" alt=\"\" \/>\r\n                            <\/a>\r\n                        <\/dd>\r\n                        <dt id=\"CHARA_250_012\" class=\"sec_dt\">Rafiel und Nailah sind ohnehin schon schwer verliebt, aber wenn sie ihn in diesem Outfit sieht, wird sie sich bestimmt noch mal von neuem in ihn verlieben. Ich hoffe, dass sie f\u00fcr immer zusammenbleiben und gl\u00fccklich sind!<\/dt>\r\n                        <dd class=\"sec_dd\">\r\n                            <a href=\"https:\/\/guide.fire-emblem-heroes.com\/wp-content\/uploads\/raphael_blessed_wings_pop04.png\" class=\"popup-image\">\r\n                                <img decoding=\"async\" src=\"https:\/\/guide.fire-emblem-heroes.com\/wp-content\/uploads\/raphael_blessed_wings_info04.png\" alt=\"\" \/>\r\n                            <\/a>\r\n                        <\/dd>\r\n                    <\/dl>\r\n                    <h3 id=\"CHARA_250_013\" class=\"sec_h3charatxt\">Beziehungen<\/h3>\r\n                    <h4 id=\"CHARA_250_014\" class=\"sec_h4charatxt\">Nailah<\/h4>\r\n                    <p id=\"CHARA_250_015\" class=\"sec_charatxt\">Die K\u00f6nigin von Igona, einer W\u00fcstennation, von der fast nur in Legenden berichtet wird. Ihre Augenklappe verbirgt einen b\u00f6sen Blick. Rafiels Partnerin.<\/p>\r\n                    <h4 id=\"CHARA_250_016\" class=\"sec_h4charatxt\">Reyson<\/h4>\r\n                    <p id=\"CHARA_250_017\" class=\"sec_charatxt\">Prinz von Serenes, ein Laguz aus dem fr\u00fcheren K\u00f6nigreich der Reiher. Der Bruder von Leanne und Rafiel. Er ist fragil, aber willensstark.<\/p>\r\n                    <h4 id=\"CHARA_250_018\" class=\"sec_h4charatxt\">Leanne<\/h4>\r\n                    <p id=\"CHARA_250_019\" class=\"sec_charatxt\">Prinzessin von Serenes. Rafiels und Reysons j\u00fcngere Schwester. Sie spricht die Alte Sprache und beherrscht die Sprache von Tellius noch nicht.<\/p>\r\n                <\/section>\r\n            <\/article>\r\n        <\/main>","protected":false},"excerpt":{"rendered":"Spezialhelden Gesegnete Fl\u00fcgel Rafiel Erscheint in Fire Emblem: Radiant Dawn Sharena stellt vor! Gesegnete Fl\u00fcgel Rafiel Rafiel, der erste Prinz des zerst\u00f6rten K\u00f6nigsreichs Serenes, beehrt uns heute in seinem Br\u00e4utigamsanzug! Er war schon immer umwerfend sch\u00f6n, aber diesmal ist er eleganter als je zuvor! Seine Roben sind in Wei\u00df gehalten, so, wie es in Serenes [&hellip;]","protected":false},"author":1,"featured_media":18538,"comment_status":"closed","ping_status":"closed","sticky":false,"template":"","format":"standard","meta":{"advanced_seo_description":"","jetpack_seo_html_title":"","jetpack_seo_noindex":false,"_jetpack_newsletter_access":"","_jetpack_dont_email_post_to_subs":false,"_jetpack_newsletter_tier_id":0,"_jetpack_memberships_contains_paywalled_content":false,"_locale":"de_DE","_original_post":"https:\/\/guide.fire-emblem-heroes.com\/?p=18406","_jetpack_memberships_contains_paid_content":false,"footnotes":"","jetpack_publicize_message":"","jetpack_publicize_feature_enabled":true,"jetpack_social_post_already_shared":true,"jetpack_social_options":{"image_generator_settings":{"template":"highway","default_image_id":0,"font":"","enabled":false},"version":2},"_wpas_customize_per_network":false,"jetpack_post_was_ever_published":false},"categories":[1384,1405,1390,1430],"tags":[1407],"class_list":["post-18409","post","type-post","status-publish","format-standard","has-post-thumbnail","hentry","category-character","category-special_heroes","category-stay_heroes","category-ex_works_radiant_dawn","tag-spezialhelden","de-DE"],"jetpack_publicize_connections":[],"jetpack_featured_media_url":"https:\/\/guide.fire-emblem-heroes.com\/wp-content\/uploads\/raphael_blessed_wings.png","jetpack_sharing_enabled":false,"jetpack_shortlink":"https:\/\/wp.me\/pa0Mj3-4MV","jetpack_likes_enabled":false,"amp_enabled":true,"_links":{"self":[{"href":"https:\/\/guide.fire-emblem-heroes.com\/wp-json\/wp\/v2\/posts\/18409","targetHints":{"allow":["GET"]}}],"collection":[{"href":"https:\/\/guide.fire-emblem-heroes.com\/wp-json\/wp\/v2\/posts"}],"about":[{"href":"https:\/\/guide.fire-emblem-heroes.com\/wp-json\/wp\/v2\/types\/post"}],"author":[{"embeddable":true,"href":"https:\/\/guide.fire-emblem-heroes.com\/wp-json\/wp\/v2\/users\/1"}],"replies":[{"embeddable":true,"href":"https:\/\/guide.fire-emblem-heroes.com\/wp-json\/wp\/v2\/comments?post=18409"}],"version-history":[{"count":1,"href":"https:\/\/guide.fire-emblem-heroes.com\/wp-json\/wp\/v2\/posts\/18409\/revisions"}],"predecessor-version":[{"id":18418,"href":"https:\/\/guide.fire-emblem-heroes.com\/wp-json\/wp\/v2\/posts\/18409\/revisions\/18418"}],"wp:featuredmedia":[{"embeddable":true,"href":"https:\/\/guide.fire-emblem-heroes.com\/wp-json\/wp\/v2\/media\/18538"}],"wp:attachment":[{"href":"https:\/\/guide.fire-emblem-heroes.com\/wp-json\/wp\/v2\/media?parent=18409"}],"wp:term":[{"taxonomy":"category","embeddable":true,"href":"https:\/\/guide.fire-emblem-heroes.com\/wp-json\/wp\/v2\/categories?post=18409"},{"taxonomy":"post_tag","embeddable":true,"href":"https:\/\/guide.fire-emblem-heroes.com\/wp-json\/wp\/v2\/tags?post=18409"}],"curies":[{"name":"wp","href":"https:\/\/api.w.org\/{rel}","templated":true}]}}