






{"id":20653,"date":"2020-08-28T12:58:24","date_gmt":"2020-08-28T03:58:24","guid":{"rendered":"https:\/\/guide.fire-emblem-heroes.com\/?p=20653"},"modified":"2020-08-31T13:25:24","modified_gmt":"2020-08-31T04:25:24","slug":"02002005000152-2","status":"publish","type":"post","link":"https:\/\/guide.fire-emblem-heroes.com\/de\/02002005000152-2\/","title":{"rendered":"<span class=\"character_nick\">Rastlose Klinge<\/span><span class=\"character_name\">Saber<\/span>"},"content":{"rendered":"<main id=\"CHARA_306\" class=\"main_page character\">\r\n            <article>\r\n                <section class=\"sec sec_character\">\r\n                    <ul class=\"sec_ul sec_ul--character slick-box\">\r\n                        <li class=\"sec_li sec_li--character\">\r\n                            <img decoding=\"async\" src=\"https:\/\/guide.fire-emblem-heroes.com\/wp-content\/uploads\/savor_driven_mercenary_slide01.png\" alt=\"\" \/>\r\n                        <\/li>\r\n                        <li class=\"sec_li sec_li--character\">\r\n                            <img decoding=\"async\" src=\"https:\/\/guide.fire-emblem-heroes.com\/wp-content\/uploads\/savor_driven_mercenary_slide02.png\" alt=\"\" \/>\r\n                        <\/li>\r\n                        <li class=\"sec_li sec_li--character\">\r\n                            <img decoding=\"async\" src=\"https:\/\/guide.fire-emblem-heroes.com\/wp-content\/uploads\/savor_driven_mercenary_slide03.png\" alt=\"\" \/>\r\n                        <\/li>\r\n                        <li class=\"sec_li sec_li--character\">\r\n                            <img decoding=\"async\" src=\"https:\/\/guide.fire-emblem-heroes.com\/wp-content\/uploads\/savor_driven_mercenary_slide04.png\" alt=\"\" \/>\r\n                        <\/li>\r\n                    <\/ul>\r\n                    <div class=\"sec_charainfoarea flex\">\r\n                        <div class=\"sec_gif\"><img loading=\"lazy\" decoding=\"async\" src=\"https:\/\/guide.fire-emblem-heroes.com\/wp-content\/uploads\/savor_driven_mercenary.png\" alt=\"\" width=\"210\" height=\"190\"\/><\/div>\r\n                        <div class=\"sec_charainfo\">\r\n                            <p id=\"CHARA_306_002\" class=\"sec_characate sec_characate--heroes\">Helden<\/p>\r\n                            <p id=\"CHARA_306_003\" class=\"sec_charanick\">Rastlose Klinge<\/p>\r\n                            <p id=\"CHARA_306_004\" class=\"sec_charaname\">Saber<\/p>\r\n                            <p id=\"CHARA_306_005\" class=\"sec_charaappearancetxt\">Erscheint in<\/p>\r\n                            <p id=\"CHARA_306_006\" class=\"sec_charaappearancetxt\">Fire Emblem Echoes: Shadows of Valentia<\/p>\r\n                        <\/div>\r\n                    <\/div>\r\n                <\/section>\r\n            <\/article>\r\n            <article>\r\n                <section class=\"sec sec_characterarea\">\r\n                    <div class=\"sec_h2chara\">\r\n                        <p id=\"CHARA_306_007\" class=\"sec_h2charattl\">Sharena stellt vor!<\/p>\r\n                        <h2 id=\"CHARA_306_008\" class=\"sec_h2charatxt\">Rastlose Klinge Saber<\/h2>\r\n                    <\/div>\r\n                    <dl class=\"sec_dl flex\">\r\n                        <dt id=\"CHARA_306_009\" class=\"sec_dt\">Hier haben wir Saber! Er arbeitete als S\u00f6ldner auf Novis, bis er sich der Gruppe von Celica anschloss, die auf dem Weg zum Tempel der Mila war.<\/dt>\r\n                        <dd class=\"sec_dd\">\r\n                            <a href=\"https:\/\/guide.fire-emblem-heroes.com\/wp-content\/uploads\/savor_driven_mercenary_pop01.png\" class=\"popup-image\">\r\n                                <img decoding=\"async\" src=\"https:\/\/guide.fire-emblem-heroes.com\/wp-content\/uploads\/savor_driven_mercenary_info01.png\" alt=\"\" \/>\r\n                            <\/a>\r\n                        <\/dd>\r\n                        <dt id=\"CHARA_306_010\" class=\"sec_dt\">Saber geh\u00f6rte einst der Armee von Rigel an. Er stammte aus b\u00fcrgerlichem Hause, aber sein angeborenes Talent verschaffte ihm mehr und mehr Anerkennung.<\/dt>\r\n                        <dd class=\"sec_dd\">\r\n                            <a href=\"https:\/\/guide.fire-emblem-heroes.com\/wp-content\/uploads\/savor_driven_mercenary_pop02.png\" class=\"popup-image\">\r\n                                <img decoding=\"async\" src=\"https:\/\/guide.fire-emblem-heroes.com\/wp-content\/uploads\/savor_driven_mercenary_info02.png\" alt=\"\" \/>\r\n                            <\/a>\r\n                        <\/dd>\r\n                        <dt id=\"CHARA_306_011\" class=\"sec_dt\">Doch leider setzten ungl\u00fcckliche Umst\u00e4nde seiner Karriere ein Ende, und er war gezwungen, aus dem Kaiserreich zu fliehen. Ich habe jedoch geh\u00f6rt, dass er noch Familie in seiner Heimatstadt hat, darunter wohl auch eine j\u00fcngere Schwester, die Celica sehr \u00e4hnlich sieht.<\/dt>\r\n                        <dd class=\"sec_dd\">\r\n                            <a href=\"https:\/\/guide.fire-emblem-heroes.com\/wp-content\/uploads\/savor_driven_mercenary_pop03.png\" class=\"popup-image\">\r\n                                <img decoding=\"async\" src=\"https:\/\/guide.fire-emblem-heroes.com\/wp-content\/uploads\/savor_driven_mercenary_info03.png\" alt=\"\" \/>\r\n                            <\/a>\r\n                        <\/dd>\r\n                        <dt id=\"CHARA_306_012\" class=\"sec_dt\">Als ehrgeiziger S\u00f6ldner, der viel von der harten Realit\u00e4t der Welt gesehen hatte, war Saber Celica eine gro\u00dfe Hilfe. Ich hoffe, wir k\u00f6nnen hier in Askr ebenfalls mit seiner Unterst\u00fctzung rechnen!<\/dt>\r\n                        <dd class=\"sec_dd\">\r\n                            <a href=\"https:\/\/guide.fire-emblem-heroes.com\/wp-content\/uploads\/savor_driven_mercenary_pop04.png\" class=\"popup-image\">\r\n                                <img decoding=\"async\" src=\"https:\/\/guide.fire-emblem-heroes.com\/wp-content\/uploads\/savor_driven_mercenary_info04.png\" alt=\"\" \/>\r\n                            <\/a>\r\n                        <\/dd>\r\n                    <\/dl>\r\n                    <h3 id=\"CHARA_306_013\" class=\"sec_h3charatxt\">Beziehungen<\/h3>\r\n                    <h4 id=\"CHARA_306_014\" class=\"sec_h4charatxt\">Celica<\/h4>\r\n                    <p id=\"CHARA_306_015\" class=\"sec_charatxt\">Prinzessin von Zofia und Priesterin. Sorgt sich um andere und lehnt Gewalt ab. Tr\u00e4gt das Mal auf ihrer rechten Hand. Sie heuerte Saber an und bot ihm einen goldenen Dolch als Lohn.<\/p>\r\n                <\/section>\r\n            <\/article>\r\n        <\/main>","protected":false},"excerpt":{"rendered":"Helden Rastlose Klinge Saber Erscheint in Fire Emblem Echoes: Shadows of Valentia Sharena stellt vor! Rastlose Klinge Saber Hier haben wir Saber! Er arbeitete als S\u00f6ldner auf Novis, bis er sich der Gruppe von Celica anschloss, die auf dem Weg zum Tempel der Mila war. Saber geh\u00f6rte einst der Armee von Rigel an. Er stammte [&hellip;]","protected":false},"author":1,"featured_media":20769,"comment_status":"closed","ping_status":"closed","sticky":false,"template":"","format":"standard","meta":{"advanced_seo_description":"","jetpack_seo_html_title":"","jetpack_seo_noindex":false,"_jetpack_newsletter_access":"","_jetpack_dont_email_post_to_subs":false,"_jetpack_newsletter_tier_id":0,"_jetpack_memberships_contains_paywalled_content":false,"_locale":"de_DE","_original_post":"https:\/\/guide.fire-emblem-heroes.com\/?p=20649","_jetpack_memberships_contains_paid_content":false,"footnotes":"","jetpack_publicize_message":"","jetpack_publicize_feature_enabled":true,"jetpack_social_post_already_shared":true,"jetpack_social_options":{"image_generator_settings":{"template":"highway","default_image_id":0,"font":"","enabled":false},"version":2},"_wpas_customize_per_network":false,"jetpack_post_was_ever_published":false},"categories":[1384,1425,1415,1390],"tags":[1417],"class_list":["post-20653","post","type-post","status-publish","format-standard","has-post-thumbnail","hentry","category-character","category-ex_works_shadows_of_valentia","category-heroes","category-stay_heroes","tag-helden","de-DE"],"jetpack_publicize_connections":[],"jetpack_featured_media_url":"https:\/\/guide.fire-emblem-heroes.com\/wp-content\/uploads\/savor_driven_mercenary.png","jetpack_sharing_enabled":false,"jetpack_shortlink":"https:\/\/wp.me\/pa0Mj3-5n7","jetpack_likes_enabled":false,"amp_enabled":true,"_links":{"self":[{"href":"https:\/\/guide.fire-emblem-heroes.com\/wp-json\/wp\/v2\/posts\/20653","targetHints":{"allow":["GET"]}}],"collection":[{"href":"https:\/\/guide.fire-emblem-heroes.com\/wp-json\/wp\/v2\/posts"}],"about":[{"href":"https:\/\/guide.fire-emblem-heroes.com\/wp-json\/wp\/v2\/types\/post"}],"author":[{"embeddable":true,"href":"https:\/\/guide.fire-emblem-heroes.com\/wp-json\/wp\/v2\/users\/1"}],"replies":[{"embeddable":true,"href":"https:\/\/guide.fire-emblem-heroes.com\/wp-json\/wp\/v2\/comments?post=20653"}],"version-history":[{"count":1,"href":"https:\/\/guide.fire-emblem-heroes.com\/wp-json\/wp\/v2\/posts\/20653\/revisions"}],"predecessor-version":[{"id":20670,"href":"https:\/\/guide.fire-emblem-heroes.com\/wp-json\/wp\/v2\/posts\/20653\/revisions\/20670"}],"wp:featuredmedia":[{"embeddable":true,"href":"https:\/\/guide.fire-emblem-heroes.com\/wp-json\/wp\/v2\/media\/20769"}],"wp:attachment":[{"href":"https:\/\/guide.fire-emblem-heroes.com\/wp-json\/wp\/v2\/media?parent=20653"}],"wp:term":[{"taxonomy":"category","embeddable":true,"href":"https:\/\/guide.fire-emblem-heroes.com\/wp-json\/wp\/v2\/categories?post=20653"},{"taxonomy":"post_tag","embeddable":true,"href":"https:\/\/guide.fire-emblem-heroes.com\/wp-json\/wp\/v2\/tags?post=20653"}],"curies":[{"name":"wp","href":"https:\/\/api.w.org\/{rel}","templated":true}]}}