






{"id":22325,"date":"2020-11-13T13:18:09","date_gmt":"2020-11-13T04:18:09","guid":{"rendered":"https:\/\/guide.fire-emblem-heroes.com\/?p=22325"},"modified":"2020-12-07T16:19:17","modified_gmt":"2020-12-07T07:19:17","slug":"05009004000589-2","status":"publish","type":"post","link":"https:\/\/guide.fire-emblem-heroes.com\/de\/05009004000589-2\/","title":{"rendered":"<span class=\"character_nick\">Versehrter Tiger<\/span><span class=\"character_name\">Dieck<\/span>"},"content":{"rendered":"<main id=\"CHARA_347\" class=\"main_page character\">\r\n            <article>\r\n                <section class=\"sec sec_character\">\r\n                    <ul class=\"sec_ul sec_ul--character slick-box\">\r\n                        <li class=\"sec_li sec_li--character\">\r\n                            <img decoding=\"async\" src=\"https:\/\/guide.fire-emblem-heroes.com\/wp-content\/uploads\/deak_wounded_tiger_slide01.png\" alt=\"\" \/>\r\n                        <\/li>\r\n                        <li class=\"sec_li sec_li--character\">\r\n                            <img decoding=\"async\" src=\"https:\/\/guide.fire-emblem-heroes.com\/wp-content\/uploads\/deak_wounded_tiger_slide02.png\" alt=\"\" \/>\r\n                        <\/li>\r\n                        <li class=\"sec_li sec_li--character\">\r\n                            <img decoding=\"async\" src=\"https:\/\/guide.fire-emblem-heroes.com\/wp-content\/uploads\/deak_wounded_tiger_slide03.png\" alt=\"\" \/>\r\n                        <\/li>\r\n                        <li class=\"sec_li sec_li--character\">\r\n                            <img decoding=\"async\" src=\"https:\/\/guide.fire-emblem-heroes.com\/wp-content\/uploads\/deak_wounded_tiger_slide04.png\" alt=\"\" \/>\r\n                        <\/li>\r\n                    <\/ul>\r\n                    <div class=\"sec_charainfoarea flex\">\r\n                        <div class=\"sec_gif\"><img loading=\"lazy\" decoding=\"async\" src=\"https:\/\/guide.fire-emblem-heroes.com\/wp-content\/uploads\/deak_wounded_tiger.png\" alt=\"\" width=\"210\" height=\"190\"\/><\/div>\r\n                        <div class=\"sec_charainfo\">\r\n                            <p id=\"CHARA_347_002\" class=\"sec_characate sec_characate--heroes\">Helden<\/p>\r\n                            <p id=\"CHARA_347_003\" class=\"sec_charanick\">Versehrter Tiger<\/p>\r\n                            <p id=\"CHARA_347_004\" class=\"sec_charaname\">Dieck<\/p>\r\n                            <p id=\"CHARA_347_005\" class=\"sec_charaappearancetxt\">Erscheint in<\/p>\r\n                            <p id=\"CHARA_347_006\" class=\"sec_charaappearancetxt\">Fire Emblem: The Binding Blade<\/p>\r\n                        <\/div>\r\n                    <\/div>\r\n                <\/section>\r\n            <\/article>\r\n            <article>\r\n                <section class=\"sec sec_characterarea\">\r\n                    <div class=\"sec_h2chara\">\r\n                        <p id=\"CHARA_347_007\" class=\"sec_h2charattl\">Sharena stellt vor!<\/p>\r\n                        <h2 id=\"CHARA_347_008\" class=\"sec_h2charatxt\">Versehrter Tiger Dieck<\/h2>\r\n                    <\/div>\r\n                    <dl class=\"sec_dl flex\">\r\n                        <dt id=\"CHARA_347_009\" class=\"sec_dt\">Dieck ist der Anf\u00fchrer einer S\u00f6ldnergruppe auf dem Kontinent Elibe. Er ist ein kampferprobter Mann, der schon eine ganze Reihe harter Schlachten \u00fcberlebt hat.<\/dt>\r\n                        <dd class=\"sec_dd\">\r\n                            <a href=\"https:\/\/guide.fire-emblem-heroes.com\/wp-content\/uploads\/deak_wounded_tiger_pop01.png\" class=\"popup-image\">\r\n                                <img decoding=\"async\" src=\"https:\/\/guide.fire-emblem-heroes.com\/wp-content\/uploads\/deak_wounded_tiger_info01.png\" alt=\"\" \/>\r\n                            <\/a>\r\n                        <\/dd>\r\n                        <dt id=\"CHARA_347_010\" class=\"sec_dt\">In seiner Jugend k\u00e4mpfte Dieck zun\u00e4chst als Gladiator in der Arena. Nachdem er Klein aus dem Hause Reglay das Leben gerettet hatte, fand er sich im Dienste der Familie Reglay wieder.<\/dt>\r\n                        <dd class=\"sec_dd\">\r\n                            <a href=\"https:\/\/guide.fire-emblem-heroes.com\/wp-content\/uploads\/deak_wounded_tiger_pop02.png\" class=\"popup-image\">\r\n                                <img decoding=\"async\" src=\"https:\/\/guide.fire-emblem-heroes.com\/wp-content\/uploads\/deak_wounded_tiger_info02.png\" alt=\"\" \/>\r\n                            <\/a>\r\n                        <\/dd>\r\n                        <dt id=\"CHARA_347_011\" class=\"sec_dt\">Bald jedoch verdingte Dieck sich als S\u00f6ldner und wurde schlie\u00dflich Anf\u00fchrer einer eigenen Gruppe. In dieser Zeit begann er, Roy vom Bund von Lycia zu unterst\u00fctzten.<\/dt>\r\n                        <dd class=\"sec_dd\">\r\n                            <a href=\"https:\/\/guide.fire-emblem-heroes.com\/wp-content\/uploads\/deak_wounded_tiger_pop03.png\" class=\"popup-image\">\r\n                                <img decoding=\"async\" src=\"https:\/\/guide.fire-emblem-heroes.com\/wp-content\/uploads\/deak_wounded_tiger_info03.png\" alt=\"\" \/>\r\n                            <\/a>\r\n                        <\/dd>\r\n                        <dt id=\"CHARA_347_012\" class=\"sec_dt\">Birans Streitkr\u00e4fte stellten einen wahrlich furchterregender Gegner f\u00fcr die lycianische Armee dar&#8230; Aber der stolze S\u00f6ldner Dieck bot ihnen unerschrocken die Stirn!<\/dt>\r\n                        <dd class=\"sec_dd\">\r\n                            <a href=\"https:\/\/guide.fire-emblem-heroes.com\/wp-content\/uploads\/deak_wounded_tiger_pop04.png\" class=\"popup-image\">\r\n                                <img decoding=\"async\" src=\"https:\/\/guide.fire-emblem-heroes.com\/wp-content\/uploads\/deak_wounded_tiger_info04.png\" alt=\"\" \/>\r\n                            <\/a>\r\n                        <\/dd>\r\n                    <\/dl>\r\n                    <h3 id=\"CHARA_347_013\" class=\"sec_h3charatxt\">Beziehungen<\/h3>\r\n                    <h4 id=\"CHARA_347_014\" class=\"sec_h4charatxt\">Klein<\/h4>\r\n                    <p id=\"CHARA_347_015\" class=\"sec_charatxt\">Ein junger General von Etruria. Clarines Bruder. Sieht in jedem ein ebenb\u00fcrtiges Gegen\u00fcber. Dieck rettete ihm das Leben, als er noch ein Kind war.<\/p>\r\n                    <h4 id=\"CHARA_347_016\" class=\"sec_h4charatxt\">Shanna<\/h4>\r\n                    <p id=\"CHARA_347_017\" class=\"sec_charatxt\">Eine Pegasusritterin in Ausbildung aus Ilia. Fr\u00f6hlich und optimistisch. Sie k\u00e4mpft unter Diecks Kommando.<\/p>\r\n                    <h4 id=\"CHARA_347_018\" class=\"sec_h4charatxt\">Rutger<\/h4>\r\n                    <p id=\"CHARA_347_019\" class=\"sec_charatxt\">Ein Schwertk\u00e4mpfer aus Bulgar, einer Handelsstadt in Sacae. Er schwor Rache an Biran, nachdem Biran in Bulgar eingefallen war und ihn als einzigen \u00dcberlebenden zur\u00fcckgelassen hatte. Ein Rivale und Freund von Dieck.<\/p>\r\n                <\/section>\r\n            <\/article>\r\n        <\/main>","protected":false},"excerpt":{"rendered":"Helden Versehrter Tiger Dieck Erscheint in Fire Emblem: The Binding Blade Sharena stellt vor! Versehrter Tiger Dieck Dieck ist der Anf\u00fchrer einer S\u00f6ldnergruppe auf dem Kontinent Elibe. Er ist ein kampferprobter Mann, der schon eine ganze Reihe harter Schlachten \u00fcberlebt hat. In seiner Jugend k\u00e4mpfte Dieck zun\u00e4chst als Gladiator in der Arena. Nachdem er Klein [&hellip;]","protected":false},"author":1,"featured_media":22400,"comment_status":"closed","ping_status":"closed","sticky":false,"template":"","format":"standard","meta":{"advanced_seo_description":"","jetpack_seo_html_title":"","jetpack_seo_noindex":false,"_jetpack_newsletter_access":"","_jetpack_dont_email_post_to_subs":false,"_jetpack_newsletter_tier_id":0,"_jetpack_memberships_contains_paywalled_content":false,"_locale":"de_DE","_original_post":"https:\/\/guide.fire-emblem-heroes.com\/?p=22323","_jetpack_memberships_contains_paid_content":false,"footnotes":"","jetpack_publicize_message":"","jetpack_publicize_feature_enabled":true,"jetpack_social_post_already_shared":true,"jetpack_social_options":{"image_generator_settings":{"template":"highway","default_image_id":0,"font":"","enabled":false},"version":2},"_wpas_customize_per_network":false,"jetpack_post_was_ever_published":false},"categories":[1384,1415,1426,1390],"tags":[1417],"class_list":["post-22325","post","type-post","status-publish","format-standard","has-post-thumbnail","hentry","category-character","category-heroes","category-ex_works_the_binding_blade","category-stay_heroes","tag-helden","de-DE"],"jetpack_publicize_connections":[],"jetpack_featured_media_url":"https:\/\/guide.fire-emblem-heroes.com\/wp-content\/uploads\/deak_wounded_tiger.png","jetpack_sharing_enabled":false,"jetpack_shortlink":"https:\/\/wp.me\/pa0Mj3-5O5","jetpack_likes_enabled":false,"amp_enabled":false,"_links":{"self":[{"href":"https:\/\/guide.fire-emblem-heroes.com\/wp-json\/wp\/v2\/posts\/22325","targetHints":{"allow":["GET"]}}],"collection":[{"href":"https:\/\/guide.fire-emblem-heroes.com\/wp-json\/wp\/v2\/posts"}],"about":[{"href":"https:\/\/guide.fire-emblem-heroes.com\/wp-json\/wp\/v2\/types\/post"}],"author":[{"embeddable":true,"href":"https:\/\/guide.fire-emblem-heroes.com\/wp-json\/wp\/v2\/users\/1"}],"replies":[{"embeddable":true,"href":"https:\/\/guide.fire-emblem-heroes.com\/wp-json\/wp\/v2\/comments?post=22325"}],"version-history":[{"count":1,"href":"https:\/\/guide.fire-emblem-heroes.com\/wp-json\/wp\/v2\/posts\/22325\/revisions"}],"predecessor-version":[{"id":22335,"href":"https:\/\/guide.fire-emblem-heroes.com\/wp-json\/wp\/v2\/posts\/22325\/revisions\/22335"}],"wp:featuredmedia":[{"embeddable":true,"href":"https:\/\/guide.fire-emblem-heroes.com\/wp-json\/wp\/v2\/media\/22400"}],"wp:attachment":[{"href":"https:\/\/guide.fire-emblem-heroes.com\/wp-json\/wp\/v2\/media?parent=22325"}],"wp:term":[{"taxonomy":"category","embeddable":true,"href":"https:\/\/guide.fire-emblem-heroes.com\/wp-json\/wp\/v2\/categories?post=22325"},{"taxonomy":"post_tag","embeddable":true,"href":"https:\/\/guide.fire-emblem-heroes.com\/wp-json\/wp\/v2\/tags?post=22325"}],"curies":[{"name":"wp","href":"https:\/\/api.w.org\/{rel}","templated":true}]}}