






{"id":23649,"date":"2021-01-06T11:09:30","date_gmt":"2021-01-06T02:09:30","guid":{"rendered":"https:\/\/guide.fire-emblem-heroes.com\/?p=23649"},"modified":"2021-01-18T16:14:47","modified_gmt":"2021-01-18T07:14:47","slug":"04040001000615-2","status":"publish","type":"post","link":"https:\/\/guide.fire-emblem-heroes.com\/de\/04040001000615-2\/","title":{"rendered":"<span class=\"character_nick\">Manfroys Fels<\/span><span class=\"character_name\">Veld<\/span>"},"content":{"rendered":"<main id=\"CHARA_383\" class=\"main_page character\">\r\n            <article>\r\n                <section class=\"sec sec_character\">\r\n                    <ul class=\"sec_ul sec_ul--character slick-box\">\r\n                        <li class=\"sec_li sec_li--character\">\r\n                            <img decoding=\"async\" src=\"https:\/\/guide.fire-emblem-heroes.com\/wp-content\/uploads\/veld_manfroys_rock_slide01.png\" alt=\"\" \/>\r\n                        <\/li>\r\n                        <li class=\"sec_li sec_li--character\">\r\n                            <img decoding=\"async\" src=\"https:\/\/guide.fire-emblem-heroes.com\/wp-content\/uploads\/veld_manfroys_rock_slide02.png\" alt=\"\" \/>\r\n                        <\/li>\r\n                        <li class=\"sec_li sec_li--character\">\r\n                            <img decoding=\"async\" src=\"https:\/\/guide.fire-emblem-heroes.com\/wp-content\/uploads\/veld_manfroys_rock_slide03.png\" alt=\"\" \/>\r\n                        <\/li>\r\n                        <li class=\"sec_li sec_li--character\">\r\n                            <img decoding=\"async\" src=\"https:\/\/guide.fire-emblem-heroes.com\/wp-content\/uploads\/veld_manfroys_rock_slide04.png\" alt=\"\" \/>\r\n                        <\/li>\r\n                    <\/ul>\r\n                    <div class=\"sec_charainfoarea flex\">\r\n                        <div class=\"sec_gif\"><img loading=\"lazy\" decoding=\"async\" src=\"https:\/\/guide.fire-emblem-heroes.com\/wp-content\/uploads\/veld_manfroys_rock.png\" alt=\"\" width=\"210\" height=\"190\"\/><\/div>\r\n                        <div class=\"sec_charainfo\">\r\n                            <p id=\"CHARA_383_002\" class=\"sec_characate sec_characate--heroes\">Helden<\/p>\r\n                            <p id=\"CHARA_383_003\" class=\"sec_charanick\">Manfroys Fels<\/p>\r\n                            <p id=\"CHARA_383_004\" class=\"sec_charaname\">Veld<\/p>\r\n                            <p id=\"CHARA_383_005\" class=\"sec_charaappearancetxt\">Erscheint in<\/p>\r\n                            <p id=\"CHARA_383_006\" class=\"sec_charaappearancetxt\">Fire Emblem: Thracia 776<\/p>\r\n                        <\/div>\r\n                    <\/div>\r\n                <\/section>\r\n            <\/article>\r\n            <article>\r\n                <section class=\"sec sec_characterarea\">\r\n                    <div class=\"sec_h2chara\">\r\n                        <p id=\"CHARA_383_007\" class=\"sec_h2charattl\">Sharena stellt vor!<\/p>\r\n                        <h2 id=\"CHARA_383_008\" class=\"sec_h2charatxt\">Manfroys Fels Veld<\/h2>\r\n                    <\/div>\r\n                    <dl class=\"sec_dl flex\">\r\n                        <dt id=\"CHARA_383_009\" class=\"sec_dt\">Veld ist ein hochrangiger Diener der Kirche von Loptr. Er ist ein gerissener Mann, der den Norden Thracias aus den Schatten heraus kontrolliert, und au\u00dferdem ein ziemlich talentierter Dunkelmagier!<\/dt>\r\n                        <dd class=\"sec_dd\">\r\n                            <a href=\"https:\/\/guide.fire-emblem-heroes.com\/wp-content\/uploads\/veld_manfroys_rock_pop01.png\" class=\"popup-image\">\r\n                                <img decoding=\"async\" src=\"https:\/\/guide.fire-emblem-heroes.com\/wp-content\/uploads\/veld_manfroys_rock_info01.png\" alt=\"\" \/>\r\n                            <\/a>\r\n                        <\/dd>\r\n                        <dt id=\"CHARA_383_010\" class=\"sec_dt\">Es war Veld, der den Krieg in Thracia begann, auch wenn es Manfroy, der Erzbischof der Kirche war, der die Befehle gab. Ein Land Thracias nach dem anderen fiel Velds Intrigen zum Opfer.<\/dt>\r\n                        <dd class=\"sec_dd\">\r\n                            <a href=\"https:\/\/guide.fire-emblem-heroes.com\/wp-content\/uploads\/veld_manfroys_rock_pop02.png\" class=\"popup-image\">\r\n                                <img decoding=\"async\" src=\"https:\/\/guide.fire-emblem-heroes.com\/wp-content\/uploads\/veld_manfroys_rock_info02.png\" alt=\"\" \/>\r\n                            <\/a>\r\n                        <\/dd>\r\n                        <dt id=\"CHARA_383_011\" class=\"sec_dt\">Als das Imperium Grannvale die Kontrolle \u00fcber den Norden Thracias an sich gerissen hatte, manipulierte Veld Raydrik von Munster und brachte ihn dazu, den Einfluss der Kirche von Loptr weiter zu st\u00e4rken.<\/dt>\r\n                        <dd class=\"sec_dd\">\r\n                            <a href=\"https:\/\/guide.fire-emblem-heroes.com\/wp-content\/uploads\/veld_manfroys_rock_pop03.png\" class=\"popup-image\">\r\n                                <img decoding=\"async\" src=\"https:\/\/guide.fire-emblem-heroes.com\/wp-content\/uploads\/veld_manfroys_rock_info03.png\" alt=\"\" \/>\r\n                            <\/a>\r\n                        <\/dd>\r\n                        <dt id=\"CHARA_383_012\" class=\"sec_dt\">Veld ist ein gerissenes Schlitzohr, der aus dem Schatten heraus intrigiert und manipuliert, und er kann selbst die st\u00e4rksten Helden in die Knie zwingen. In gewisser Weise w\u00fcrde ihn das sicher zu einem vorteilhaften Verb\u00fcndeten machen, aber ein bisschen gruselig ist die ganze Geschichte schon, wenn du mich fragst!<\/dt>\r\n                        <dd class=\"sec_dd\">\r\n                            <a href=\"https:\/\/guide.fire-emblem-heroes.com\/wp-content\/uploads\/veld_manfroys_rock_pop04.png\" class=\"popup-image\">\r\n                                <img decoding=\"async\" src=\"https:\/\/guide.fire-emblem-heroes.com\/wp-content\/uploads\/veld_manfroys_rock_info04.png\" alt=\"\" \/>\r\n                            <\/a>\r\n                        <\/dd>\r\n                    <\/dl>\r\n                    <h3 id=\"CHARA_383_013\" class=\"sec_h3charatxt\">Beziehungen<\/h3>\r\n                    <h4 id=\"CHARA_383_014\" class=\"sec_h4charatxt\">Leif<\/h4>\r\n                    <p id=\"CHARA_383_015\" class=\"sec_charatxt\">Quans Sohn. Er hielt sich in Fiana versteckt, lehnte sich nach einem Angriff imperialer Streitkr\u00e4fte jedoch auf. Seine Eltern verloren dank Velds Intrigen ihr Leben.<\/p>\r\n                    <h4 id=\"CHARA_383_016\" class=\"sec_h4charatxt\">Eyvel<\/h4>\r\n                    <p id=\"CHARA_383_017\" class=\"sec_charatxt\">Herrin von Fiana und Anf\u00fchrerin der Freiklingen. Sie nahm Leif und seine Kameraden auf, nachdem sie aus Grannvale geflohen waren. Wurde von Veld zu Stein verwandelt.<\/p>\r\n                <\/section>\r\n            <\/article>\r\n        <\/main>","protected":false},"excerpt":{"rendered":"Helden Manfroys Fels Veld Erscheint in Fire Emblem: Thracia 776 Sharena stellt vor! Manfroys Fels Veld Veld ist ein hochrangiger Diener der Kirche von Loptr. Er ist ein gerissener Mann, der den Norden Thracias aus den Schatten heraus kontrolliert, und au\u00dferdem ein ziemlich talentierter Dunkelmagier! Es war Veld, der den Krieg in Thracia begann, auch [&hellip;]","protected":false},"author":1,"featured_media":23742,"comment_status":"closed","ping_status":"closed","sticky":false,"template":"","format":"standard","meta":{"advanced_seo_description":"","jetpack_seo_html_title":"","jetpack_seo_noindex":false,"_jetpack_newsletter_access":"","_jetpack_dont_email_post_to_subs":false,"_jetpack_newsletter_tier_id":0,"_jetpack_memberships_contains_paywalled_content":false,"_locale":"de_DE","_original_post":"https:\/\/guide.fire-emblem-heroes.com\/?p=23646","_jetpack_memberships_contains_paid_content":false,"footnotes":"","jetpack_publicize_message":"","jetpack_publicize_feature_enabled":true,"jetpack_social_post_already_shared":true,"jetpack_social_options":{"image_generator_settings":{"template":"highway","default_image_id":0,"font":"","enabled":false},"version":2},"_wpas_customize_per_network":false,"jetpack_post_was_ever_published":false},"categories":[1384,1438,1415,1390],"tags":[1417],"class_list":["post-23649","post","type-post","status-publish","format-standard","has-post-thumbnail","hentry","category-character","category-ex_works_thracia_776","category-heroes","category-stay_heroes","tag-helden","de-DE"],"jetpack_publicize_connections":[],"jetpack_featured_media_url":"https:\/\/guide.fire-emblem-heroes.com\/wp-content\/uploads\/veld_manfroys_rock.png","jetpack_sharing_enabled":false,"jetpack_shortlink":"https:\/\/wp.me\/pa0Mj3-69r","jetpack_likes_enabled":false,"amp_enabled":false,"_links":{"self":[{"href":"https:\/\/guide.fire-emblem-heroes.com\/wp-json\/wp\/v2\/posts\/23649","targetHints":{"allow":["GET"]}}],"collection":[{"href":"https:\/\/guide.fire-emblem-heroes.com\/wp-json\/wp\/v2\/posts"}],"about":[{"href":"https:\/\/guide.fire-emblem-heroes.com\/wp-json\/wp\/v2\/types\/post"}],"author":[{"embeddable":true,"href":"https:\/\/guide.fire-emblem-heroes.com\/wp-json\/wp\/v2\/users\/1"}],"replies":[{"embeddable":true,"href":"https:\/\/guide.fire-emblem-heroes.com\/wp-json\/wp\/v2\/comments?post=23649"}],"version-history":[{"count":1,"href":"https:\/\/guide.fire-emblem-heroes.com\/wp-json\/wp\/v2\/posts\/23649\/revisions"}],"predecessor-version":[{"id":23662,"href":"https:\/\/guide.fire-emblem-heroes.com\/wp-json\/wp\/v2\/posts\/23649\/revisions\/23662"}],"wp:featuredmedia":[{"embeddable":true,"href":"https:\/\/guide.fire-emblem-heroes.com\/wp-json\/wp\/v2\/media\/23742"}],"wp:attachment":[{"href":"https:\/\/guide.fire-emblem-heroes.com\/wp-json\/wp\/v2\/media?parent=23649"}],"wp:term":[{"taxonomy":"category","embeddable":true,"href":"https:\/\/guide.fire-emblem-heroes.com\/wp-json\/wp\/v2\/categories?post=23649"},{"taxonomy":"post_tag","embeddable":true,"href":"https:\/\/guide.fire-emblem-heroes.com\/wp-json\/wp\/v2\/tags?post=23649"}],"curies":[{"name":"wp","href":"https:\/\/api.w.org\/{rel}","templated":true}]}}