






{"id":25671,"date":"2021-04-16T11:38:08","date_gmt":"2021-04-16T02:38:08","guid":{"rendered":"https:\/\/guide.fire-emblem-heroes.com\/?p=25671"},"modified":"2021-05-19T17:53:36","modified_gmt":"2021-05-19T08:53:36","slug":"07001001000649-2","status":"publish","type":"post","link":"https:\/\/guide.fire-emblem-heroes.com\/de\/07001001000649-2\/","title":{"rendered":"<span class=\"character_nick\">Licht von Renais<\/span><span class=\"character_name\">Eirika<\/span>"},"content":{"rendered":"<main id=\"CHARA_432\" class=\"main_page character\">\r\n            <article>\r\n                <section class=\"sec sec_character\">\r\n                    <ul class=\"sec_ul sec_ul--character slick-box\">\r\n                        <li class=\"sec_li sec_li--character\">\r\n                            <img decoding=\"async\" src=\"https:\/\/guide.fire-emblem-heroes.com\/wp-content\/uploads\/eirik_twin_refulgence_slide01.png\" alt=\"\" \/>\r\n                        <\/li>\r\n                        <li class=\"sec_li sec_li--character\">\r\n                            <img decoding=\"async\" src=\"https:\/\/guide.fire-emblem-heroes.com\/wp-content\/uploads\/eirik_twin_refulgence_slide02.png\" alt=\"\" \/>\r\n                        <\/li>\r\n                        <li class=\"sec_li sec_li--character\">\r\n                            <img decoding=\"async\" src=\"https:\/\/guide.fire-emblem-heroes.com\/wp-content\/uploads\/eirik_twin_refulgence_slide03.png\" alt=\"\" \/>\r\n                        <\/li>\r\n                        <li class=\"sec_li sec_li--character\">\r\n                            <img decoding=\"async\" src=\"https:\/\/guide.fire-emblem-heroes.com\/wp-content\/uploads\/eirik_twin_refulgence_slide04.png\" alt=\"\" \/>\r\n                        <\/li>\r\n                    <\/ul>\r\n                    <div class=\"sec_charainfoarea flex\">\r\n                        <div class=\"sec_gif\"><img loading=\"lazy\" decoding=\"async\" src=\"https:\/\/guide.fire-emblem-heroes.com\/wp-content\/uploads\/eirik_twin_refulgence.png\" alt=\"\" width=\"210\" height=\"190\"\/><\/div>\r\n                        <div class=\"sec_charainfo\">\r\n                            <p id=\"CHARA_432_002\" class=\"sec_characate sec_characate--duo_hero\">Heldenduos<\/p>\r\n                            <p id=\"CHARA_432_003\" class=\"sec_charanick\">Licht von Renais<\/p>\r\n                            <p id=\"CHARA_432_004\" class=\"sec_charaname\">Eirika<\/p>\r\n                            <p id=\"CHARA_432_005\" class=\"sec_charaappearancetxt\">Erscheint in<\/p>\r\n                            <p id=\"CHARA_432_006\" class=\"sec_charaappearancetxt\">Fire Emblem: The Sacred Stones<\/p>\r\n                        <\/div>\r\n                    <\/div>\r\n                <\/section>\r\n            <\/article>\r\n            <article>\r\n                <section class=\"sec sec_characterarea\">\r\n                    <div class=\"sec_h2chara\">\r\n                        <p id=\"CHARA_432_007\" class=\"sec_h2charattl\">Sharena stellt vor!<\/p>\r\n                        <h2 id=\"CHARA_432_008\" class=\"sec_h2charatxt\">Licht von Renais Eirika<\/h2>\r\n                    <\/div>\r\n                    <dl class=\"sec_dl flex\">\r\n                        <dt id=\"CHARA_432_009\" class=\"sec_dt\">Das ist Eirika, die Prinzessin von Renais! Dieses Mal wurde sie aus ihren Kindheitstagen nach Askr gerufen &#8211; und sie hat ihren Bruder Ephraim mitgebracht!<\/dt>\r\n                        <dd class=\"sec_dd\">\r\n                            <a href=\"https:\/\/guide.fire-emblem-heroes.com\/wp-content\/uploads\/eirik_twin_refulgence_pop01.png\" class=\"popup-image\">\r\n                                <img decoding=\"async\" src=\"https:\/\/guide.fire-emblem-heroes.com\/wp-content\/uploads\/eirik_twin_refulgence_info01.png\" alt=\"\" \/>\r\n                            <\/a>\r\n                        <\/dd>\r\n                        <dt id=\"CHARA_432_010\" class=\"sec_dt\">Eirika hat ein g\u00fctiges Herz und ist immer bereit, ihr eigenes Wohl aufs Spiel zu setzen, um andere zu sch\u00fctzen. Ger\u00fcchten zufolge soll sie in diesem Alter hier oft geweint haben, weil Ephraim sie unbedingt besch\u00fctzen wollte und dabei unweigerlich selbst verletzt wurde.<\/dt>\r\n                        <dd class=\"sec_dd\">\r\n                            <a href=\"https:\/\/guide.fire-emblem-heroes.com\/wp-content\/uploads\/eirik_twin_refulgence_pop02.png\" class=\"popup-image\">\r\n                                <img decoding=\"async\" src=\"https:\/\/guide.fire-emblem-heroes.com\/wp-content\/uploads\/eirik_twin_refulgence_info02.png\" alt=\"\" \/>\r\n                            <\/a>\r\n                        <\/dd>\r\n                        <dt id=\"CHARA_432_011\" class=\"sec_dt\">Ephraim wurde sp\u00e4ter von Duenell aus Grado unterrichtet, der ihm den Umgang mit der Lanze beibrachte&#8230; Aber hier scheint er noch ein Rapier zu benutzen.<\/dt>\r\n                        <dd class=\"sec_dd\">\r\n                            <a href=\"https:\/\/guide.fire-emblem-heroes.com\/wp-content\/uploads\/eirik_twin_refulgence_pop03.png\" class=\"popup-image\">\r\n                                <img decoding=\"async\" src=\"https:\/\/guide.fire-emblem-heroes.com\/wp-content\/uploads\/eirik_twin_refulgence_info03.png\" alt=\"\" \/>\r\n                            <\/a>\r\n                        <\/dd>\r\n                        <dt id=\"CHARA_432_012\" class=\"sec_dt\">Die beiden sind Zwillinge, haben aber komplett unterschiedliche Pers\u00f6nlichkeiten. Eirika ist eine sanfte und edle Prinzessin und Ephraim eher ein unerschrockener K\u00e4mpfer. Trotzdem sind beide auf ihre Art f\u00fcreinander da, und ihre Verbundenheit ist heute kein St\u00fcck weniger innig als in diesen Kindheitstagen!<\/dt>\r\n                        <dd class=\"sec_dd\">\r\n                            <a href=\"https:\/\/guide.fire-emblem-heroes.com\/wp-content\/uploads\/eirik_twin_refulgence_pop04.png\" class=\"popup-image\">\r\n                                <img decoding=\"async\" src=\"https:\/\/guide.fire-emblem-heroes.com\/wp-content\/uploads\/eirik_twin_refulgence_info04.png\" alt=\"\" \/>\r\n                            <\/a>\r\n                        <\/dd>\r\n                    <\/dl>\r\n                    <h3 id=\"CHARA_432_013\" class=\"sec_h3charatxt\">Beziehungen<\/h3>\r\n                    <h4 id=\"CHARA_432_014\" class=\"sec_h4charatxt\">Duenell<\/h4>\r\n                    <p id=\"CHARA_432_015\" class=\"sec_charatxt\">Einer von Grados \u00e4ltesten Gener\u00e4len. Man kennt ihn als den Obsidian, einen der Imperialen Drei. Er unterrichtete Ephraim im Umgang mit der Lanze, als dieser sich auf einer Studienreise in Grado aufhielt.<\/p>\r\n                    <h4 id=\"CHARA_432_016\" class=\"sec_h4charatxt\">Innes<\/h4>\r\n                    <p id=\"CHARA_432_017\" class=\"sec_charatxt\">Der Prinz von Frelia und Tanas Bruder. Er ist dreist und arrogant, hat aber das Herz am rechten Fleck. Er ist seit Kindheitstagen mit Eirika und Ephraim befreundet.<\/p>\r\n                    <h4 id=\"CHARA_432_018\" class=\"sec_h4charatxt\">Tana<\/h4>\r\n                    <p id=\"CHARA_432_019\" class=\"sec_charatxt\">Die Prinzessin von Frelia und Innes&#8216; Schwester. Etwas naiv, daf\u00fcr aber fr\u00f6hlich und gesellig. Sie ist seit Kindheitstagen mit Eirika und Ephraim befreundet.<\/p>\r\n                <\/section>\r\n            <\/article>\r\n        <\/main>","protected":false},"excerpt":{"rendered":"Heldenduos Licht von Renais Eirika Erscheint in Fire Emblem: The Sacred Stones Sharena stellt vor! Licht von Renais Eirika Das ist Eirika, die Prinzessin von Renais! Dieses Mal wurde sie aus ihren Kindheitstagen nach Askr gerufen &#8211; und sie hat ihren Bruder Ephraim mitgebracht! Eirika hat ein g\u00fctiges Herz und ist immer bereit, ihr eigenes [&hellip;]","protected":false},"author":1,"featured_media":25727,"comment_status":"closed","ping_status":"closed","sticky":false,"template":"","format":"standard","meta":{"advanced_seo_description":"","jetpack_seo_html_title":"","jetpack_seo_noindex":false,"_jetpack_newsletter_access":"","_jetpack_dont_email_post_to_subs":false,"_jetpack_newsletter_tier_id":0,"_jetpack_memberships_contains_paywalled_content":false,"_locale":"de_DE","_original_post":"https:\/\/guide.fire-emblem-heroes.com\/?p=25668","_jetpack_memberships_contains_paid_content":false,"footnotes":"","jetpack_publicize_message":"","jetpack_publicize_feature_enabled":true,"jetpack_social_post_already_shared":true,"jetpack_social_options":{"image_generator_settings":{"template":"highway","default_image_id":0,"font":"","enabled":false},"version":2},"_wpas_customize_per_network":false,"jetpack_post_was_ever_published":false},"categories":[1384,1428,1390,1440],"tags":[1442],"class_list":["post-25671","post","type-post","status-publish","format-standard","has-post-thumbnail","hentry","category-character","category-ex_works_the_sacred_stones","category-stay_heroes","category-duo_heroes","tag-heldenduos","de-DE"],"jetpack_publicize_connections":[],"jetpack_featured_media_url":"https:\/\/guide.fire-emblem-heroes.com\/wp-content\/uploads\/eirik_twin_refulgence.png","jetpack_sharing_enabled":false,"jetpack_shortlink":"https:\/\/wp.me\/pa0Mj3-6G3","jetpack_likes_enabled":false,"amp_enabled":false,"_links":{"self":[{"href":"https:\/\/guide.fire-emblem-heroes.com\/wp-json\/wp\/v2\/posts\/25671","targetHints":{"allow":["GET"]}}],"collection":[{"href":"https:\/\/guide.fire-emblem-heroes.com\/wp-json\/wp\/v2\/posts"}],"about":[{"href":"https:\/\/guide.fire-emblem-heroes.com\/wp-json\/wp\/v2\/types\/post"}],"author":[{"embeddable":true,"href":"https:\/\/guide.fire-emblem-heroes.com\/wp-json\/wp\/v2\/users\/1"}],"replies":[{"embeddable":true,"href":"https:\/\/guide.fire-emblem-heroes.com\/wp-json\/wp\/v2\/comments?post=25671"}],"version-history":[{"count":1,"href":"https:\/\/guide.fire-emblem-heroes.com\/wp-json\/wp\/v2\/posts\/25671\/revisions"}],"predecessor-version":[{"id":25682,"href":"https:\/\/guide.fire-emblem-heroes.com\/wp-json\/wp\/v2\/posts\/25671\/revisions\/25682"}],"wp:featuredmedia":[{"embeddable":true,"href":"https:\/\/guide.fire-emblem-heroes.com\/wp-json\/wp\/v2\/media\/25727"}],"wp:attachment":[{"href":"https:\/\/guide.fire-emblem-heroes.com\/wp-json\/wp\/v2\/media?parent=25671"}],"wp:term":[{"taxonomy":"category","embeddable":true,"href":"https:\/\/guide.fire-emblem-heroes.com\/wp-json\/wp\/v2\/categories?post=25671"},{"taxonomy":"post_tag","embeddable":true,"href":"https:\/\/guide.fire-emblem-heroes.com\/wp-json\/wp\/v2\/tags?post=25671"}],"curies":[{"name":"wp","href":"https:\/\/api.w.org\/{rel}","templated":true}]}}