






{"id":26029,"date":"2021-05-06T11:56:42","date_gmt":"2021-05-06T02:56:42","guid":{"rendered":"https:\/\/guide.fire-emblem-heroes.com\/?p=26029"},"modified":"2021-05-31T16:16:55","modified_gmt":"2021-05-31T07:16:55","slug":"12002001000656-2","status":"publish","type":"post","link":"https:\/\/guide.fire-emblem-heroes.com\/de\/12002001000656-2\/","title":{"rendered":"<span class=\"character_nick\">Hegemon-H\u00fclle<\/span><span class=\"character_name\">Edelgard<\/span>"},"content":{"rendered":"<main id=\"CHARA_441\" class=\"main_page character\">\r\n            <article>\r\n                <section class=\"sec sec_character\">\r\n                    <ul class=\"sec_ul sec_ul--character slick-box\">\r\n                        <li class=\"sec_li sec_li--character\">\r\n                            <img decoding=\"async\" src=\"https:\/\/guide.fire-emblem-heroes.com\/wp-content\/uploads\/edelgard_hegemon_husk_slide01.png\" alt=\"\" \/>\r\n                        <\/li>\r\n                        <li class=\"sec_li sec_li--character\">\r\n                            <img decoding=\"async\" src=\"https:\/\/guide.fire-emblem-heroes.com\/wp-content\/uploads\/edelgard_hegemon_husk_slide02.png\" alt=\"\" \/>\r\n                        <\/li>\r\n                        <li class=\"sec_li sec_li--character\">\r\n                            <img decoding=\"async\" src=\"https:\/\/guide.fire-emblem-heroes.com\/wp-content\/uploads\/edelgard_hegemon_husk_slide03.png\" alt=\"\" \/>\r\n                        <\/li>\r\n                        <li class=\"sec_li sec_li--character\">\r\n                            <img decoding=\"async\" src=\"https:\/\/guide.fire-emblem-heroes.com\/wp-content\/uploads\/edelgard_hegemon_husk_slide04.png\" alt=\"\" \/>\r\n                        <\/li>\r\n                    <\/ul>\r\n                    <div class=\"sec_charainfoarea flex\">\r\n                        <div class=\"sec_gif\"><img loading=\"lazy\" decoding=\"async\" src=\"https:\/\/guide.fire-emblem-heroes.com\/wp-content\/uploads\/edelgard_hegemon_husk.png\" alt=\"\" width=\"210\" height=\"190\"\/><\/div>\r\n                        <div class=\"sec_charainfo\">\r\n                            <p id=\"CHARA_441_002\" class=\"sec_characate sec_characate--heroes\">Helden<\/p>\r\n                            <p id=\"CHARA_441_003\" class=\"sec_charanick\">Hegemon-H\u00fclle<\/p>\r\n                            <p id=\"CHARA_441_004\" class=\"sec_charaname\">Edelgard<\/p>\r\n                            <p id=\"CHARA_441_005\" class=\"sec_charaappearancetxt\">Erscheint in<\/p>\r\n                            <p id=\"CHARA_441_006\" class=\"sec_charaappearancetxt\">Fire Emblem: Three Houses<\/p>\r\n                        <\/div>\r\n                    <\/div>\r\n                <\/section>\r\n            <\/article>\r\n            <article>\r\n                <section class=\"sec sec_characterarea\">\r\n                    <div class=\"sec_h2chara\">\r\n                        <p id=\"CHARA_441_007\" class=\"sec_h2charattl\">Sharena stellt vor!<\/p>\r\n                        <h2 id=\"CHARA_441_008\" class=\"sec_h2charatxt\">Hegemon-H\u00fclle Edelgard<\/h2>\r\n                    <\/div>\r\n                    <dl class=\"sec_dl flex\">\r\n                        <dt id=\"CHARA_441_009\" class=\"sec_dt\">Huch, das ist ja Edelgard! Ich habe sie erst gar nicht erkannt! Na gut, vermutlich werden die meisten Leute es schwer haben, sie so zu erkennen!<\/dt>\r\n                        <dd class=\"sec_dd\">\r\n                            <a href=\"https:\/\/guide.fire-emblem-heroes.com\/wp-content\/uploads\/edelgard_hegemon_husk_pop01.png\" class=\"popup-image\">\r\n                                <img decoding=\"async\" src=\"https:\/\/guide.fire-emblem-heroes.com\/wp-content\/uploads\/edelgard_hegemon_husk_info01.png\" alt=\"\" \/>\r\n                            <\/a>\r\n                        <\/dd>\r\n                        <dt id=\"CHARA_441_010\" class=\"sec_dt\">Nachdem sie den Thron des Kaiserreichs Adrestia bestiegen hatte, setzte Edelgard zur Eroberung von F\u00f3dlan an. Das Kaiserreich verf\u00fcgte \u00fcber ein m\u00e4chtiges Heer, und doch fand es sich gefangen in erbitterten Schlachten mit seinen Rivalen wieder.<\/dt>\r\n                        <dd class=\"sec_dd\">\r\n                            <a href=\"https:\/\/guide.fire-emblem-heroes.com\/wp-content\/uploads\/edelgard_hegemon_husk_pop02.png\" class=\"popup-image\">\r\n                                <img decoding=\"async\" src=\"https:\/\/guide.fire-emblem-heroes.com\/wp-content\/uploads\/edelgard_hegemon_husk_info02.png\" alt=\"\" \/>\r\n                            <\/a>\r\n                        <\/dd>\r\n                        <dt id=\"CHARA_441_011\" class=\"sec_dt\">In einer bestimmten, entscheidenden Schlacht versuchte Edelgard, noch gr\u00f6\u00dfere Macht zu erlangen, um ihre Gegner zu besiegen. Und so kam es, dass sie nun so aussieht\u2026<\/dt>\r\n                        <dd class=\"sec_dd\">\r\n                            <a href=\"https:\/\/guide.fire-emblem-heroes.com\/wp-content\/uploads\/edelgard_hegemon_husk_pop03.png\" class=\"popup-image\">\r\n                                <img decoding=\"async\" src=\"https:\/\/guide.fire-emblem-heroes.com\/wp-content\/uploads\/edelgard_hegemon_husk_info03.png\" alt=\"\" \/>\r\n                            <\/a>\r\n                        <\/dd>\r\n                        <dt id=\"CHARA_441_012\" class=\"sec_dt\">Es war ihr Begehren, ihre \u00dcberzeugungen durchzusetzen und um jeden Preis zu gewinnen, das dazu f\u00fchrte, dass sie sich auf solch unmenschliche Kr\u00e4fte einlie\u00df. Ich muss sagen, dass ich mir ein wenig Sorgen um Edelgard mache. Da kann man nur hoffen, dass es noch nicht g\u00e4nzlich zu sp\u00e4t f\u00fcr sie ist!<\/dt>\r\n                        <dd class=\"sec_dd\">\r\n                            <a href=\"https:\/\/guide.fire-emblem-heroes.com\/wp-content\/uploads\/edelgard_hegemon_husk_pop04.png\" class=\"popup-image\">\r\n                                <img decoding=\"async\" src=\"https:\/\/guide.fire-emblem-heroes.com\/wp-content\/uploads\/edelgard_hegemon_husk_info04.png\" alt=\"\" \/>\r\n                            <\/a>\r\n                        <\/dd>\r\n                    <\/dl>\r\n                    <h3 id=\"CHARA_441_013\" class=\"sec_h3charatxt\">Beziehungen<\/h3>\r\n                    <h4 id=\"CHARA_441_014\" class=\"sec_h4charatxt\">Dimitri<\/h4>\r\n                    <p id=\"CHARA_441_015\" class=\"sec_charatxt\">K\u00f6nig des Heiligen K\u00f6nigreichs Faerghus und Edelgards Widersacher. Er unterwarf Adrestia und einte F\u00f3dlan unter seiner Herrschaft.<\/p>\r\n                    <h4 id=\"CHARA_441_016\" class=\"sec_h4charatxt\">Hubert<\/h4>\r\n                    <p id=\"CHARA_441_017\" class=\"sec_charatxt\">Minister des kaiserlichen Haushalts und legitimer Sohn des Marquis Vestra. Hat Edelgard absolute Treue geschworen.<\/p>\r\n                <\/section>\r\n            <\/article>\r\n        <\/main>","protected":false},"excerpt":{"rendered":"Helden Hegemon-H\u00fclle Edelgard Erscheint in Fire Emblem: Three Houses Sharena stellt vor! Hegemon-H\u00fclle Edelgard Huch, das ist ja Edelgard! Ich habe sie erst gar nicht erkannt! Na gut, vermutlich werden die meisten Leute es schwer haben, sie so zu erkennen! Nachdem sie den Thron des Kaiserreichs Adrestia bestiegen hatte, setzte Edelgard zur Eroberung von F\u00f3dlan [&hellip;]","protected":false},"author":1,"featured_media":26147,"comment_status":"closed","ping_status":"closed","sticky":false,"template":"","format":"standard","meta":{"advanced_seo_description":"","jetpack_seo_html_title":"","jetpack_seo_noindex":false,"_jetpack_newsletter_access":"","_jetpack_dont_email_post_to_subs":false,"_jetpack_newsletter_tier_id":0,"_jetpack_memberships_contains_paywalled_content":false,"_locale":"de_DE","_original_post":"https:\/\/guide.fire-emblem-heroes.com\/?p=26026","_jetpack_memberships_contains_paid_content":false,"footnotes":"","jetpack_publicize_message":"","jetpack_publicize_feature_enabled":true,"jetpack_social_post_already_shared":true,"jetpack_social_options":{"image_generator_settings":{"template":"highway","default_image_id":0,"font":"","enabled":false},"version":2},"_wpas_customize_per_network":false,"jetpack_post_was_ever_published":false},"categories":[1384,1415,1434,1390],"tags":[1417],"class_list":["post-26029","post","type-post","status-publish","format-standard","has-post-thumbnail","hentry","category-character","category-heroes","category-ex_works_three_houses","category-stay_heroes","tag-helden","de-DE"],"jetpack_publicize_connections":[],"jetpack_featured_media_url":"https:\/\/guide.fire-emblem-heroes.com\/wp-content\/uploads\/edelgard_hegemon_husk.png","jetpack_sharing_enabled":false,"jetpack_shortlink":"https:\/\/wp.me\/pa0Mj3-6LP","jetpack_likes_enabled":false,"amp_enabled":false,"_links":{"self":[{"href":"https:\/\/guide.fire-emblem-heroes.com\/wp-json\/wp\/v2\/posts\/26029","targetHints":{"allow":["GET"]}}],"collection":[{"href":"https:\/\/guide.fire-emblem-heroes.com\/wp-json\/wp\/v2\/posts"}],"about":[{"href":"https:\/\/guide.fire-emblem-heroes.com\/wp-json\/wp\/v2\/types\/post"}],"author":[{"embeddable":true,"href":"https:\/\/guide.fire-emblem-heroes.com\/wp-json\/wp\/v2\/users\/1"}],"replies":[{"embeddable":true,"href":"https:\/\/guide.fire-emblem-heroes.com\/wp-json\/wp\/v2\/comments?post=26029"}],"version-history":[{"count":1,"href":"https:\/\/guide.fire-emblem-heroes.com\/wp-json\/wp\/v2\/posts\/26029\/revisions"}],"predecessor-version":[{"id":26039,"href":"https:\/\/guide.fire-emblem-heroes.com\/wp-json\/wp\/v2\/posts\/26029\/revisions\/26039"}],"wp:featuredmedia":[{"embeddable":true,"href":"https:\/\/guide.fire-emblem-heroes.com\/wp-json\/wp\/v2\/media\/26147"}],"wp:attachment":[{"href":"https:\/\/guide.fire-emblem-heroes.com\/wp-json\/wp\/v2\/media?parent=26029"}],"wp:term":[{"taxonomy":"category","embeddable":true,"href":"https:\/\/guide.fire-emblem-heroes.com\/wp-json\/wp\/v2\/categories?post=26029"},{"taxonomy":"post_tag","embeddable":true,"href":"https:\/\/guide.fire-emblem-heroes.com\/wp-json\/wp\/v2\/tags?post=26029"}],"curies":[{"name":"wp","href":"https:\/\/api.w.org\/{rel}","templated":true}]}}