






{"id":27933,"date":"2021-08-03T12:49:47","date_gmt":"2021-08-03T03:49:47","guid":{"rendered":"https:\/\/guide.fire-emblem-heroes.com\/?p=27933"},"modified":"2021-09-03T16:09:56","modified_gmt":"2021-09-03T07:09:56","slug":"09008001000692-2","status":"publish","type":"post","link":"https:\/\/guide.fire-emblem-heroes.com\/de\/09008001000692-2\/","title":{"rendered":"<span class=\"character_nick\">Meeresschatten<\/span><span class=\"character_name\">Naesala<\/span>"},"content":{"rendered":"<main id=\"CHARA_492\" class=\"main_page character\">\r\n            <article>\r\n                <section class=\"sec sec_character\">\r\n                    <ul class=\"sec_ul sec_ul--character slick-box\">\r\n                        <li class=\"sec_li sec_li--character\">\r\n                            <img decoding=\"async\" src=\"https:\/\/guide.fire-emblem-heroes.com\/wp-content\/uploads\/naesala_seas_shadow_slide01.png\" alt=\"\" \/>\r\n                        <\/li>\r\n                        <li class=\"sec_li sec_li--character\">\r\n                            <img decoding=\"async\" src=\"https:\/\/guide.fire-emblem-heroes.com\/wp-content\/uploads\/naesala_seas_shadow_slide02.png\" alt=\"\" \/>\r\n                        <\/li>\r\n                        <li class=\"sec_li sec_li--character\">\r\n                            <img decoding=\"async\" src=\"https:\/\/guide.fire-emblem-heroes.com\/wp-content\/uploads\/naesala_seas_shadow_slide03.png\" alt=\"\" \/>\r\n                        <\/li>\r\n                        <li class=\"sec_li sec_li--character\">\r\n                            <img decoding=\"async\" src=\"https:\/\/guide.fire-emblem-heroes.com\/wp-content\/uploads\/naesala_seas_shadow_slide04.png\" alt=\"\" \/>\r\n                        <\/li>\r\n                    <\/ul>\r\n                    <div class=\"sec_charainfoarea flex\">\r\n                        <div class=\"sec_gif\"><img loading=\"lazy\" decoding=\"async\" src=\"https:\/\/guide.fire-emblem-heroes.com\/wp-content\/uploads\/naesala_seas_shadow.png\" alt=\"\" width=\"210\" height=\"190\"\/><\/div>\r\n                        <div class=\"sec_charainfo\">\r\n                            <p id=\"CHARA_492_002\" class=\"sec_characate sec_characate--special_heroes\">Spezialhelden<\/p>\r\n                            <p id=\"CHARA_492_003\" class=\"sec_charanick\">Meeresschatten<\/p>\r\n                            <p id=\"CHARA_492_004\" class=\"sec_charaname\">Naesala<\/p>\r\n                            <p id=\"CHARA_492_005\" class=\"sec_charaappearancetxt\">Erscheint in<\/p>\r\n                            <p id=\"CHARA_492_006\" class=\"sec_charaappearancetxt\">Fire Emblem: Radiant Dawn<\/p>\r\n                        <\/div>\r\n                    <\/div>\r\n                <\/section>\r\n            <\/article>\r\n            <article>\r\n                <section class=\"sec sec_characterarea\">\r\n                    <div class=\"sec_h2chara\">\r\n                        <p id=\"CHARA_492_007\" class=\"sec_h2charattl\">Sharena stellt vor!<\/p>\r\n                        <h2 id=\"CHARA_492_008\" class=\"sec_h2charatxt\">Meeresschatten Naesala<\/h2>\r\n                    <\/div>\r\n                    <dl class=\"sec_dl flex\">\r\n                        <dt id=\"CHARA_492_009\" class=\"sec_dt\">Sieh an, sieh an! Hier kommt Naesala, der K\u00f6nig der Raben von Kilvas, und zwar als Pirat verkleidet! Ich muss sagen, der Haudegen-Look steht ihm richtig gut.<\/dt>\r\n                        <dd class=\"sec_dd\">\r\n                            <a href=\"https:\/\/guide.fire-emblem-heroes.com\/wp-content\/uploads\/naesala_seas_shadow_pop01.png\" class=\"popup-image\">\r\n                                <img decoding=\"async\" src=\"https:\/\/guide.fire-emblem-heroes.com\/wp-content\/uploads\/naesala_seas_shadow_info01.png\" alt=\"\" \/>\r\n                            <\/a>\r\n                        <\/dd>\r\n                        <dt id=\"CHARA_492_010\" class=\"sec_dt\">Naesala f\u00fchlt sich ganz offensichtlich pudelwohl in seiner neuen Rolle als Piratenkapit\u00e4n. Die schwarzen Federverzierungen an seinem Kapit\u00e4nshut lassen keinen Zweifel daran, wer hier das Sagen hat!<\/dt>\r\n                        <dd class=\"sec_dd\">\r\n                            <a href=\"https:\/\/guide.fire-emblem-heroes.com\/wp-content\/uploads\/naesala_seas_shadow_pop02.png\" class=\"popup-image\">\r\n                                <img decoding=\"async\" src=\"https:\/\/guide.fire-emblem-heroes.com\/wp-content\/uploads\/naesala_seas_shadow_info02.png\" alt=\"\" \/>\r\n                            <\/a>\r\n                        <\/dd>\r\n                        <dt id=\"CHARA_492_011\" class=\"sec_dt\">Naesala hat den Ruf, schnell zu denken und schnell zu handeln \u2013 und wie ich sehe, hat er bereits irgendwo einen Schatz ergattert! Dieses K\u00e4stchen sieht aus wie ein Schatz. Ich wette, es ist bis zum Rand vollgestopft mit allerlei wertvollen Dingen!<\/dt>\r\n                        <dd class=\"sec_dd\">\r\n                            <a href=\"https:\/\/guide.fire-emblem-heroes.com\/wp-content\/uploads\/naesala_seas_shadow_pop03.png\" class=\"popup-image\">\r\n                                <img decoding=\"async\" src=\"https:\/\/guide.fire-emblem-heroes.com\/wp-content\/uploads\/naesala_seas_shadow_info03.png\" alt=\"\" \/>\r\n                            <\/a>\r\n                        <\/dd>\r\n                        <dt id=\"CHARA_492_012\" class=\"sec_dt\">Doch selbst diese Reicht\u00fcmer sind nicht genug, um den K\u00f6nig der Raben zufriedenzustellen! Und so segelt er zur\u00fcck in die Weiten des Ozeans, um noch gr\u00f6\u00dfere Sch\u00e4tze zu erbeuten!<\/dt>\r\n                        <dd class=\"sec_dd\">\r\n                            <a href=\"https:\/\/guide.fire-emblem-heroes.com\/wp-content\/uploads\/naesala_seas_shadow_pop04.png\" class=\"popup-image\">\r\n                                <img decoding=\"async\" src=\"https:\/\/guide.fire-emblem-heroes.com\/wp-content\/uploads\/naesala_seas_shadow_info04.png\" alt=\"\" \/>\r\n                            <\/a>\r\n                        <\/dd>\r\n                    <\/dl>\r\n                    <h3 id=\"CHARA_492_013\" class=\"sec_h3charatxt\">Beziehungen<\/h3>\r\n                    <h4 id=\"CHARA_492_014\" class=\"sec_h4charatxt\">Tibarn<\/h4>\r\n                    <p id=\"CHARA_492_015\" class=\"sec_charatxt\">K\u00f6nig von Phoenicis, der Nation der Laguz vom Stamm der Falken. Er ist zwar nur zuf\u00e4llig hier gelandet, aber gerade rechtzeitig f\u00fcr das Piratenfest. Er misstraut Naesala.<\/p>\r\n                    <h4 id=\"CHARA_492_016\" class=\"sec_h4charatxt\">Reyson<\/h4>\r\n                    <p id=\"CHARA_492_017\" class=\"sec_charatxt\">Prinz von Serenes, ein Laguz aus dem fr\u00fcheren K\u00f6nigreich der Reiher, und der Bruder von Leanne. Er ist fragil, aber willensstark. Wurde einst dank einer Intrige von Naesala an Oliver, den Herzog von Tanas, versklavt.<\/p>\r\n                    <h4 id=\"CHARA_492_018\" class=\"sec_h4charatxt\">Leanne<\/h4>\r\n                    <p id=\"CHARA_492_019\" class=\"sec_charatxt\">Prinzessin von Serenes und Reysons j\u00fcngere Schwester. Sie spricht die alte Sprache und beherrscht die Sprache von Tellius noch nicht. War in ihrer Kindheit mit Naesala befreundet.<\/p>\r\n                <\/section>\r\n            <\/article>\r\n        <\/main>","protected":false},"excerpt":{"rendered":"Spezialhelden Meeresschatten Naesala Erscheint in Fire Emblem: Radiant Dawn Sharena stellt vor! Meeresschatten Naesala Sieh an, sieh an! Hier kommt Naesala, der K\u00f6nig der Raben von Kilvas, und zwar als Pirat verkleidet! Ich muss sagen, der Haudegen-Look steht ihm richtig gut. Naesala f\u00fchlt sich ganz offensichtlich pudelwohl in seiner neuen Rolle als Piratenkapit\u00e4n. Die schwarzen [&hellip;]","protected":false},"author":1,"featured_media":28037,"comment_status":"closed","ping_status":"closed","sticky":false,"template":"","format":"standard","meta":{"advanced_seo_description":"","jetpack_seo_html_title":"","jetpack_seo_noindex":false,"_jetpack_newsletter_access":"","_jetpack_dont_email_post_to_subs":false,"_jetpack_newsletter_tier_id":0,"_jetpack_memberships_contains_paywalled_content":false,"_locale":"de_DE","_original_post":"https:\/\/guide.fire-emblem-heroes.com\/?p=27930","_jetpack_memberships_contains_paid_content":false,"footnotes":"","jetpack_publicize_message":"","jetpack_publicize_feature_enabled":true,"jetpack_social_post_already_shared":true,"jetpack_social_options":{"image_generator_settings":{"template":"highway","default_image_id":0,"font":"","enabled":false},"version":2},"_wpas_customize_per_network":false,"jetpack_post_was_ever_published":false},"categories":[1384,1405,1390,1430],"tags":[1407],"class_list":["post-27933","post","type-post","status-publish","format-standard","has-post-thumbnail","hentry","category-character","category-special_heroes","category-stay_heroes","category-ex_works_radiant_dawn","tag-spezialhelden","de-DE"],"jetpack_publicize_connections":[],"jetpack_featured_media_url":"https:\/\/guide.fire-emblem-heroes.com\/wp-content\/uploads\/naesala_seas_shadow.png","jetpack_sharing_enabled":false,"jetpack_shortlink":"https:\/\/wp.me\/pa0Mj3-7gx","jetpack_likes_enabled":false,"amp_enabled":false,"_links":{"self":[{"href":"https:\/\/guide.fire-emblem-heroes.com\/wp-json\/wp\/v2\/posts\/27933","targetHints":{"allow":["GET"]}}],"collection":[{"href":"https:\/\/guide.fire-emblem-heroes.com\/wp-json\/wp\/v2\/posts"}],"about":[{"href":"https:\/\/guide.fire-emblem-heroes.com\/wp-json\/wp\/v2\/types\/post"}],"author":[{"embeddable":true,"href":"https:\/\/guide.fire-emblem-heroes.com\/wp-json\/wp\/v2\/users\/1"}],"replies":[{"embeddable":true,"href":"https:\/\/guide.fire-emblem-heroes.com\/wp-json\/wp\/v2\/comments?post=27933"}],"version-history":[{"count":1,"href":"https:\/\/guide.fire-emblem-heroes.com\/wp-json\/wp\/v2\/posts\/27933\/revisions"}],"predecessor-version":[{"id":27942,"href":"https:\/\/guide.fire-emblem-heroes.com\/wp-json\/wp\/v2\/posts\/27933\/revisions\/27942"}],"wp:featuredmedia":[{"embeddable":true,"href":"https:\/\/guide.fire-emblem-heroes.com\/wp-json\/wp\/v2\/media\/28037"}],"wp:attachment":[{"href":"https:\/\/guide.fire-emblem-heroes.com\/wp-json\/wp\/v2\/media?parent=27933"}],"wp:term":[{"taxonomy":"category","embeddable":true,"href":"https:\/\/guide.fire-emblem-heroes.com\/wp-json\/wp\/v2\/categories?post=27933"},{"taxonomy":"post_tag","embeddable":true,"href":"https:\/\/guide.fire-emblem-heroes.com\/wp-json\/wp\/v2\/tags?post=27933"}],"curies":[{"name":"wp","href":"https:\/\/api.w.org\/{rel}","templated":true}]}}