






{"id":27954,"date":"2021-08-03T12:59:05","date_gmt":"2021-08-03T03:59:05","guid":{"rendered":"https:\/\/guide.fire-emblem-heroes.com\/?p=27954"},"modified":"2021-09-03T16:12:37","modified_gmt":"2021-09-03T07:12:37","slug":"09008008000693-2","status":"publish","type":"post","link":"https:\/\/guide.fire-emblem-heroes.com\/de\/09008008000693-2\/","title":{"rendered":"<span class=\"character_nick\">Meeresschwingen<\/span><span class=\"character_name\">Vika<\/span>"},"content":{"rendered":"<main id=\"CHARA_493\" class=\"main_page character\">\r\n            <article>\r\n                <section class=\"sec sec_character\">\r\n                    <ul class=\"sec_ul sec_ul--character slick-box\">\r\n                        <li class=\"sec_li sec_li--character\">\r\n                            <img decoding=\"async\" src=\"https:\/\/guide.fire-emblem-heroes.com\/wp-content\/uploads\/wiese_sea-dark_wing_slide01.png\" alt=\"\" \/>\r\n                        <\/li>\r\n                        <li class=\"sec_li sec_li--character\">\r\n                            <img decoding=\"async\" src=\"https:\/\/guide.fire-emblem-heroes.com\/wp-content\/uploads\/wiese_sea-dark_wing_slide02.png\" alt=\"\" \/>\r\n                        <\/li>\r\n                        <li class=\"sec_li sec_li--character\">\r\n                            <img decoding=\"async\" src=\"https:\/\/guide.fire-emblem-heroes.com\/wp-content\/uploads\/wiese_sea-dark_wing_slide03.png\" alt=\"\" \/>\r\n                        <\/li>\r\n                        <li class=\"sec_li sec_li--character\">\r\n                            <img decoding=\"async\" src=\"https:\/\/guide.fire-emblem-heroes.com\/wp-content\/uploads\/wiese_sea-dark_wing_slide04.png\" alt=\"\" \/>\r\n                        <\/li>\r\n                    <\/ul>\r\n                    <div class=\"sec_charainfoarea flex\">\r\n                        <div class=\"sec_gif\"><img loading=\"lazy\" decoding=\"async\" src=\"https:\/\/guide.fire-emblem-heroes.com\/wp-content\/uploads\/wiese_sea-dark_wing.png\" alt=\"\" width=\"210\" height=\"190\"\/><\/div>\r\n                        <div class=\"sec_charainfo\">\r\n                            <p id=\"CHARA_493_002\" class=\"sec_characate sec_characate--special_heroes\">Spezialhelden<\/p>\r\n                            <p id=\"CHARA_493_003\" class=\"sec_charanick\">Meeresschwingen<\/p>\r\n                            <p id=\"CHARA_493_004\" class=\"sec_charaname\">Vika<\/p>\r\n                            <p id=\"CHARA_493_005\" class=\"sec_charaappearancetxt\">Erscheint in<\/p>\r\n                            <p id=\"CHARA_493_006\" class=\"sec_charaappearancetxt\">Fire Emblem: Radiant Dawn<\/p>\r\n                        <\/div>\r\n                    <\/div>\r\n                <\/section>\r\n            <\/article>\r\n            <article>\r\n                <section class=\"sec sec_characterarea\">\r\n                    <div class=\"sec_h2chara\">\r\n                        <p id=\"CHARA_493_007\" class=\"sec_h2charattl\">Sharena stellt vor!<\/p>\r\n                        <h2 id=\"CHARA_493_008\" class=\"sec_h2charatxt\">Meeresschwingen Vika<\/h2>\r\n                    <\/div>\r\n                    <dl class=\"sec_dl flex\">\r\n                        <dt id=\"CHARA_493_009\" class=\"sec_dt\">Heute stelle ich dir Vika vor, eine K\u00e4mpferin der Liga f\u00fcr die Emanzipation der Laguz! Sie ist eine Laguz vom Stamm der Raben und hat f\u00fcr das Piratenfest den ganzen weiten Weg von Tellius hierher auf sich genommen!<\/dt>\r\n                        <dd class=\"sec_dd\">\r\n                            <a href=\"https:\/\/guide.fire-emblem-heroes.com\/wp-content\/uploads\/wiese_sea-dark_wing_pop01.png\" class=\"popup-image\">\r\n                                <img decoding=\"async\" src=\"https:\/\/guide.fire-emblem-heroes.com\/wp-content\/uploads\/wiese_sea-dark_wing_info01.png\" alt=\"\" \/>\r\n                            <\/a>\r\n                        <\/dd>\r\n                        <dt id=\"CHARA_493_010\" class=\"sec_dt\">Eine Sache, die mir an Vika schon immer aufgefallen ist, ist ihr selbstbewusster Look \u2013 es ist ziemlich klar, dass sie sich nicht allzu sehr um \u00c4u\u00dferlichkeiten schert. Aber die Piratenkleidung steht ihr, als h\u00e4tte sie ihr Leben lang nichts anderes getragen!<\/dt>\r\n                        <dd class=\"sec_dd\">\r\n                            <a href=\"https:\/\/guide.fire-emblem-heroes.com\/wp-content\/uploads\/wiese_sea-dark_wing_pop02.png\" class=\"popup-image\">\r\n                                <img decoding=\"async\" src=\"https:\/\/guide.fire-emblem-heroes.com\/wp-content\/uploads\/wiese_sea-dark_wing_info02.png\" alt=\"\" \/>\r\n                            <\/a>\r\n                        <\/dd>\r\n                        <dt id=\"CHARA_493_011\" class=\"sec_dt\">Wie du sehen kannst, tr\u00e4gt sie ein Fernrohr in der Hand. Vika kann hoch in den Himmel fliegen &#8211; und mit diesem praktischen, kleinen Ding Sch\u00e4tze schon aus meilenweiter Entfernung erkennen.<\/dt>\r\n                        <dd class=\"sec_dd\">\r\n                            <a href=\"https:\/\/guide.fire-emblem-heroes.com\/wp-content\/uploads\/wiese_sea-dark_wing_pop03.png\" class=\"popup-image\">\r\n                                <img decoding=\"async\" src=\"https:\/\/guide.fire-emblem-heroes.com\/wp-content\/uploads\/wiese_sea-dark_wing_info03.png\" alt=\"\" \/>\r\n                            <\/a>\r\n                        <\/dd>\r\n                        <dt id=\"CHARA_493_012\" class=\"sec_dt\">Vika mischt sich nicht oft unter Leute, aber hier bei uns scheint sie sich zu am\u00fcsieren. Den gr\u00f6\u00dften Schatz, den es auf dem Piratenfest zu entdecken gibt, hat sie also bereits gefunden: jede Menge Spa\u00df mit uns allen!<\/dt>\r\n                        <dd class=\"sec_dd\">\r\n                            <a href=\"https:\/\/guide.fire-emblem-heroes.com\/wp-content\/uploads\/wiese_sea-dark_wing_pop04.png\" class=\"popup-image\">\r\n                                <img decoding=\"async\" src=\"https:\/\/guide.fire-emblem-heroes.com\/wp-content\/uploads\/wiese_sea-dark_wing_info04.png\" alt=\"\" \/>\r\n                            <\/a>\r\n                        <\/dd>\r\n                    <\/dl>\r\n                    <h3 id=\"CHARA_493_013\" class=\"sec_h3charatxt\">Beziehungen<\/h3>\r\n                    <h4 id=\"CHARA_493_014\" class=\"sec_h4charatxt\">Tormod<\/h4>\r\n                    <p id=\"CHARA_493_015\" class=\"sec_charatxt\">Ein Magier, der die Liga f\u00fcr die Emanzipation der Laguz anf\u00fchrt und ein Freund von Vika.<\/p>\r\n                    <h4 id=\"CHARA_493_016\" class=\"sec_h4charatxt\">Micaiah<\/h4>\r\n                    <p id=\"CHARA_493_017\" class=\"sec_charatxt\">Ein Mitglied des Bundes der Morgenr\u00f6te. Hat Silberhaare und mysteri\u00f6se Kr\u00e4fte. Sie ist wie eine Schwester f\u00fcr Sothe, obwohl sie nicht blutsverwandt sind. Sie erhielt Vikas wertvolle Ashera-Ikone als Geschenk.<\/p>\r\n                    <h4 id=\"CHARA_493_018\" class=\"sec_h4charatxt\">Oliver<\/h4>\r\n                    <p id=\"CHARA_493_019\" class=\"sec_charatxt\">Mitglied des Senats von Begnion. Bewundert alles Sch\u00f6ne. Sein h\u00f6chstes Ziel ist es, Kunst und Kultur zu bewahren. Er hat ein Auge auf Vika geworfen.<\/p>\r\n                <\/section>\r\n            <\/article>\r\n        <\/main>","protected":false},"excerpt":{"rendered":"Spezialhelden Meeresschwingen Vika Erscheint in Fire Emblem: Radiant Dawn Sharena stellt vor! Meeresschwingen Vika Heute stelle ich dir Vika vor, eine K\u00e4mpferin der Liga f\u00fcr die Emanzipation der Laguz! Sie ist eine Laguz vom Stamm der Raben und hat f\u00fcr das Piratenfest den ganzen weiten Weg von Tellius hierher auf sich genommen! Eine Sache, die [&hellip;]","protected":false},"author":1,"featured_media":28076,"comment_status":"closed","ping_status":"closed","sticky":false,"template":"","format":"standard","meta":{"advanced_seo_description":"","jetpack_seo_html_title":"","jetpack_seo_noindex":false,"jetpack_post_was_ever_published":false,"_jetpack_newsletter_access":"","_jetpack_dont_email_post_to_subs":false,"_jetpack_newsletter_tier_id":0,"_jetpack_memberships_contains_paywalled_content":false,"_locale":"de_DE","_original_post":"https:\/\/guide.fire-emblem-heroes.com\/?p=27951","_jetpack_memberships_contains_paid_content":false,"footnotes":"","jetpack_publicize_message":"","jetpack_publicize_feature_enabled":true,"jetpack_social_post_already_shared":true,"jetpack_social_options":{"image_generator_settings":{"template":"highway","default_image_id":0,"font":"","enabled":false},"version":2},"_wpas_customize_per_network":false},"categories":[1384,1405,1390,1430],"tags":[1407],"class_list":["post-27954","post","type-post","status-publish","format-standard","has-post-thumbnail","hentry","category-character","category-special_heroes","category-stay_heroes","category-ex_works_radiant_dawn","tag-spezialhelden","de-DE"],"jetpack_publicize_connections":[],"jetpack_featured_media_url":"https:\/\/guide.fire-emblem-heroes.com\/wp-content\/uploads\/wiese_sea-dark_wing.png","jetpack_sharing_enabled":false,"jetpack_shortlink":"https:\/\/wp.me\/pa0Mj3-7gS","jetpack_likes_enabled":false,"amp_enabled":false,"_links":{"self":[{"href":"https:\/\/guide.fire-emblem-heroes.com\/wp-json\/wp\/v2\/posts\/27954","targetHints":{"allow":["GET"]}}],"collection":[{"href":"https:\/\/guide.fire-emblem-heroes.com\/wp-json\/wp\/v2\/posts"}],"about":[{"href":"https:\/\/guide.fire-emblem-heroes.com\/wp-json\/wp\/v2\/types\/post"}],"author":[{"embeddable":true,"href":"https:\/\/guide.fire-emblem-heroes.com\/wp-json\/wp\/v2\/users\/1"}],"replies":[{"embeddable":true,"href":"https:\/\/guide.fire-emblem-heroes.com\/wp-json\/wp\/v2\/comments?post=27954"}],"version-history":[{"count":1,"href":"https:\/\/guide.fire-emblem-heroes.com\/wp-json\/wp\/v2\/posts\/27954\/revisions"}],"predecessor-version":[{"id":27970,"href":"https:\/\/guide.fire-emblem-heroes.com\/wp-json\/wp\/v2\/posts\/27954\/revisions\/27970"}],"wp:featuredmedia":[{"embeddable":true,"href":"https:\/\/guide.fire-emblem-heroes.com\/wp-json\/wp\/v2\/media\/28076"}],"wp:attachment":[{"href":"https:\/\/guide.fire-emblem-heroes.com\/wp-json\/wp\/v2\/media?parent=27954"}],"wp:term":[{"taxonomy":"category","embeddable":true,"href":"https:\/\/guide.fire-emblem-heroes.com\/wp-json\/wp\/v2\/categories?post=27954"},{"taxonomy":"post_tag","embeddable":true,"href":"https:\/\/guide.fire-emblem-heroes.com\/wp-json\/wp\/v2\/tags?post=27954"}],"curies":[{"name":"wp","href":"https:\/\/api.w.org\/{rel}","templated":true}]}}