






{"id":28112,"date":"2021-08-13T11:24:55","date_gmt":"2021-08-13T02:24:55","guid":{"rendered":"https:\/\/guide.fire-emblem-heroes.com\/?p=28112"},"modified":"2021-09-07T16:23:05","modified_gmt":"2021-09-07T07:23:05","slug":"01001001000696-2","status":"publish","type":"post","link":"https:\/\/guide.fire-emblem-heroes.com\/de\/01001001000696-2\/","title":{"rendered":"<span class=\"character_nick\">Prinz des Lichts<\/span><span class=\"character_name\">Marth<\/span>"},"content":{"rendered":"<main id=\"CHARA_496\" class=\"main_page character\">\r\n            <article>\r\n                <section class=\"sec sec_character\">\r\n                    <ul class=\"sec_ul sec_ul--character slick-box\">\r\n                        <li class=\"sec_li sec_li--character\">\r\n                            <img decoding=\"async\" src=\"https:\/\/guide.fire-emblem-heroes.com\/wp-content\/uploads\/marth_prince_of_light_slide01.png\" alt=\"\" \/>\r\n                        <\/li>\r\n                        <li class=\"sec_li sec_li--character\">\r\n                            <img decoding=\"async\" src=\"https:\/\/guide.fire-emblem-heroes.com\/wp-content\/uploads\/marth_prince_of_light_slide02.png\" alt=\"\" \/>\r\n                        <\/li>\r\n                        <li class=\"sec_li sec_li--character\">\r\n                            <img decoding=\"async\" src=\"https:\/\/guide.fire-emblem-heroes.com\/wp-content\/uploads\/marth_prince_of_light_slide03.png\" alt=\"\" \/>\r\n                        <\/li>\r\n                        <li class=\"sec_li sec_li--character\">\r\n                            <img decoding=\"async\" src=\"https:\/\/guide.fire-emblem-heroes.com\/wp-content\/uploads\/marth_prince_of_light_slide04.png\" alt=\"\" \/>\r\n                        <\/li>\r\n                    <\/ul>\r\n                    <div class=\"sec_charainfoarea flex\">\r\n                        <div class=\"sec_gif\"><img loading=\"lazy\" decoding=\"async\" src=\"https:\/\/guide.fire-emblem-heroes.com\/wp-content\/uploads\/marth_prince_of_light.png\" alt=\"\" width=\"210\" height=\"190\"\/><\/div>\r\n                        <div class=\"sec_charainfo\">\r\n                            <p id=\"CHARA_496_002\" class=\"sec_characate sec_characate--heroes\">Helden<\/p>\r\n                            <p id=\"CHARA_496_003\" class=\"sec_charanick\">Prinz des Lichts<\/p>\r\n                            <p id=\"CHARA_496_004\" class=\"sec_charaname\">Marth<\/p>\r\n                            <p id=\"CHARA_496_005\" class=\"sec_charaappearancetxt\">Erscheint in<\/p>\r\n                            <p id=\"CHARA_496_006\" class=\"sec_charaappearancetxt\">Fire Emblem: Mystery of the Emblem<\/p>\r\n                        <\/div>\r\n                    <\/div>\r\n                <\/section>\r\n            <\/article>\r\n            <article>\r\n                <section class=\"sec sec_characterarea\">\r\n                    <div class=\"sec_h2chara\">\r\n                        <p id=\"CHARA_496_007\" class=\"sec_h2charattl\">Sharena stellt vor!<\/p>\r\n                        <h2 id=\"CHARA_496_008\" class=\"sec_h2charatxt\">Prinz des Lichts Marth<\/h2>\r\n                    <\/div>\r\n                    <dl class=\"sec_dl flex\">\r\n                        <dt id=\"CHARA_496_009\" class=\"sec_dt\">Wow! T\u00e4usche ich mich, oder sieht Marth heute noch heldenhafter aus als sonst? Das liegt daran, dass sein neues Outfit die Gewandungen von Anri, dem Helden, der Altea gegr\u00fcndet hat, zum Vorbild genommen hat.<\/dt>\r\n                        <dd class=\"sec_dd\">\r\n                            <a href=\"https:\/\/guide.fire-emblem-heroes.com\/wp-content\/uploads\/marth_prince_of_light_pop01.png\" class=\"popup-image\">\r\n                                <img decoding=\"async\" src=\"https:\/\/guide.fire-emblem-heroes.com\/wp-content\/uploads\/marth_prince_of_light_info01.png\" alt=\"\" \/>\r\n                            <\/a>\r\n                        <\/dd>\r\n                        <dt id=\"CHARA_496_010\" class=\"sec_dt\">Und das Schwert, das er da tr\u00e4gt, ist nat\u00fcrlich das heilige Falchion! Anri machte sich einst auf die Suche nach dem Falchion und brachte es zur\u00fcck nach Altea, das damals noch eine kleine Stadt war. Mit der Hilfe dieses Schwertes besiegte er den Schattendrachen Medeus, den Herrscher von Doluna!<\/dt>\r\n                        <dd class=\"sec_dd\">\r\n                            <a href=\"https:\/\/guide.fire-emblem-heroes.com\/wp-content\/uploads\/marth_prince_of_light_pop02.png\" class=\"popup-image\">\r\n                                <img decoding=\"async\" src=\"https:\/\/guide.fire-emblem-heroes.com\/wp-content\/uploads\/marth_prince_of_light_info02.png\" alt=\"\" \/>\r\n                            <\/a>\r\n                        <\/dd>\r\n                        <dt id=\"CHARA_496_011\" class=\"sec_dt\">Doch der wahre Sieg \u00fcber Medeus lie\u00df auf sich warten&#8230; Erst ein Jahrhundert sp\u00e4ter, als Marth in Anris Fu\u00dfstapfen trat, das Falchion einforderte und den wiederbelebten Schattendrachen t\u00f6tete, war die Tat wirklich vollbracht.<\/dt>\r\n                        <dd class=\"sec_dd\">\r\n                            <a href=\"https:\/\/guide.fire-emblem-heroes.com\/wp-content\/uploads\/marth_prince_of_light_pop03.png\" class=\"popup-image\">\r\n                                <img decoding=\"async\" src=\"https:\/\/guide.fire-emblem-heroes.com\/wp-content\/uploads\/marth_prince_of_light_info03.png\" alt=\"\" \/>\r\n                            <\/a>\r\n                        <\/dd>\r\n                        <dt id=\"CHARA_496_012\" class=\"sec_dt\">Anri wurde damals mit einem eigenen K\u00f6nigreich belohnt, doch er konnte die Frau, die er liebte, aufgrund seiner b\u00fcrgerlichen Herkunft nicht heiraten. Da hoffe ich doch umso mehr, dass Marth mit seiner Verlobten Shiida gl\u00fccklich wird!<\/dt>\r\n                        <dd class=\"sec_dd\">\r\n                            <a href=\"https:\/\/guide.fire-emblem-heroes.com\/wp-content\/uploads\/marth_prince_of_light_pop04.png\" class=\"popup-image\">\r\n                                <img decoding=\"async\" src=\"https:\/\/guide.fire-emblem-heroes.com\/wp-content\/uploads\/marth_prince_of_light_info04.png\" alt=\"\" \/>\r\n                            <\/a>\r\n                        <\/dd>\r\n                    <\/dl>\r\n                    <h3 id=\"CHARA_496_013\" class=\"sec_h3charatxt\">Beziehungen<\/h3>\r\n                    <h4 id=\"CHARA_496_014\" class=\"sec_h4charatxt\">Shiida<\/h4>\r\n                    <p id=\"CHARA_496_015\" class=\"sec_charatxt\">Prinzessin des kleinen K\u00f6nigreichs Talys. Sie ist allen gegen\u00fcber freundlich gesinnt und daher beliebt bei ihrem Volk. Marths Verlobte.<\/p>\r\n                <\/section>\r\n            <\/article>\r\n        <\/main>","protected":false},"excerpt":{"rendered":"Helden Prinz des Lichts Marth Erscheint in Fire Emblem: Mystery of the Emblem Sharena stellt vor! Prinz des Lichts Marth Wow! T\u00e4usche ich mich, oder sieht Marth heute noch heldenhafter aus als sonst? Das liegt daran, dass sein neues Outfit die Gewandungen von Anri, dem Helden, der Altea gegr\u00fcndet hat, zum Vorbild genommen hat. Und [&hellip;]","protected":false},"author":1,"featured_media":28247,"comment_status":"closed","ping_status":"closed","sticky":false,"template":"","format":"standard","meta":{"advanced_seo_description":"","jetpack_seo_html_title":"","jetpack_seo_noindex":false,"_jetpack_newsletter_access":"","_jetpack_dont_email_post_to_subs":false,"_jetpack_newsletter_tier_id":0,"_jetpack_memberships_contains_paywalled_content":false,"_locale":"de_DE","_original_post":"https:\/\/guide.fire-emblem-heroes.com\/?p=28109","_jetpack_memberships_contains_paid_content":false,"footnotes":"","jetpack_publicize_message":"","jetpack_publicize_feature_enabled":true,"jetpack_social_post_already_shared":true,"jetpack_social_options":{"image_generator_settings":{"template":"highway","default_image_id":0,"font":"","enabled":false},"version":2},"_wpas_customize_per_network":false,"jetpack_post_was_ever_published":false},"categories":[1384,1424,1415,1390],"tags":[1417],"class_list":["post-28112","post","type-post","status-publish","format-standard","has-post-thumbnail","hentry","category-character","category-ex_works_mystery_of_the_emblem","category-heroes","category-stay_heroes","tag-helden","de-DE"],"jetpack_publicize_connections":[],"jetpack_featured_media_url":"https:\/\/guide.fire-emblem-heroes.com\/wp-content\/uploads\/marth_prince_of_light.png","jetpack_sharing_enabled":false,"jetpack_shortlink":"https:\/\/wp.me\/pa0Mj3-7jq","jetpack_likes_enabled":false,"amp_enabled":false,"_links":{"self":[{"href":"https:\/\/guide.fire-emblem-heroes.com\/wp-json\/wp\/v2\/posts\/28112","targetHints":{"allow":["GET"]}}],"collection":[{"href":"https:\/\/guide.fire-emblem-heroes.com\/wp-json\/wp\/v2\/posts"}],"about":[{"href":"https:\/\/guide.fire-emblem-heroes.com\/wp-json\/wp\/v2\/types\/post"}],"author":[{"embeddable":true,"href":"https:\/\/guide.fire-emblem-heroes.com\/wp-json\/wp\/v2\/users\/1"}],"replies":[{"embeddable":true,"href":"https:\/\/guide.fire-emblem-heroes.com\/wp-json\/wp\/v2\/comments?post=28112"}],"version-history":[{"count":1,"href":"https:\/\/guide.fire-emblem-heroes.com\/wp-json\/wp\/v2\/posts\/28112\/revisions"}],"predecessor-version":[{"id":28123,"href":"https:\/\/guide.fire-emblem-heroes.com\/wp-json\/wp\/v2\/posts\/28112\/revisions\/28123"}],"wp:featuredmedia":[{"embeddable":true,"href":"https:\/\/guide.fire-emblem-heroes.com\/wp-json\/wp\/v2\/media\/28247"}],"wp:attachment":[{"href":"https:\/\/guide.fire-emblem-heroes.com\/wp-json\/wp\/v2\/media?parent=28112"}],"wp:term":[{"taxonomy":"category","embeddable":true,"href":"https:\/\/guide.fire-emblem-heroes.com\/wp-json\/wp\/v2\/categories?post=28112"},{"taxonomy":"post_tag","embeddable":true,"href":"https:\/\/guide.fire-emblem-heroes.com\/wp-json\/wp\/v2\/tags?post=28112"}],"curies":[{"name":"wp","href":"https:\/\/api.w.org\/{rel}","templated":true}]}}