






{"id":31419,"date":"2022-01-14T11:57:34","date_gmt":"2022-01-14T02:57:34","guid":{"rendered":"https:\/\/guide.fire-emblem-heroes.com\/?p=31419"},"modified":"2022-01-28T21:32:27","modified_gmt":"2022-01-28T12:32:27","slug":"02003004000764-2","status":"publish","type":"post","link":"https:\/\/guide.fire-emblem-heroes.com\/de\/02003004000764-2\/","title":{"rendered":"<span class=\"character_nick\">W\u00fcstenklinge<\/span><span class=\"character_name\">Deen<\/span>"},"content":{"rendered":"<main id=\"CHARA_581\" class=\"main_page character\">\r\n            <article>\r\n                <section class=\"sec sec_character\">\r\n                    <ul class=\"sec_ul sec_ul--character slick-box\">\r\n                        <li class=\"sec_li sec_li--character\">\r\n                            <img decoding=\"async\" src=\"https:\/\/guide.fire-emblem-heroes.com\/wp-content\/uploads\/deen_bladed_sandstorm_slide01.png\" alt=\"\" \/>\r\n                        <\/li>\r\n                        <li class=\"sec_li sec_li--character\">\r\n                            <img decoding=\"async\" src=\"https:\/\/guide.fire-emblem-heroes.com\/wp-content\/uploads\/deen_bladed_sandstorm_slide02.png\" alt=\"\" \/>\r\n                        <\/li>\r\n                        <li class=\"sec_li sec_li--character\">\r\n                            <img decoding=\"async\" src=\"https:\/\/guide.fire-emblem-heroes.com\/wp-content\/uploads\/deen_bladed_sandstorm_slide03.png\" alt=\"\" \/>\r\n                        <\/li>\r\n                        <li class=\"sec_li sec_li--character\">\r\n                            <img decoding=\"async\" src=\"https:\/\/guide.fire-emblem-heroes.com\/wp-content\/uploads\/deen_bladed_sandstorm_slide04.png\" alt=\"\" \/>\r\n                        <\/li>\r\n                    <\/ul>\r\n                    <div class=\"sec_charainfoarea flex\">\r\n                        <div class=\"sec_gif\"><img loading=\"lazy\" decoding=\"async\" src=\"https:\/\/guide.fire-emblem-heroes.com\/wp-content\/uploads\/deen_bladed_sandstorm.png\" alt=\"\" width=\"210\" height=\"190\"\/><\/div>\r\n                        <div class=\"sec_charainfo\">\r\n                            <p id=\"CHARA_581_002\" class=\"sec_characate sec_characate--special_heroes\">Spezialhelden<\/p>\r\n                            <p id=\"CHARA_581_003\" class=\"sec_charanick\">W\u00fcstenklinge<\/p>\r\n                            <p id=\"CHARA_581_004\" class=\"sec_charaname\">Deen<\/p>\r\n                            <p id=\"CHARA_581_005\" class=\"sec_charaappearancetxt\">Erscheint in<\/p>\r\n                            <p id=\"CHARA_581_006\" class=\"sec_charaappearancetxt\">Fire Emblem Echoes: Shadows of Valentia<\/p>\r\n                        <\/div>\r\n                    <\/div>\r\n                <\/section>\r\n            <\/article>\r\n            <article>\r\n                <section class=\"sec sec_characterarea\">\r\n                    <div class=\"sec_h2chara\">\r\n                        <p id=\"CHARA_581_007\" class=\"sec_h2charattl\">Sharena stellt vor!<\/p>\r\n                        <h2 id=\"CHARA_581_008\" class=\"sec_h2charatxt\">W\u00fcstenklinge Deen<\/h2>\r\n                    <\/div>\r\n                    <dl class=\"sec_dl flex\">\r\n                        <dt id=\"CHARA_581_009\" class=\"sec_dt\">Auf dem Igona-Fest erwartet uns diesmal ein besonders beeindruckender Gast. Das ist Deen, ein namhafter Schwertk\u00e4mpfer aus Valentia, und er hat extra traditionelle Tracht angezogen!<\/dt>\r\n                        <dd class=\"sec_dd\">\r\n                            <a href=\"https:\/\/guide.fire-emblem-heroes.com\/wp-content\/uploads\/deen_bladed_sandstorm_pop01.png\" class=\"popup-image\">\r\n                                <img decoding=\"async\" src=\"https:\/\/guide.fire-emblem-heroes.com\/wp-content\/uploads\/deen_bladed_sandstorm_info01.png\" alt=\"\" \/>\r\n                            <\/a>\r\n                        <\/dd>\r\n                        <dt id=\"CHARA_581_010\" class=\"sec_dt\">Normalerweise steckt Deen von Kopf bis Fu\u00df in einer dunklen, schweren R\u00fcstung &#8211; da ist man richtig \u00fcberrascht, ihn so zu sehen! Der Stoff, der seinen Oberk\u00f6rper und seine Arme bedeckt, ist ganz nach Igona-Art mit traditionellen Mustern verziert, die seine St\u00e4rke unterstreichen sollen.<\/dt>\r\n                        <dd class=\"sec_dd\">\r\n                            <a href=\"https:\/\/guide.fire-emblem-heroes.com\/wp-content\/uploads\/deen_bladed_sandstorm_pop02.png\" class=\"popup-image\">\r\n                                <img decoding=\"async\" src=\"https:\/\/guide.fire-emblem-heroes.com\/wp-content\/uploads\/deen_bladed_sandstorm_info02.png\" alt=\"\" \/>\r\n                            <\/a>\r\n                        <\/dd>\r\n                        <dt id=\"CHARA_581_011\" class=\"sec_dt\">Und noch eine \u00fcberraschende Neuerung: Statt eines Schwertes hat er ein bumerangartiges Messer dabei, das aus Tierknochen geschnitzt ist! Es ist so scharf geschliffen, dass selbst die Raubtiere der W\u00fcste wissen, dass sie sich damit besser nicht anlegen sollten.<\/dt>\r\n                        <dd class=\"sec_dd\">\r\n                            <a href=\"https:\/\/guide.fire-emblem-heroes.com\/wp-content\/uploads\/deen_bladed_sandstorm_pop03.png\" class=\"popup-image\">\r\n                                <img decoding=\"async\" src=\"https:\/\/guide.fire-emblem-heroes.com\/wp-content\/uploads\/deen_bladed_sandstorm_info03.png\" alt=\"\" \/>\r\n                            <\/a>\r\n                        <\/dd>\r\n                        <dt id=\"CHARA_581_012\" class=\"sec_dt\">Deens fr\u00fcherer St\u00fctzpunkt in Valentia lag ebenfalls in der W\u00fcste, also ist ihm der Igona-Stil wahrscheinlich gar nicht so fremd. Ich wette, auf dem Fest wird er eine ganze Menge Blicke auf sich ziehen!<\/dt>\r\n                        <dd class=\"sec_dd\">\r\n                            <a href=\"https:\/\/guide.fire-emblem-heroes.com\/wp-content\/uploads\/deen_bladed_sandstorm_pop04.png\" class=\"popup-image\">\r\n                                <img decoding=\"async\" src=\"https:\/\/guide.fire-emblem-heroes.com\/wp-content\/uploads\/deen_bladed_sandstorm_info04.png\" alt=\"\" \/>\r\n                            <\/a>\r\n                        <\/dd>\r\n                    <\/dl>\r\n                    <h3 id=\"CHARA_581_013\" class=\"sec_h3charatxt\">Beziehungen<\/h3>\r\n                    <h4 id=\"CHARA_581_014\" class=\"sec_h4charatxt\">Sonya<\/h4>\r\n                    <p id=\"CHARA_581_015\" class=\"sec_charatxt\">Eine Magierin, die, genau wie Deen, von Grieth angeheuert wurde. Unnachgiebig und extravagant. Hat ihrem Vater Jedah Rache geschworen.<\/p>\r\n                    <h4 id=\"CHARA_581_016\" class=\"sec_h4charatxt\">Celica<\/h4>\r\n                    <p id=\"CHARA_581_017\" class=\"sec_charatxt\">Prinzessin von Zofia und Priesterin. Sorgt sich um andere und lehnt Gewalt ab. Tr\u00e4gt das Mal auf ihrer rechten Hand. Sie besiegte Grieth und rekrutierte Deen.<\/p>\r\n                <\/section>\r\n            <\/article>\r\n        <\/main>","protected":false},"excerpt":{"rendered":"Spezialhelden W\u00fcstenklinge Deen Erscheint in Fire Emblem Echoes: Shadows of Valentia Sharena stellt vor! W\u00fcstenklinge Deen Auf dem Igona-Fest erwartet uns diesmal ein besonders beeindruckender Gast. Das ist Deen, ein namhafter Schwertk\u00e4mpfer aus Valentia, und er hat extra traditionelle Tracht angezogen! Normalerweise steckt Deen von Kopf bis Fu\u00df in einer dunklen, schweren R\u00fcstung &#8211; da [&hellip;]","protected":false},"author":1,"featured_media":31497,"comment_status":"closed","ping_status":"closed","sticky":false,"template":"","format":"standard","meta":{"advanced_seo_description":"","jetpack_seo_html_title":"","jetpack_seo_noindex":false,"_jetpack_newsletter_access":"","_jetpack_dont_email_post_to_subs":false,"_jetpack_newsletter_tier_id":0,"_jetpack_memberships_contains_paywalled_content":false,"_locale":"de_DE","_original_post":"https:\/\/guide.fire-emblem-heroes.com\/?p=31416","_jetpack_memberships_contains_paid_content":false,"footnotes":"","jetpack_publicize_message":"","jetpack_publicize_feature_enabled":true,"jetpack_social_post_already_shared":true,"jetpack_social_options":{"image_generator_settings":{"template":"highway","default_image_id":0,"font":"","enabled":false},"version":2},"_wpas_customize_per_network":false,"jetpack_post_was_ever_published":false},"categories":[1384,1425,1405,1390],"tags":[1407],"class_list":["post-31419","post","type-post","status-publish","format-standard","has-post-thumbnail","hentry","category-character","category-ex_works_shadows_of_valentia","category-special_heroes","category-stay_heroes","tag-spezialhelden","de-DE"],"jetpack_publicize_connections":[],"jetpack_featured_media_url":"https:\/\/guide.fire-emblem-heroes.com\/wp-content\/uploads\/deen_bladed_sandstorm.png","jetpack_sharing_enabled":false,"jetpack_shortlink":"https:\/\/wp.me\/pa0Mj3-8aL","jetpack_likes_enabled":false,"amp_enabled":false,"_links":{"self":[{"href":"https:\/\/guide.fire-emblem-heroes.com\/wp-json\/wp\/v2\/posts\/31419","targetHints":{"allow":["GET"]}}],"collection":[{"href":"https:\/\/guide.fire-emblem-heroes.com\/wp-json\/wp\/v2\/posts"}],"about":[{"href":"https:\/\/guide.fire-emblem-heroes.com\/wp-json\/wp\/v2\/types\/post"}],"author":[{"embeddable":true,"href":"https:\/\/guide.fire-emblem-heroes.com\/wp-json\/wp\/v2\/users\/1"}],"replies":[{"embeddable":true,"href":"https:\/\/guide.fire-emblem-heroes.com\/wp-json\/wp\/v2\/comments?post=31419"}],"version-history":[{"count":1,"href":"https:\/\/guide.fire-emblem-heroes.com\/wp-json\/wp\/v2\/posts\/31419\/revisions"}],"predecessor-version":[{"id":31432,"href":"https:\/\/guide.fire-emblem-heroes.com\/wp-json\/wp\/v2\/posts\/31419\/revisions\/31432"}],"wp:featuredmedia":[{"embeddable":true,"href":"https:\/\/guide.fire-emblem-heroes.com\/wp-json\/wp\/v2\/media\/31497"}],"wp:attachment":[{"href":"https:\/\/guide.fire-emblem-heroes.com\/wp-json\/wp\/v2\/media?parent=31419"}],"wp:term":[{"taxonomy":"category","embeddable":true,"href":"https:\/\/guide.fire-emblem-heroes.com\/wp-json\/wp\/v2\/categories?post=31419"},{"taxonomy":"post_tag","embeddable":true,"href":"https:\/\/guide.fire-emblem-heroes.com\/wp-json\/wp\/v2\/tags?post=31419"}],"curies":[{"name":"wp","href":"https:\/\/api.w.org\/{rel}","templated":true}]}}