






{"id":35324,"date":"2022-07-15T12:06:23","date_gmt":"2022-07-15T03:06:23","guid":{"rendered":"https:\/\/guide.fire-emblem-heroes.com\/?p=35324"},"modified":"2022-08-09T18:30:34","modified_gmt":"2022-08-09T09:30:34","slug":"02002001000828-2","status":"publish","type":"post","link":"https:\/\/guide.fire-emblem-heroes.com\/de\/02002001000828-2\/","title":{"rendered":"<span class=\"character_nick\">Valentias Zukunft<\/span><span class=\"character_name\">Celica<\/span>"},"content":{"rendered":"<main id=\"CHARA_670\" class=\"main_page character\">\r\n            <article>\r\n                <section class=\"sec sec_character\">\r\n                    <ul class=\"sec_ul sec_ul--character slick-box\">\r\n                        <li class=\"sec_li sec_li--character\">\r\n                            <img decoding=\"async\" src=\"https:\/\/guide.fire-emblem-heroes.com\/wp-content\/uploads\/cellica_valentias_hope_slide01.png\" alt=\"\" \/>\r\n                        <\/li>\r\n                        <li class=\"sec_li sec_li--character\">\r\n                            <img decoding=\"async\" src=\"https:\/\/guide.fire-emblem-heroes.com\/wp-content\/uploads\/cellica_valentias_hope_slide02.png\" alt=\"\" \/>\r\n                        <\/li>\r\n                        <li class=\"sec_li sec_li--character\">\r\n                            <img decoding=\"async\" src=\"https:\/\/guide.fire-emblem-heroes.com\/wp-content\/uploads\/cellica_valentias_hope_slide03.png\" alt=\"\" \/>\r\n                        <\/li>\r\n                        <li class=\"sec_li sec_li--character\">\r\n                            <img decoding=\"async\" src=\"https:\/\/guide.fire-emblem-heroes.com\/wp-content\/uploads\/cellica_valentias_hope_slide04.png\" alt=\"\" \/>\r\n                        <\/li>\r\n                    <\/ul>\r\n                    <div class=\"sec_charainfoarea flex\">\r\n                        <div class=\"sec_gif\"><img loading=\"lazy\" decoding=\"async\" src=\"https:\/\/guide.fire-emblem-heroes.com\/wp-content\/uploads\/cellica_valentias_hope.png\" alt=\"\" width=\"210\" height=\"190\"\/><\/div>\r\n                        <div class=\"sec_charainfo\">\r\n                            <p id=\"CHARA_670_002\" class=\"sec_characate sec_characate--ascended_heroes\">Erleuchtete Helden<\/p>\r\n                            <p id=\"CHARA_670_003\" class=\"sec_charanick\">Valentias Zukunft<\/p>\r\n                            <p id=\"CHARA_670_004\" class=\"sec_charaname\">Celica<\/p>\r\n                            <p id=\"CHARA_670_005\" class=\"sec_charaappearancetxt\">Erscheint in<\/p>\r\n                            <p id=\"CHARA_670_006\" class=\"sec_charaappearancetxt\">Fire Emblem Echoes: Shadows of Valentia<\/p>\r\n                        <\/div>\r\n                    <\/div>\r\n                <\/section>\r\n            <\/article>\r\n            <article>\r\n                <section class=\"sec sec_characterarea\">\r\n                    <div class=\"sec_h2chara\">\r\n                        <p id=\"CHARA_670_007\" class=\"sec_h2charattl\">Sharena stellt vor!<\/p>\r\n                        <h2 id=\"CHARA_670_008\" class=\"sec_h2charatxt\">Valentias Zukunft Celica<\/h2>\r\n                    <\/div>\r\n                    <dl class=\"sec_dl flex\">\r\n                        <dt id=\"CHARA_670_009\" class=\"sec_dt\">Celica, eine Nachfahrin des zofianischen K\u00f6nigshauses, hat ihren gro\u00dfen Auftritt als Erleuchtete Heldin! Sie hat im Laufe ihrer Reise neue Kr\u00e4fte gewonnen und will Alm nun helfen, die Pr\u00fcfungen zu bestehen, die vor ihm liegen.<\/dt>\r\n                        <dd class=\"sec_dd\">\r\n                            <a href=\"https:\/\/guide.fire-emblem-heroes.com\/wp-content\/uploads\/cellica_valentias_hope_pop01.png\" class=\"popup-image\">\r\n                                <img decoding=\"async\" src=\"https:\/\/guide.fire-emblem-heroes.com\/wp-content\/uploads\/cellica_valentias_hope_info01.png\" alt=\"\" \/>\r\n                            <\/a>\r\n                        <\/dd>\r\n                        <dt id=\"CHARA_670_010\" class=\"sec_dt\">Celica hat ein starkes Band zu Alm gekn\u00fcpft und findet nun neue Kraft in ihrem Wunsch, ihm zur Seite zu stehen. Und sieh nur, das blau-gr\u00fcne Farbschema ihrer neuen Kleidung erinnert an Alms klassische R\u00fcstung!<\/dt>\r\n                        <dd class=\"sec_dd\">\r\n                            <a href=\"https:\/\/guide.fire-emblem-heroes.com\/wp-content\/uploads\/cellica_valentias_hope_pop02.png\" class=\"popup-image\">\r\n                                <img decoding=\"async\" src=\"https:\/\/guide.fire-emblem-heroes.com\/wp-content\/uploads\/cellica_valentias_hope_info02.png\" alt=\"\" \/>\r\n                            <\/a>\r\n                        <\/dd>\r\n                        <dt id=\"CHARA_670_011\" class=\"sec_dt\">Auf dem Buch, das sie bei sich tr\u00e4gt, ist das Symbol der G\u00f6ttin Mila abgebildet, die sie verehrt. Dieses Symbol ist \u00fcbrigens nicht Zierde \u2013 das Buch tr\u00e4gt tats\u00e4chlich die Macht von Mila in sich!<\/dt>\r\n                        <dd class=\"sec_dd\">\r\n                            <a href=\"https:\/\/guide.fire-emblem-heroes.com\/wp-content\/uploads\/cellica_valentias_hope_pop03.png\" class=\"popup-image\">\r\n                                <img decoding=\"async\" src=\"https:\/\/guide.fire-emblem-heroes.com\/wp-content\/uploads\/cellica_valentias_hope_info03.png\" alt=\"\" \/>\r\n                            <\/a>\r\n                        <\/dd>\r\n                        <dt id=\"CHARA_670_012\" class=\"sec_dt\">\u00c4hnlich wie Mila hat Celica ein sanftes, f\u00fcrsorgliches Wesen und beherrscht genau wie sie m\u00e4chtige Magie. Das Mal der G\u00f6ttin auf ihrer Hand wird das Volk von Valentia sicher in eine Zukunft des Friedens und des Wohlstands f\u00fchren!<\/dt>\r\n                        <dd class=\"sec_dd\">\r\n                            <a href=\"https:\/\/guide.fire-emblem-heroes.com\/wp-content\/uploads\/cellica_valentias_hope_pop04.png\" class=\"popup-image\">\r\n                                <img decoding=\"async\" src=\"https:\/\/guide.fire-emblem-heroes.com\/wp-content\/uploads\/cellica_valentias_hope_info04.png\" alt=\"\" \/>\r\n                            <\/a>\r\n                        <\/dd>\r\n                    <\/dl>\r\n                    <h3 id=\"CHARA_670_013\" class=\"sec_h3charatxt\">Beziehungen<\/h3>\r\n                    <h4 id=\"CHARA_670_014\" class=\"sec_h4charatxt\">Alm<\/h4>\r\n                    <p id=\"CHARA_670_015\" class=\"sec_charatxt\">Ein tapferer Krieger, der vom Helden Mycen in Ram gro\u00dfgezogen wurde. Auf seiner linken Hand befindet sich das Mal. Ist seit seiner Kindheit mit Celica befreundet.<\/p>\r\n                    <h4 id=\"CHARA_670_016\" class=\"sec_h4charatxt\">Conrad<\/h4>\r\n                    <p id=\"CHARA_670_017\" class=\"sec_charatxt\">Ein geheimnisvoller Ritter, der Celica stets zu Hilfe eilt, wenn sie in Gefahr ist. Seine Maske ver\u00e4ndert seine Pers\u00f6nlichkeit stark.<\/p>\r\n                <\/section>\r\n            <\/article>\r\n        <\/main>","protected":false},"excerpt":{"rendered":"Erleuchtete Helden Valentias Zukunft Celica Erscheint in Fire Emblem Echoes: Shadows of Valentia Sharena stellt vor! Valentias Zukunft Celica Celica, eine Nachfahrin des zofianischen K\u00f6nigshauses, hat ihren gro\u00dfen Auftritt als Erleuchtete Heldin! Sie hat im Laufe ihrer Reise neue Kr\u00e4fte gewonnen und will Alm nun helfen, die Pr\u00fcfungen zu bestehen, die vor ihm liegen. Celica [&hellip;]","protected":false},"author":1,"featured_media":35547,"comment_status":"closed","ping_status":"closed","sticky":false,"template":"","format":"standard","meta":{"advanced_seo_description":"","jetpack_seo_html_title":"","jetpack_seo_noindex":false,"jetpack_post_was_ever_published":false,"_jetpack_newsletter_access":"","_jetpack_dont_email_post_to_subs":false,"_jetpack_newsletter_tier_id":0,"_jetpack_memberships_contains_paywalled_content":false,"_locale":"de_DE","_original_post":"https:\/\/guide.fire-emblem-heroes.com\/?p=35321","_jetpack_memberships_contains_paid_content":false,"footnotes":"","jetpack_publicize_message":"","jetpack_publicize_feature_enabled":true,"jetpack_social_post_already_shared":false,"jetpack_social_options":{"image_generator_settings":{"template":"highway","default_image_id":0,"font":"","enabled":false},"version":2},"_wpas_customize_per_network":false},"categories":[1384,1425,1480,1390],"tags":[1481],"class_list":["post-35324","post","type-post","status-publish","format-standard","has-post-thumbnail","hentry","category-character","category-ex_works_shadows_of_valentia","category-ascended_heroes","category-stay_heroes","tag-erleuchtete-helden","de-DE"],"jetpack_publicize_connections":[],"jetpack_featured_media_url":"https:\/\/guide.fire-emblem-heroes.com\/wp-content\/uploads\/cellica_valentias_hope.png","jetpack_sharing_enabled":false,"jetpack_shortlink":"https:\/\/wp.me\/pa0Mj3-9bK","jetpack_likes_enabled":false,"amp_enabled":false,"_links":{"self":[{"href":"https:\/\/guide.fire-emblem-heroes.com\/wp-json\/wp\/v2\/posts\/35324","targetHints":{"allow":["GET"]}}],"collection":[{"href":"https:\/\/guide.fire-emblem-heroes.com\/wp-json\/wp\/v2\/posts"}],"about":[{"href":"https:\/\/guide.fire-emblem-heroes.com\/wp-json\/wp\/v2\/types\/post"}],"author":[{"embeddable":true,"href":"https:\/\/guide.fire-emblem-heroes.com\/wp-json\/wp\/v2\/users\/1"}],"replies":[{"embeddable":true,"href":"https:\/\/guide.fire-emblem-heroes.com\/wp-json\/wp\/v2\/comments?post=35324"}],"version-history":[{"count":1,"href":"https:\/\/guide.fire-emblem-heroes.com\/wp-json\/wp\/v2\/posts\/35324\/revisions"}],"predecessor-version":[{"id":35333,"href":"https:\/\/guide.fire-emblem-heroes.com\/wp-json\/wp\/v2\/posts\/35324\/revisions\/35333"}],"wp:featuredmedia":[{"embeddable":true,"href":"https:\/\/guide.fire-emblem-heroes.com\/wp-json\/wp\/v2\/media\/35547"}],"wp:attachment":[{"href":"https:\/\/guide.fire-emblem-heroes.com\/wp-json\/wp\/v2\/media?parent=35324"}],"wp:term":[{"taxonomy":"category","embeddable":true,"href":"https:\/\/guide.fire-emblem-heroes.com\/wp-json\/wp\/v2\/categories?post=35324"},{"taxonomy":"post_tag","embeddable":true,"href":"https:\/\/guide.fire-emblem-heroes.com\/wp-json\/wp\/v2\/tags?post=35324"}],"curies":[{"name":"wp","href":"https:\/\/api.w.org\/{rel}","templated":true}]}}