






{"id":35430,"date":"2022-07-15T13:29:29","date_gmt":"2022-07-15T04:29:29","guid":{"rendered":"https:\/\/guide.fire-emblem-heroes.com\/?p=35430"},"modified":"2022-07-28T17:36:20","modified_gmt":"2022-07-28T08:36:20","slug":"02009501000832-2","status":"publish","type":"post","link":"https:\/\/guide.fire-emblem-heroes.com\/de\/02009501000832-2\/","title":{"rendered":"<span class=\"character_nick\">Bekannter Gauner<\/span><span class=\"character_name\">Banditenanf\u00fchrer<\/span>"},"content":{"rendered":"<main id=\"CHARA_675\" class=\"main_page character\">\r\n            <article>\r\n                <section class=\"sec sec_character\">\r\n                    <ul class=\"sec_ul sec_ul--character slick-box\">\r\n                        <li class=\"sec_li sec_li--character\">\r\n                            <img decoding=\"async\" src=\"https:\/\/guide.fire-emblem-heroes.com\/wp-content\/uploads\/thiefhead_known_criminal_slide01.png\" alt=\"\" \/>\r\n                        <\/li>\r\n                        <li class=\"sec_li sec_li--character\">\r\n                            <img decoding=\"async\" src=\"https:\/\/guide.fire-emblem-heroes.com\/wp-content\/uploads\/thiefhead_known_criminal_slide02.png\" alt=\"\" \/>\r\n                        <\/li>\r\n                        <li class=\"sec_li sec_li--character\">\r\n                            <img decoding=\"async\" src=\"https:\/\/guide.fire-emblem-heroes.com\/wp-content\/uploads\/thiefhead_known_criminal_slide03.png\" alt=\"\" \/>\r\n                        <\/li>\r\n                        <li class=\"sec_li sec_li--character\">\r\n                            <img decoding=\"async\" src=\"https:\/\/guide.fire-emblem-heroes.com\/wp-content\/uploads\/thiefhead_known_criminal_slide04.png\" alt=\"\" \/>\r\n                        <\/li>\r\n                    <\/ul>\r\n                    <div class=\"sec_charainfoarea flex\">\r\n                        <div class=\"sec_gif\"><img loading=\"lazy\" decoding=\"async\" src=\"https:\/\/guide.fire-emblem-heroes.com\/wp-content\/uploads\/thiefhead_known_criminal.png\" alt=\"\" width=\"210\" height=\"190\"\/><\/div>\r\n                        <div class=\"sec_charainfo\">\r\n                            <p id=\"CHARA_675_002\" class=\"sec_characate sec_characate--heroes\">Helden<\/p>\r\n                            <p id=\"CHARA_675_003\" class=\"sec_charanick\">Bekannter Gauner<\/p>\r\n                            <p id=\"CHARA_675_004\" class=\"sec_charaname\">Banditenanf\u00fchrer<\/p>\r\n                            <p id=\"CHARA_675_005\" class=\"sec_charaappearancetxt\">Erscheint in<\/p>\r\n                            <p id=\"CHARA_675_006\" class=\"sec_charaappearancetxt\">Fire Emblem Echoes: Shadows of Valentia<\/p>\r\n                        <\/div>\r\n                    <\/div>\r\n                <\/section>\r\n            <\/article>\r\n            <article>\r\n                <section class=\"sec sec_characterarea\">\r\n                    <div class=\"sec_h2chara\">\r\n                        <p id=\"CHARA_675_007\" class=\"sec_h2charattl\">Sharena stellt vor!<\/p>\r\n                        <h2 id=\"CHARA_675_008\" class=\"sec_h2charatxt\">Bekannter Gauner Banditenanf\u00fchrer<\/h2>\r\n                    <\/div>\r\n                    <dl class=\"sec_dl flex\">\r\n                        <dt id=\"CHARA_675_009\" class=\"sec_dt\">Ein neuer Held hat sich unseren Reihen angeschlossen, und es wird Zeit, dass ich mich ihm vorstelle! Hallo, ich bin Sharena! Und wie hei\u00dft Ihr? Huch. &#8222;Mein Name spielt keine Rolle. Nennt mich einfach Banditenanf\u00fchrer&#8220;, sagt er&#8230; recht barsch.<\/dt>\r\n                        <dd class=\"sec_dd\">\r\n                            <a href=\"https:\/\/guide.fire-emblem-heroes.com\/wp-content\/uploads\/thiefhead_known_criminal_pop01.png\" class=\"popup-image\">\r\n                                <img decoding=\"async\" src=\"https:\/\/guide.fire-emblem-heroes.com\/wp-content\/uploads\/thiefhead_known_criminal_info01.png\" alt=\"\" \/>\r\n                            <\/a>\r\n                        <\/dd>\r\n                        <dt id=\"CHARA_675_010\" class=\"sec_dt\">Aber gut! Unser Banditenanf\u00fchrer hier war einst der Anf\u00fchrer einer kleinen Bande von R\u00e4ubern, die in der N\u00e4he des D\u00f6rfchens Ram in Valentia ihr Unwesen trieben. Von diesem Dorf hast du ja sicher schon mal geh\u00f6rt! Anscheinend haben sie dort die umliegenden D\u00f6rfer ausgeraubt und hier und da mal eine reisende Klerikerin entf\u00fchrt&#8230;<\/dt>\r\n                        <dd class=\"sec_dd\">\r\n                            <a href=\"https:\/\/guide.fire-emblem-heroes.com\/wp-content\/uploads\/thiefhead_known_criminal_pop02.png\" class=\"popup-image\">\r\n                                <img decoding=\"async\" src=\"https:\/\/guide.fire-emblem-heroes.com\/wp-content\/uploads\/thiefhead_known_criminal_info02.png\" alt=\"\" \/>\r\n                            <\/a>\r\n                        <\/dd>\r\n                        <dt id=\"CHARA_675_011\" class=\"sec_dt\">Jedenfalls hatte Herr Anf\u00fchrer genug Schaden angerichtet, um eine gerechte Strafe verdient zu haben&#8230; und die kam in Form einer Niederlage gegen Alm und seine Verb\u00fcndeten aus Ram, die seine Bande zerschlugen.<\/dt>\r\n                        <dd class=\"sec_dd\">\r\n                            <a href=\"https:\/\/guide.fire-emblem-heroes.com\/wp-content\/uploads\/thiefhead_known_criminal_pop03.png\" class=\"popup-image\">\r\n                                <img decoding=\"async\" src=\"https:\/\/guide.fire-emblem-heroes.com\/wp-content\/uploads\/thiefhead_known_criminal_info03.png\" alt=\"\" \/>\r\n                            <\/a>\r\n                        <\/dd>\r\n                        <dt id=\"CHARA_675_012\" class=\"sec_dt\">Danach hat er seine Untaten bestimmt ein wenig bereut&#8230; hoffe ich. Ich freue mich ja immer, wenn die W\u00e4chter von Askr einen Verb\u00fcndeten dazugewinnen. Ich hoffe nur, der Kerl vergisst nicht, dass Stehlen und Entf\u00fchren hier gegen die Regeln sind.<\/dt>\r\n                        <dd class=\"sec_dd\">\r\n                            <a href=\"https:\/\/guide.fire-emblem-heroes.com\/wp-content\/uploads\/thiefhead_known_criminal_pop04.png\" class=\"popup-image\">\r\n                                <img decoding=\"async\" src=\"https:\/\/guide.fire-emblem-heroes.com\/wp-content\/uploads\/thiefhead_known_criminal_info04.png\" alt=\"\" \/>\r\n                            <\/a>\r\n                        <\/dd>\r\n                    <\/dl>\r\n                    <h3 id=\"CHARA_675_013\" class=\"sec_h3charatxt\">Beziehungen<\/h3>\r\n                    <h4 id=\"CHARA_675_014\" class=\"sec_h4charatxt\">Silque<\/h4>\r\n                    <p id=\"CHARA_675_015\" class=\"sec_charatxt\">Eine Klerikerin aus Novis, die Alm einen gewissen Gegenstand \u00fcbergeben wollte und dabei vom Banditenanf\u00fchrer gefangen genommen wurde. Hat eine nette, aber ernste Pers\u00f6nlichkeit.<\/p>\r\n                    <h4 id=\"CHARA_675_016\" class=\"sec_h4charatxt\">Alm<\/h4>\r\n                    <p id=\"CHARA_675_017\" class=\"sec_charatxt\">Ein tapferer Krieger, der vom Helden Mycen in Ram gro\u00dfgezogen wurde. Auf seiner linken Hand befindet sich das Mal. Er besiegte den Banditenanf\u00fchrer und setzte seiner verbrecherischen Karriere ein Ende.<\/p>\r\n                <\/section>\r\n            <\/article>\r\n        <\/main>","protected":false},"excerpt":{"rendered":"Helden Bekannter Gauner Banditenanf\u00fchrer Erscheint in Fire Emblem Echoes: Shadows of Valentia Sharena stellt vor! Bekannter Gauner Banditenanf\u00fchrer Ein neuer Held hat sich unseren Reihen angeschlossen, und es wird Zeit, dass ich mich ihm vorstelle! Hallo, ich bin Sharena! Und wie hei\u00dft Ihr? Huch. &#8222;Mein Name spielt keine Rolle. Nennt mich einfach Banditenanf\u00fchrer&#8220;, sagt er&#8230; [&hellip;]","protected":false},"author":1,"featured_media":35586,"comment_status":"closed","ping_status":"closed","sticky":false,"template":"","format":"standard","meta":{"advanced_seo_description":"","jetpack_seo_html_title":"","jetpack_seo_noindex":false,"_jetpack_newsletter_access":"","_jetpack_dont_email_post_to_subs":false,"_jetpack_newsletter_tier_id":0,"_jetpack_memberships_contains_paywalled_content":false,"_locale":"de_DE","_original_post":"https:\/\/guide.fire-emblem-heroes.com\/?p=35427","_jetpack_memberships_contains_paid_content":false,"footnotes":"","jetpack_publicize_message":"","jetpack_publicize_feature_enabled":true,"jetpack_social_post_already_shared":false,"jetpack_social_options":{"image_generator_settings":{"template":"highway","default_image_id":0,"font":"","enabled":false},"version":2},"_wpas_customize_per_network":false,"jetpack_post_was_ever_published":false},"categories":[1384,1425,1415,1390],"tags":[1417],"class_list":["post-35430","post","type-post","status-publish","format-standard","has-post-thumbnail","hentry","category-character","category-ex_works_shadows_of_valentia","category-heroes","category-stay_heroes","tag-helden","de-DE"],"jetpack_publicize_connections":[],"jetpack_featured_media_url":"https:\/\/guide.fire-emblem-heroes.com\/wp-content\/uploads\/thiefhead_known_criminal.png","jetpack_sharing_enabled":false,"jetpack_shortlink":"https:\/\/wp.me\/pa0Mj3-9ds","jetpack_likes_enabled":false,"amp_enabled":false,"_links":{"self":[{"href":"https:\/\/guide.fire-emblem-heroes.com\/wp-json\/wp\/v2\/posts\/35430","targetHints":{"allow":["GET"]}}],"collection":[{"href":"https:\/\/guide.fire-emblem-heroes.com\/wp-json\/wp\/v2\/posts"}],"about":[{"href":"https:\/\/guide.fire-emblem-heroes.com\/wp-json\/wp\/v2\/types\/post"}],"author":[{"embeddable":true,"href":"https:\/\/guide.fire-emblem-heroes.com\/wp-json\/wp\/v2\/users\/1"}],"replies":[{"embeddable":true,"href":"https:\/\/guide.fire-emblem-heroes.com\/wp-json\/wp\/v2\/comments?post=35430"}],"version-history":[{"count":1,"href":"https:\/\/guide.fire-emblem-heroes.com\/wp-json\/wp\/v2\/posts\/35430\/revisions"}],"predecessor-version":[{"id":35440,"href":"https:\/\/guide.fire-emblem-heroes.com\/wp-json\/wp\/v2\/posts\/35430\/revisions\/35440"}],"wp:featuredmedia":[{"embeddable":true,"href":"https:\/\/guide.fire-emblem-heroes.com\/wp-json\/wp\/v2\/media\/35586"}],"wp:attachment":[{"href":"https:\/\/guide.fire-emblem-heroes.com\/wp-json\/wp\/v2\/media?parent=35430"}],"wp:term":[{"taxonomy":"category","embeddable":true,"href":"https:\/\/guide.fire-emblem-heroes.com\/wp-json\/wp\/v2\/categories?post=35430"},{"taxonomy":"post_tag","embeddable":true,"href":"https:\/\/guide.fire-emblem-heroes.com\/wp-json\/wp\/v2\/tags?post=35430"}],"curies":[{"name":"wp","href":"https:\/\/api.w.org\/{rel}","templated":true}]}}