






{"id":37635,"date":"2022-10-14T11:55:29","date_gmt":"2022-10-14T02:55:29","guid":{"rendered":"https:\/\/guide.fire-emblem-heroes.com\/?p=37635"},"modified":"2022-11-08T17:12:39","modified_gmt":"2022-11-08T08:12:39","slug":"10049001000864-2","status":"publish","type":"post","link":"https:\/\/guide.fire-emblem-heroes.com\/de\/10049001000864-2\/","title":{"rendered":"<span class=\"character_nick\">Mietklinge<\/span><span class=\"character_name\">Gregor<\/span>"},"content":{"rendered":"<main id=\"CHARA_721\" class=\"main_page character\">\r\n            <article>\r\n                <section class=\"sec sec_character\">\r\n                    <ul class=\"sec_ul sec_ul--character slick-box\">\r\n                        <li class=\"sec_li sec_li--character\">\r\n                            <img decoding=\"async\" src=\"https:\/\/guide.fire-emblem-heroes.com\/wp-content\/uploads\/grego_swell_sword_slide01.png\" alt=\"\" \/>\r\n                        <\/li>\r\n                        <li class=\"sec_li sec_li--character\">\r\n                            <img decoding=\"async\" src=\"https:\/\/guide.fire-emblem-heroes.com\/wp-content\/uploads\/grego_swell_sword_slide02.png\" alt=\"\" \/>\r\n                        <\/li>\r\n                        <li class=\"sec_li sec_li--character\">\r\n                            <img decoding=\"async\" src=\"https:\/\/guide.fire-emblem-heroes.com\/wp-content\/uploads\/grego_swell_sword_slide03.png\" alt=\"\" \/>\r\n                        <\/li>\r\n                        <li class=\"sec_li sec_li--character\">\r\n                            <img decoding=\"async\" src=\"https:\/\/guide.fire-emblem-heroes.com\/wp-content\/uploads\/grego_swell_sword_slide04.png\" alt=\"\" \/>\r\n                        <\/li>\r\n                    <\/ul>\r\n                    <div class=\"sec_charainfoarea flex\">\r\n                        <div class=\"sec_gif\"><img loading=\"lazy\" decoding=\"async\" src=\"https:\/\/guide.fire-emblem-heroes.com\/wp-content\/uploads\/grego_swell_sword.png\" alt=\"\" width=\"210\" height=\"190\"\/><\/div>\r\n                        <div class=\"sec_charainfo\">\r\n                            <p id=\"CHARA_721_002\" class=\"sec_characate sec_characate--heroes\">Helden<\/p>\r\n                            <p id=\"CHARA_721_003\" class=\"sec_charanick\">Mietklinge<\/p>\r\n                            <p id=\"CHARA_721_004\" class=\"sec_charaname\">Gregor<\/p>\r\n                            <p id=\"CHARA_721_005\" class=\"sec_charaappearancetxt\">Erscheint in<\/p>\r\n                            <p id=\"CHARA_721_006\" class=\"sec_charaappearancetxt\">Fire Emblem: Awakening<\/p>\r\n                        <\/div>\r\n                    <\/div>\r\n                <\/section>\r\n            <\/article>\r\n            <article>\r\n                <section class=\"sec sec_characterarea\">\r\n                    <div class=\"sec_h2chara\">\r\n                        <p id=\"CHARA_721_007\" class=\"sec_h2charattl\">Sharena stellt vor!<\/p>\r\n                        <h2 id=\"CHARA_721_008\" class=\"sec_h2charatxt\">Mietklinge Gregor<\/h2>\r\n                    <\/div>\r\n                    <dl class=\"sec_dl flex\">\r\n                        <dt id=\"CHARA_721_009\" class=\"sec_dt\">Gregor ist ein erfahrener S\u00f6ldner. Er gibt sich stets so locker und unkompliziert, dass man kaum meinen w\u00fcrde, dass er ein knallharter Schwertk\u00e4mpfer ist!<\/dt>\r\n                        <dd class=\"sec_dd\">\r\n                            <a href=\"https:\/\/guide.fire-emblem-heroes.com\/wp-content\/uploads\/grego_swell_sword_pop01.png\" class=\"popup-image\">\r\n                                <img decoding=\"async\" src=\"https:\/\/guide.fire-emblem-heroes.com\/wp-content\/uploads\/grego_swell_sword_info01.png\" alt=\"\" \/>\r\n                            <\/a>\r\n                        <\/dd>\r\n                        <dt id=\"CHARA_721_010\" class=\"sec_dt\">Als Chrom, der Prinz von Ylisse, eines Tages mit seinen Hirten unterwegs war, sahen sie die Manakete Nowi auf der Flucht \u2013 und Gregor hinter ihr herjagen.<\/dt>\r\n                        <dd class=\"sec_dd\">\r\n                            <a href=\"https:\/\/guide.fire-emblem-heroes.com\/wp-content\/uploads\/grego_swell_sword_pop02.png\" class=\"popup-image\">\r\n                                <img decoding=\"async\" src=\"https:\/\/guide.fire-emblem-heroes.com\/wp-content\/uploads\/grego_swell_sword_info02.png\" alt=\"\" \/>\r\n                            <\/a>\r\n                        <\/dd>\r\n                        <dt id=\"CHARA_721_011\" class=\"sec_dt\">Gregor war damals von den Grimleal, den Anbetern des D\u00e4monendrachen, angeheuert worden. Aber im Stillen hatte er sich anscheinend vorgenommen, sie zu befreien, und jagte ihr nur hinterher, um sie in Sicherheit zu bringen!<\/dt>\r\n                        <dd class=\"sec_dd\">\r\n                            <a href=\"https:\/\/guide.fire-emblem-heroes.com\/wp-content\/uploads\/grego_swell_sword_pop03.png\" class=\"popup-image\">\r\n                                <img decoding=\"async\" src=\"https:\/\/guide.fire-emblem-heroes.com\/wp-content\/uploads\/grego_swell_sword_info03.png\" alt=\"\" \/>\r\n                            <\/a>\r\n                        <\/dd>\r\n                        <dt id=\"CHARA_721_012\" class=\"sec_dt\">Nachdem Gregor die Verfolger der Grimleal besiegt hatte, trat er in Chroms Dienste. Nat\u00fcrlich schloss sich auch Nowi der Gruppe an, und so nahm die ganze Geschichte ein gutes Ende!<\/dt>\r\n                        <dd class=\"sec_dd\">\r\n                            <a href=\"https:\/\/guide.fire-emblem-heroes.com\/wp-content\/uploads\/grego_swell_sword_pop04.png\" class=\"popup-image\">\r\n                                <img decoding=\"async\" src=\"https:\/\/guide.fire-emblem-heroes.com\/wp-content\/uploads\/grego_swell_sword_info04.png\" alt=\"\" \/>\r\n                            <\/a>\r\n                        <\/dd>\r\n                    <\/dl>\r\n                    <h3 id=\"CHARA_721_013\" class=\"sec_h3charatxt\">Beziehungen<\/h3>\r\n                    <h4 id=\"CHARA_721_014\" class=\"sec_h4charatxt\">Nowi<\/h4>\r\n                    <p id=\"CHARA_721_015\" class=\"sec_charatxt\">Manakete, die mit Chroms Truppe reist. Sie sieht sehr jung aus, ist in Wahrheit aber \u00fcber tausend Jahre alt. Sie wurde von den Grimleal gefangen genommen und von Gregor gerettet.<\/p>\r\n                    <h4 id=\"CHARA_721_016\" class=\"sec_h4charatxt\">Chrom<\/h4>\r\n                    <p id=\"CHARA_721_017\" class=\"sec_charatxt\">Ein Prinz von Ylisse, Nachfahre des Heldenk\u00f6nigs und Anf\u00fchrer der Hirten. Heuerte Gregor als S\u00f6ldner an.<\/p>\r\n                <\/section>\r\n            <\/article>\r\n        <\/main>","protected":false},"excerpt":{"rendered":"Helden Mietklinge Gregor Erscheint in Fire Emblem: Awakening Sharena stellt vor! Mietklinge Gregor Gregor ist ein erfahrener S\u00f6ldner. Er gibt sich stets so locker und unkompliziert, dass man kaum meinen w\u00fcrde, dass er ein knallharter Schwertk\u00e4mpfer ist! Als Chrom, der Prinz von Ylisse, eines Tages mit seinen Hirten unterwegs war, sahen sie die Manakete Nowi [&hellip;]","protected":false},"author":1,"featured_media":37793,"comment_status":"closed","ping_status":"closed","sticky":false,"template":"","format":"standard","meta":{"advanced_seo_description":"","jetpack_seo_html_title":"","jetpack_seo_noindex":false,"_jetpack_newsletter_access":"","_jetpack_dont_email_post_to_subs":false,"_jetpack_newsletter_tier_id":0,"_jetpack_memberships_contains_paywalled_content":false,"_locale":"de_DE","_original_post":"https:\/\/guide.fire-emblem-heroes.com\/?p=37632","_jetpack_memberships_contains_paid_content":false,"footnotes":"","jetpack_publicize_message":"","jetpack_publicize_feature_enabled":true,"jetpack_social_post_already_shared":false,"jetpack_social_options":{"image_generator_settings":{"template":"highway","default_image_id":0,"font":"","enabled":false},"version":2},"_wpas_customize_per_network":false,"jetpack_post_was_ever_published":false},"categories":[1384,1415,1431,1390],"tags":[1417],"class_list":["post-37635","post","type-post","status-publish","format-standard","has-post-thumbnail","hentry","category-character","category-heroes","category-ex_works_awakening","category-stay_heroes","tag-helden","de-DE"],"jetpack_publicize_connections":[],"jetpack_featured_media_url":"https:\/\/guide.fire-emblem-heroes.com\/wp-content\/uploads\/grego_swell_sword.png","jetpack_sharing_enabled":false,"jetpack_shortlink":"https:\/\/wp.me\/pa0Mj3-9N1","jetpack_likes_enabled":false,"amp_enabled":false,"_links":{"self":[{"href":"https:\/\/guide.fire-emblem-heroes.com\/wp-json\/wp\/v2\/posts\/37635","targetHints":{"allow":["GET"]}}],"collection":[{"href":"https:\/\/guide.fire-emblem-heroes.com\/wp-json\/wp\/v2\/posts"}],"about":[{"href":"https:\/\/guide.fire-emblem-heroes.com\/wp-json\/wp\/v2\/types\/post"}],"author":[{"embeddable":true,"href":"https:\/\/guide.fire-emblem-heroes.com\/wp-json\/wp\/v2\/users\/1"}],"replies":[{"embeddable":true,"href":"https:\/\/guide.fire-emblem-heroes.com\/wp-json\/wp\/v2\/comments?post=37635"}],"version-history":[{"count":1,"href":"https:\/\/guide.fire-emblem-heroes.com\/wp-json\/wp\/v2\/posts\/37635\/revisions"}],"predecessor-version":[{"id":37648,"href":"https:\/\/guide.fire-emblem-heroes.com\/wp-json\/wp\/v2\/posts\/37635\/revisions\/37648"}],"wp:featuredmedia":[{"embeddable":true,"href":"https:\/\/guide.fire-emblem-heroes.com\/wp-json\/wp\/v2\/media\/37793"}],"wp:attachment":[{"href":"https:\/\/guide.fire-emblem-heroes.com\/wp-json\/wp\/v2\/media?parent=37635"}],"wp:term":[{"taxonomy":"category","embeddable":true,"href":"https:\/\/guide.fire-emblem-heroes.com\/wp-json\/wp\/v2\/categories?post=37635"},{"taxonomy":"post_tag","embeddable":true,"href":"https:\/\/guide.fire-emblem-heroes.com\/wp-json\/wp\/v2\/tags?post=37635"}],"curies":[{"name":"wp","href":"https:\/\/api.w.org\/{rel}","templated":true}]}}