






{"id":37909,"date":"2022-10-28T11:25:58","date_gmt":"2022-10-28T02:25:58","guid":{"rendered":"https:\/\/guide.fire-emblem-heroes.com\/?p=37909"},"modified":"2022-10-31T11:50:57","modified_gmt":"2022-10-31T02:50:57","slug":"01008001000053-2","status":"publish","type":"post","link":"https:\/\/guide.fire-emblem-heroes.com\/de\/01008001000053-2\/","title":{"rendered":"<span class=\"character_nick\">Prinzessin von Gra<\/span><span class=\"character_name\">Sheena<\/span>"},"content":{"rendered":"<main id=\"CHARA_727\" class=\"main_page character\">\r\n            <article>\r\n                <section class=\"sec sec_character\">\r\n                    <ul class=\"sec_ul sec_ul--character slick-box\">\r\n                        <li class=\"sec_li sec_li--character\">\r\n                            <img decoding=\"async\" src=\"https:\/\/guide.fire-emblem-heroes.com\/wp-content\/uploads\/sima_princess_of_gra_slide01.png\" alt=\"\" \/>\r\n                        <\/li>\r\n                        <li class=\"sec_li sec_li--character\">\r\n                            <img decoding=\"async\" src=\"https:\/\/guide.fire-emblem-heroes.com\/wp-content\/uploads\/sima_princess_of_gra_slide02.png\" alt=\"\" \/>\r\n                        <\/li>\r\n                        <li class=\"sec_li sec_li--character\">\r\n                            <img decoding=\"async\" src=\"https:\/\/guide.fire-emblem-heroes.com\/wp-content\/uploads\/sima_princess_of_gra_slide03.png\" alt=\"\" \/>\r\n                        <\/li>\r\n                        <li class=\"sec_li sec_li--character\">\r\n                            <img decoding=\"async\" src=\"https:\/\/guide.fire-emblem-heroes.com\/wp-content\/uploads\/sima_princess_of_gra_slide04.png\" alt=\"\" \/>\r\n                        <\/li>\r\n                    <\/ul>\r\n                    <div class=\"sec_charainfoarea flex\">\r\n                        <div class=\"sec_gif\"><img loading=\"lazy\" decoding=\"async\" src=\"https:\/\/guide.fire-emblem-heroes.com\/wp-content\/uploads\/sima_princess_of_gra.png\" alt=\"\" width=\"210\" height=\"190\"\/><\/div>\r\n                        <div class=\"sec_charainfo\">\r\n                            <p id=\"CHARA_727_002\" class=\"sec_characate sec_characate--heroes\">Helden<\/p>\r\n                            <p id=\"CHARA_727_003\" class=\"sec_charanick\">Prinzessin von Gra<\/p>\r\n                            <p id=\"CHARA_727_004\" class=\"sec_charaname\">Sheena<\/p>\r\n                            <p id=\"CHARA_727_005\" class=\"sec_charaappearancetxt\">Erscheint in<\/p>\r\n                            <p id=\"CHARA_727_006\" class=\"sec_charaappearancetxt\">Fire Emblem: Mystery of the Emblem<\/p>\r\n                        <\/div>\r\n                    <\/div>\r\n                <\/section>\r\n            <\/article>\r\n            <article>\r\n                <section class=\"sec sec_characterarea\">\r\n                    <div class=\"sec_h2chara\">\r\n                        <p id=\"CHARA_727_007\" class=\"sec_h2charattl\">Sharena stellt vor!<\/p>\r\n                        <h2 id=\"CHARA_727_008\" class=\"sec_h2charatxt\">Prinzessin von Gra Sheena<\/h2>\r\n                    <\/div>\r\n                    <dl class=\"sec_dl flex\">\r\n                        <dt id=\"CHARA_727_009\" class=\"sec_dt\">Heute stelle ich dir Sheena vor, die Prinzessin von Gra! Sie hatte ein schwieriges Verh\u00e4ltnis zu ihrem Vater, dem K\u00f6nig, und lebte eine Zeit lang heimlich in der Hauptstadt des K\u00f6nigreichs Akaneia.<\/dt>\r\n                        <dd class=\"sec_dd\">\r\n                            <a href=\"https:\/\/guide.fire-emblem-heroes.com\/wp-content\/uploads\/sima_princess_of_gra_pop01.png\" class=\"popup-image\">\r\n                                <img decoding=\"async\" src=\"https:\/\/guide.fire-emblem-heroes.com\/wp-content\/uploads\/sima_princess_of_gra_info01.png\" alt=\"\" \/>\r\n                            <\/a>\r\n                        <\/dd>\r\n                        <dt id=\"CHARA_727_010\" class=\"sec_dt\">Der K\u00f6nig von Gra war ein habgieriger Mann, der im Krieg auf dem Kontinent ums Leben kam. Nach seinem Tod setzte der Kaiser von Akaneia Sheena als neue Erbin ein.<\/dt>\r\n                        <dd class=\"sec_dd\">\r\n                            <a href=\"https:\/\/guide.fire-emblem-heroes.com\/wp-content\/uploads\/sima_princess_of_gra_pop02.png\" class=\"popup-image\">\r\n                                <img decoding=\"async\" src=\"https:\/\/guide.fire-emblem-heroes.com\/wp-content\/uploads\/sima_princess_of_gra_info02.png\" alt=\"\" \/>\r\n                            <\/a>\r\n                        <\/dd>\r\n                        <dt id=\"CHARA_727_011\" class=\"sec_dt\">Doch nach ihrer R\u00fcckkehr in die Heimat warteten noch mehr Krieg und Qu\u00e4lereien auf Sheena: Der Kaiser befahl ihr, gegen Marth, den Prinzen von Altea, zu k\u00e4mpfen!<\/dt>\r\n                        <dd class=\"sec_dd\">\r\n                            <a href=\"https:\/\/guide.fire-emblem-heroes.com\/wp-content\/uploads\/sima_princess_of_gra_pop03.png\" class=\"popup-image\">\r\n                                <img decoding=\"async\" src=\"https:\/\/guide.fire-emblem-heroes.com\/wp-content\/uploads\/sima_princess_of_gra_info03.png\" alt=\"\" \/>\r\n                            <\/a>\r\n                        <\/dd>\r\n                        <dt id=\"CHARA_727_012\" class=\"sec_dt\">Als sie ihm auf dem Schlachtfeld gegen\u00fcberstand, beobachtete Sheena, wie Marth Gnade gegen\u00fcber den Soldaten von Gra walten lie\u00df. Bewegt von seiner G\u00fcte brach sie mit Akaneia und schloss sich Marth an, um f\u00fcr ihre geliebte Heimat und ihr Volk zu k\u00e4mpfen!<\/dt>\r\n                        <dd class=\"sec_dd\">\r\n                            <a href=\"https:\/\/guide.fire-emblem-heroes.com\/wp-content\/uploads\/sima_princess_of_gra_pop04.png\" class=\"popup-image\">\r\n                                <img decoding=\"async\" src=\"https:\/\/guide.fire-emblem-heroes.com\/wp-content\/uploads\/sima_princess_of_gra_info04.png\" alt=\"\" \/>\r\n                            <\/a>\r\n                        <\/dd>\r\n                    <\/dl>\r\n                    <h3 id=\"CHARA_727_013\" class=\"sec_h3charatxt\">Beziehungen<\/h3>\r\n                    <h4 id=\"CHARA_727_014\" class=\"sec_h4charatxt\">Samson<\/h4>\r\n                    <p id=\"CHARA_727_015\" class=\"sec_charatxt\">Ein f\u00e4higer S\u00f6ldner. Wortkarg und pflichtbewusst. Er wurde von Sheena angeheuert und k\u00e4mpft f\u00fcr Gra.<\/p>\r\n                    <h4 id=\"CHARA_727_016\" class=\"sec_h4charatxt\">Marth<\/h4>\r\n                    <p id=\"CHARA_727_017\" class=\"sec_charatxt\">Prinz von Altea, der f\u00fcr sein Heimatland k\u00e4mpft und dem seine Freunde sehr am Herzen liegen. Er t\u00f6tete Sheenas Vater, K\u00f6nig Jiol.<\/p>\r\n                <\/section>\r\n            <\/article>\r\n        <\/main>","protected":false},"excerpt":{"rendered":"Helden Prinzessin von Gra Sheena Erscheint in Fire Emblem: Mystery of the Emblem Sharena stellt vor! Prinzessin von Gra Sheena Heute stelle ich dir Sheena vor, die Prinzessin von Gra! Sie hatte ein schwieriges Verh\u00e4ltnis zu ihrem Vater, dem K\u00f6nig, und lebte eine Zeit lang heimlich in der Hauptstadt des K\u00f6nigreichs Akaneia. Der K\u00f6nig von [&hellip;]","protected":false},"author":1,"featured_media":38121,"comment_status":"closed","ping_status":"closed","sticky":false,"template":"","format":"standard","meta":{"advanced_seo_description":"","jetpack_seo_html_title":"","jetpack_seo_noindex":false,"_jetpack_newsletter_access":"","_jetpack_dont_email_post_to_subs":false,"_jetpack_newsletter_tier_id":0,"_jetpack_memberships_contains_paywalled_content":false,"_locale":"de_DE","_original_post":"https:\/\/guide.fire-emblem-heroes.com\/?p=37906","_jetpack_memberships_contains_paid_content":false,"footnotes":"","jetpack_publicize_message":"","jetpack_publicize_feature_enabled":true,"jetpack_social_post_already_shared":false,"jetpack_social_options":{"image_generator_settings":{"template":"highway","default_image_id":0,"font":"","enabled":false},"version":2},"_wpas_customize_per_network":false,"jetpack_post_was_ever_published":false},"categories":[1384,1424,1415,1390],"tags":[1417],"class_list":["post-37909","post","type-post","status-publish","format-standard","has-post-thumbnail","hentry","category-character","category-ex_works_mystery_of_the_emblem","category-heroes","category-stay_heroes","tag-helden","de-DE"],"jetpack_publicize_connections":[],"jetpack_featured_media_url":"https:\/\/guide.fire-emblem-heroes.com\/wp-content\/uploads\/sima_princess_of_gra.png","jetpack_sharing_enabled":false,"jetpack_shortlink":"https:\/\/wp.me\/pa0Mj3-9Rr","jetpack_likes_enabled":false,"amp_enabled":false,"_links":{"self":[{"href":"https:\/\/guide.fire-emblem-heroes.com\/wp-json\/wp\/v2\/posts\/37909","targetHints":{"allow":["GET"]}}],"collection":[{"href":"https:\/\/guide.fire-emblem-heroes.com\/wp-json\/wp\/v2\/posts"}],"about":[{"href":"https:\/\/guide.fire-emblem-heroes.com\/wp-json\/wp\/v2\/types\/post"}],"author":[{"embeddable":true,"href":"https:\/\/guide.fire-emblem-heroes.com\/wp-json\/wp\/v2\/users\/1"}],"replies":[{"embeddable":true,"href":"https:\/\/guide.fire-emblem-heroes.com\/wp-json\/wp\/v2\/comments?post=37909"}],"version-history":[{"count":1,"href":"https:\/\/guide.fire-emblem-heroes.com\/wp-json\/wp\/v2\/posts\/37909\/revisions"}],"predecessor-version":[{"id":37921,"href":"https:\/\/guide.fire-emblem-heroes.com\/wp-json\/wp\/v2\/posts\/37909\/revisions\/37921"}],"wp:featuredmedia":[{"embeddable":true,"href":"https:\/\/guide.fire-emblem-heroes.com\/wp-json\/wp\/v2\/media\/38121"}],"wp:attachment":[{"href":"https:\/\/guide.fire-emblem-heroes.com\/wp-json\/wp\/v2\/media?parent=37909"}],"wp:term":[{"taxonomy":"category","embeddable":true,"href":"https:\/\/guide.fire-emblem-heroes.com\/wp-json\/wp\/v2\/categories?post=37909"},{"taxonomy":"post_tag","embeddable":true,"href":"https:\/\/guide.fire-emblem-heroes.com\/wp-json\/wp\/v2\/tags?post=37909"}],"curies":[{"name":"wp","href":"https:\/\/api.w.org\/{rel}","templated":true}]}}