






{"id":38602,"date":"2022-11-28T11:22:48","date_gmt":"2022-11-28T02:22:48","guid":{"rendered":"https:\/\/guide.fire-emblem-heroes.com\/?p=38602"},"modified":"2022-12-16T16:11:29","modified_gmt":"2022-12-16T07:11:29","slug":"00001005000881-2","status":"publish","type":"post","link":"https:\/\/guide.fire-emblem-heroes.com\/de\/00001005000881-2\/","title":{"rendered":"<span class=\"character_nick\">Die Aufbl\u00fchende<\/span><span class=\"character_name\">Veronica<\/span>"},"content":{"rendered":"<main id=\"CHARA_744\" class=\"main_page character\">\r\n            <article>\r\n                <section class=\"sec sec_character\">\r\n                    <ul class=\"sec_ul sec_ul--character slick-box\">\r\n                        <li class=\"sec_li sec_li--character\">\r\n                            <img decoding=\"async\" src=\"https:\/\/guide.fire-emblem-heroes.com\/wp-content\/uploads\/veronica_princess_rising_slide01.png\" alt=\"\" \/>\r\n                        <\/li>\r\n                        <li class=\"sec_li sec_li--character\">\r\n                            <img decoding=\"async\" src=\"https:\/\/guide.fire-emblem-heroes.com\/wp-content\/uploads\/veronica_princess_rising_slide02.png\" alt=\"\" \/>\r\n                        <\/li>\r\n                        <li class=\"sec_li sec_li--character\">\r\n                            <img decoding=\"async\" src=\"https:\/\/guide.fire-emblem-heroes.com\/wp-content\/uploads\/veronica_princess_rising_slide03.png\" alt=\"\" \/>\r\n                        <\/li>\r\n                        <li class=\"sec_li sec_li--character\">\r\n                            <img decoding=\"async\" src=\"https:\/\/guide.fire-emblem-heroes.com\/wp-content\/uploads\/veronica_princess_rising_slide04.png\" alt=\"\" \/>\r\n                        <\/li>\r\n                    <\/ul>\r\n                    <div class=\"sec_charainfoarea flex\">\r\n                        <div class=\"sec_gif\"><img loading=\"lazy\" decoding=\"async\" src=\"https:\/\/guide.fire-emblem-heroes.com\/wp-content\/uploads\/veronica_princess_rising.png\" alt=\"\" width=\"210\" height=\"190\"\/><\/div>\r\n                        <div class=\"sec_charainfo\">\r\n                            <p id=\"CHARA_744_002\" class=\"sec_characate sec_characate--legendary_heroes\">Legend\u00e4re Helden<\/p>\r\n                            <p id=\"CHARA_744_003\" class=\"sec_charanick\">Die Aufbl\u00fchende<\/p>\r\n                            <p id=\"CHARA_744_004\" class=\"sec_charaname\">Veronica<\/p>\r\n                            <p id=\"CHARA_744_005\" class=\"sec_charaappearancetxt\">Erscheint in<\/p>\r\n                            <p id=\"CHARA_744_006\" class=\"sec_charaappearancetxt\">Fire Emblem Heroes<\/p>\r\n                        <\/div>\r\n                    <\/div>\r\n                <\/section>\r\n            <\/article>\r\n            <article>\r\n                <section class=\"sec sec_characterarea\">\r\n                    <div class=\"sec_h2chara\">\r\n                        <p id=\"CHARA_744_007\" class=\"sec_h2charattl\">Sharena stellt vor!<\/p>\r\n                        <h2 id=\"CHARA_744_008\" class=\"sec_h2charatxt\">Die Aufbl\u00fchende Veronica<\/h2>\r\n                    <\/div>\r\n                    <dl class=\"sec_dl flex\">\r\n                        <dt id=\"CHARA_744_009\" class=\"sec_dt\">Embla hat die totale Kontrolle \u00fcber jeden, der ihrer Blutlinie angeh\u00f6rt, und trachtet der k\u00f6niglichen Familie von Askr nach dem Leben. Veronica, die Prinzessin des Kaiserreichs Embla, litt ebenfalls unter Emblas Fluch und betrachtete das K\u00f6nigreich Askr als ihren Feind.<\/dt>\r\n                        <dd class=\"sec_dd\">\r\n                            <a href=\"https:\/\/guide.fire-emblem-heroes.com\/wp-content\/uploads\/veronica_princess_rising_pop01.png\" class=\"popup-image\">\r\n                                <img decoding=\"async\" src=\"https:\/\/guide.fire-emblem-heroes.com\/wp-content\/uploads\/veronica_princess_rising_info01.png\" alt=\"\" \/>\r\n                            <\/a>\r\n                        <\/dd>\r\n                        <dt id=\"CHARA_744_010\" class=\"sec_dt\">Veronicas K\u00f6rper unterlag Emblas Kontrolle, und so k\u00e4mpfte sie gegen Alfonse und mich, obwohl sie sich mit aller Kraft gegen den Fluch wehrte.<\/dt>\r\n                        <dd class=\"sec_dd\">\r\n                            <a href=\"https:\/\/guide.fire-emblem-heroes.com\/wp-content\/uploads\/veronica_princess_rising_pop02.png\" class=\"popup-image\">\r\n                                <img decoding=\"async\" src=\"https:\/\/guide.fire-emblem-heroes.com\/wp-content\/uploads\/veronica_princess_rising_info02.png\" alt=\"\" \/>\r\n                            <\/a>\r\n                        <\/dd>\r\n                        <dt id=\"CHARA_744_011\" class=\"sec_dt\">Aber der Weltenschl\u00fcssel von Yggdrasil befreite Veronica von Emblas Kontrolle und von ihrem Hass auf Askr! Seitdem nutzt sie ihre Kr\u00e4fte, um in ihrem Kaiserreich den Frieden wiederherzustellen.<\/dt>\r\n                        <dd class=\"sec_dd\">\r\n                            <a href=\"https:\/\/guide.fire-emblem-heroes.com\/wp-content\/uploads\/veronica_princess_rising_pop03.png\" class=\"popup-image\">\r\n                                <img decoding=\"async\" src=\"https:\/\/guide.fire-emblem-heroes.com\/wp-content\/uploads\/veronica_princess_rising_info03.png\" alt=\"\" \/>\r\n                            <\/a>\r\n                        <\/dd>\r\n                        <dt id=\"CHARA_744_012\" class=\"sec_dt\">Jetzt, wo sie wieder die Alte ist, hoffe ich, dass sie uns wieder zur Seite steht und mithilft, die Kluft zwischen dem Kaiserreich Embla und dem K\u00f6nigreich Askr zu \u00fcberbr\u00fccken!<\/dt>\r\n                        <dd class=\"sec_dd\">\r\n                            <a href=\"https:\/\/guide.fire-emblem-heroes.com\/wp-content\/uploads\/veronica_princess_rising_pop04.png\" class=\"popup-image\">\r\n                                <img decoding=\"async\" src=\"https:\/\/guide.fire-emblem-heroes.com\/wp-content\/uploads\/veronica_princess_rising_info04.png\" alt=\"\" \/>\r\n                            <\/a>\r\n                        <\/dd>\r\n                    <\/dl>\r\n                    <h3 id=\"CHARA_744_013\" class=\"sec_h3charatxt\">Beziehungen<\/h3>\r\n                    <h4 id=\"CHARA_744_014\" class=\"sec_h4charatxt\">Embla<\/h4>\r\n                    <p id=\"CHARA_744_015\" class=\"sec_charatxt\">G\u00f6ttin des verschlossenen K\u00f6nigreichs, mit dem sie den Namen teilt. Sie wird von Bosheit und Missgunst beherrscht und w\u00fcnscht jedem, der sich auf Askrs Seite schl\u00e4gt, den Tod.<\/p>\r\n                <\/section>\r\n            <\/article>\r\n        <\/main>","protected":false},"excerpt":{"rendered":"Legend\u00e4re Helden Die Aufbl\u00fchende Veronica Erscheint in Fire Emblem Heroes Sharena stellt vor! Die Aufbl\u00fchende Veronica Embla hat die totale Kontrolle \u00fcber jeden, der ihrer Blutlinie angeh\u00f6rt, und trachtet der k\u00f6niglichen Familie von Askr nach dem Leben. Veronica, die Prinzessin des Kaiserreichs Embla, litt ebenfalls unter Emblas Fluch und betrachtete das K\u00f6nigreich Askr als ihren [&hellip;]","protected":false},"author":1,"featured_media":38818,"comment_status":"closed","ping_status":"closed","sticky":false,"template":"","format":"standard","meta":{"advanced_seo_description":"","jetpack_seo_html_title":"","jetpack_seo_noindex":false,"_jetpack_newsletter_access":"","_jetpack_dont_email_post_to_subs":false,"_jetpack_newsletter_tier_id":0,"_jetpack_memberships_contains_paywalled_content":false,"_locale":"de_DE","_original_post":"https:\/\/guide.fire-emblem-heroes.com\/?p=38599","_jetpack_memberships_contains_paid_content":false,"footnotes":"","jetpack_publicize_message":"","jetpack_publicize_feature_enabled":true,"jetpack_social_post_already_shared":false,"jetpack_social_options":{"image_generator_settings":{"template":"highway","default_image_id":0,"font":"","enabled":false},"version":2},"_wpas_customize_per_network":false,"jetpack_post_was_ever_published":false},"categories":[1384,1423,1390,1388],"tags":[1393],"class_list":["post-38602","post","type-post","status-publish","format-standard","has-post-thumbnail","hentry","category-character","category-ex_works_heroes","category-stay_heroes","category-legendary_heroes","tag-legendare-helden","de-DE"],"jetpack_publicize_connections":[],"jetpack_featured_media_url":"https:\/\/guide.fire-emblem-heroes.com\/wp-content\/uploads\/veronica_princess_rising.png","jetpack_sharing_enabled":false,"jetpack_shortlink":"https:\/\/wp.me\/pa0Mj3-a2C","jetpack_likes_enabled":false,"amp_enabled":false,"_links":{"self":[{"href":"https:\/\/guide.fire-emblem-heroes.com\/wp-json\/wp\/v2\/posts\/38602","targetHints":{"allow":["GET"]}}],"collection":[{"href":"https:\/\/guide.fire-emblem-heroes.com\/wp-json\/wp\/v2\/posts"}],"about":[{"href":"https:\/\/guide.fire-emblem-heroes.com\/wp-json\/wp\/v2\/types\/post"}],"author":[{"embeddable":true,"href":"https:\/\/guide.fire-emblem-heroes.com\/wp-json\/wp\/v2\/users\/1"}],"replies":[{"embeddable":true,"href":"https:\/\/guide.fire-emblem-heroes.com\/wp-json\/wp\/v2\/comments?post=38602"}],"version-history":[{"count":1,"href":"https:\/\/guide.fire-emblem-heroes.com\/wp-json\/wp\/v2\/posts\/38602\/revisions"}],"predecessor-version":[{"id":38611,"href":"https:\/\/guide.fire-emblem-heroes.com\/wp-json\/wp\/v2\/posts\/38602\/revisions\/38611"}],"wp:featuredmedia":[{"embeddable":true,"href":"https:\/\/guide.fire-emblem-heroes.com\/wp-json\/wp\/v2\/media\/38818"}],"wp:attachment":[{"href":"https:\/\/guide.fire-emblem-heroes.com\/wp-json\/wp\/v2\/media?parent=38602"}],"wp:term":[{"taxonomy":"category","embeddable":true,"href":"https:\/\/guide.fire-emblem-heroes.com\/wp-json\/wp\/v2\/categories?post=38602"},{"taxonomy":"post_tag","embeddable":true,"href":"https:\/\/guide.fire-emblem-heroes.com\/wp-json\/wp\/v2\/tags?post=38602"}],"curies":[{"name":"wp","href":"https:\/\/api.w.org\/{rel}","templated":true}]}}