






{"id":38644,"date":"2022-11-28T12:49:48","date_gmt":"2022-11-28T03:49:48","guid":{"rendered":"https:\/\/guide.fire-emblem-heroes.com\/?p=38644"},"modified":"2022-11-29T13:15:19","modified_gmt":"2022-11-29T04:15:19","slug":"10069005000228-2","status":"publish","type":"post","link":"https:\/\/guide.fire-emblem-heroes.com\/de\/10069005000228-2\/","title":{"rendered":"<span class=\"character_nick\">Maskenreiter<\/span><span class=\"character_name\">Gerome<\/span>"},"content":{"rendered":"<main id=\"CHARA_746\" class=\"main_page character\">\r\n            <article>\r\n                <section class=\"sec sec_character\">\r\n                    <ul class=\"sec_ul sec_ul--character slick-box\">\r\n                        <li class=\"sec_li sec_li--character\">\r\n                            <img decoding=\"async\" src=\"https:\/\/guide.fire-emblem-heroes.com\/wp-content\/uploads\/jerome_masked_rider_slide01.png\" alt=\"\" \/>\r\n                        <\/li>\r\n                        <li class=\"sec_li sec_li--character\">\r\n                            <img decoding=\"async\" src=\"https:\/\/guide.fire-emblem-heroes.com\/wp-content\/uploads\/jerome_masked_rider_slide02.png\" alt=\"\" \/>\r\n                        <\/li>\r\n                        <li class=\"sec_li sec_li--character\">\r\n                            <img decoding=\"async\" src=\"https:\/\/guide.fire-emblem-heroes.com\/wp-content\/uploads\/jerome_masked_rider_slide03.png\" alt=\"\" \/>\r\n                        <\/li>\r\n                        <li class=\"sec_li sec_li--character\">\r\n                            <img decoding=\"async\" src=\"https:\/\/guide.fire-emblem-heroes.com\/wp-content\/uploads\/jerome_masked_rider_slide04.png\" alt=\"\" \/>\r\n                        <\/li>\r\n                    <\/ul>\r\n                    <div class=\"sec_charainfoarea flex\">\r\n                        <div class=\"sec_gif\"><img loading=\"lazy\" decoding=\"async\" src=\"https:\/\/guide.fire-emblem-heroes.com\/wp-content\/uploads\/jerome_masked_rider.png\" alt=\"\" width=\"210\" height=\"190\"\/><\/div>\r\n                        <div class=\"sec_charainfo\">\r\n                            <p id=\"CHARA_746_002\" class=\"sec_characate sec_characate--heroes\">Helden<\/p>\r\n                            <p id=\"CHARA_746_003\" class=\"sec_charanick\">Maskenreiter<\/p>\r\n                            <p id=\"CHARA_746_004\" class=\"sec_charaname\">Gerome<\/p>\r\n                            <p id=\"CHARA_746_005\" class=\"sec_charaappearancetxt\">Erscheint in<\/p>\r\n                            <p id=\"CHARA_746_006\" class=\"sec_charaappearancetxt\">Fire Emblem: Awakening<\/p>\r\n                        <\/div>\r\n                    <\/div>\r\n                <\/section>\r\n            <\/article>\r\n            <article>\r\n                <section class=\"sec sec_characterarea\">\r\n                    <div class=\"sec_h2chara\">\r\n                        <p id=\"CHARA_746_007\" class=\"sec_h2charattl\">Sharena stellt vor!<\/p>\r\n                        <h2 id=\"CHARA_746_008\" class=\"sec_h2charatxt\">Maskenreiter Gerome<\/h2>\r\n                    <\/div>\r\n                    <dl class=\"sec_dl flex\">\r\n                        <dt id=\"CHARA_746_009\" class=\"sec_dt\">Das ist Gerome, der aus der Zukunft ins K\u00f6nigreich Ylisse gereist kam. Er ist ein Wyvernritter, genau wie seine Mutter Zelcher, auch wenn jegliche sonstige \u00c4hnlichkeit von der Maske, die er tr\u00e4gt, verborgen wird!<\/dt>\r\n                        <dd class=\"sec_dd\">\r\n                            <a href=\"https:\/\/guide.fire-emblem-heroes.com\/wp-content\/uploads\/jerome_masked_rider_pop01.png\" class=\"popup-image\">\r\n                                <img decoding=\"async\" src=\"https:\/\/guide.fire-emblem-heroes.com\/wp-content\/uploads\/jerome_masked_rider_info01.png\" alt=\"\" \/>\r\n                            <\/a>\r\n                        <\/dd>\r\n                        <dt id=\"CHARA_746_010\" class=\"sec_dt\">Gerome reiste zur\u00fcck ins Ylisse der Gegenwart, um Minerva ins Wyverntal zur\u00fcckzubringen. Minerva war Zelchers Wyvern gewesen, bevor sie in der Zukunft, aus der Gerome kam, verstarb&#8230;<\/dt>\r\n                        <dd class=\"sec_dd\">\r\n                            <a href=\"https:\/\/guide.fire-emblem-heroes.com\/wp-content\/uploads\/jerome_masked_rider_pop02.png\" class=\"popup-image\">\r\n                                <img decoding=\"async\" src=\"https:\/\/guide.fire-emblem-heroes.com\/wp-content\/uploads\/jerome_masked_rider_info02.png\" alt=\"\" \/>\r\n                            <\/a>\r\n                        <\/dd>\r\n                        <dt id=\"CHARA_746_011\" class=\"sec_dt\">Anscheinend hat Gerome schon als kleiner Junge Masken getragen, weil er fand, dass man damit verwegen aussieht, und diese Angewohnheit ist geblieben. Au\u00dferdem habe ich geh\u00f6rt, dass Lucina die Maske, die sie bei ihrer Reise in die Gegenwart trug, von Gerome bekommen hat!<\/dt>\r\n                        <dd class=\"sec_dd\">\r\n                            <a href=\"https:\/\/guide.fire-emblem-heroes.com\/wp-content\/uploads\/jerome_masked_rider_pop03.png\" class=\"popup-image\">\r\n                                <img decoding=\"async\" src=\"https:\/\/guide.fire-emblem-heroes.com\/wp-content\/uploads\/jerome_masked_rider_info03.png\" alt=\"\" \/>\r\n                            <\/a>\r\n                        <\/dd>\r\n                        <dt id=\"CHARA_746_012\" class=\"sec_dt\">Gerome wahrt eine seltsame Distanz zu seinen Eltern, obwohl er extra aus der Zukunft gereist kam, um bei ihnen zu sein. Ich frage mich, ob es einen Grund f\u00fcr seine kratzb\u00fcrstige Haltung gibt?<\/dt>\r\n                        <dd class=\"sec_dd\">\r\n                            <a href=\"https:\/\/guide.fire-emblem-heroes.com\/wp-content\/uploads\/jerome_masked_rider_pop04.png\" class=\"popup-image\">\r\n                                <img decoding=\"async\" src=\"https:\/\/guide.fire-emblem-heroes.com\/wp-content\/uploads\/jerome_masked_rider_info04.png\" alt=\"\" \/>\r\n                            <\/a>\r\n                        <\/dd>\r\n                    <\/dl>\r\n                    <h3 id=\"CHARA_746_013\" class=\"sec_h3charatxt\">Beziehungen<\/h3>\r\n                    <h4 id=\"CHARA_746_014\" class=\"sec_h4charatxt\">Zelcher<\/h4>\r\n                    <p id=\"CHARA_746_015\" class=\"sec_charatxt\">Wyvernreiterin und K\u00e4mpferin im Adelshaus Virion. Findet ihren Wyvern Minerva einfach s\u00fc\u00df und anbetungsw\u00fcrdig. Geromes Mutter.<\/p>\r\n                <\/section>\r\n            <\/article>\r\n        <\/main>","protected":false},"excerpt":{"rendered":"Helden Maskenreiter Gerome Erscheint in Fire Emblem: Awakening Sharena stellt vor! Maskenreiter Gerome Das ist Gerome, der aus der Zukunft ins K\u00f6nigreich Ylisse gereist kam. Er ist ein Wyvernritter, genau wie seine Mutter Zelcher, auch wenn jegliche sonstige \u00c4hnlichkeit von der Maske, die er tr\u00e4gt, verborgen wird! Gerome reiste zur\u00fcck ins Ylisse der Gegenwart, um [&hellip;]","protected":false},"author":1,"featured_media":38766,"comment_status":"closed","ping_status":"closed","sticky":false,"template":"","format":"standard","meta":{"advanced_seo_description":"","jetpack_seo_html_title":"","jetpack_seo_noindex":false,"_jetpack_newsletter_access":"","_jetpack_dont_email_post_to_subs":false,"_jetpack_newsletter_tier_id":0,"_jetpack_memberships_contains_paywalled_content":false,"_locale":"de_DE","_original_post":"https:\/\/guide.fire-emblem-heroes.com\/?p=38641","_jetpack_memberships_contains_paid_content":false,"footnotes":"","jetpack_publicize_message":"","jetpack_publicize_feature_enabled":true,"jetpack_social_post_already_shared":false,"jetpack_social_options":{"image_generator_settings":{"template":"highway","default_image_id":0,"font":"","enabled":false},"version":2},"_wpas_customize_per_network":false,"jetpack_post_was_ever_published":false},"categories":[1384,1415,1431,1390],"tags":[1417],"class_list":["post-38644","post","type-post","status-publish","format-standard","has-post-thumbnail","hentry","category-character","category-heroes","category-ex_works_awakening","category-stay_heroes","tag-helden","de-DE"],"jetpack_publicize_connections":[],"jetpack_featured_media_url":"https:\/\/guide.fire-emblem-heroes.com\/wp-content\/uploads\/jerome_masked_rider.png","jetpack_sharing_enabled":false,"jetpack_shortlink":"https:\/\/wp.me\/pa0Mj3-a3i","jetpack_likes_enabled":false,"amp_enabled":false,"_links":{"self":[{"href":"https:\/\/guide.fire-emblem-heroes.com\/wp-json\/wp\/v2\/posts\/38644","targetHints":{"allow":["GET"]}}],"collection":[{"href":"https:\/\/guide.fire-emblem-heroes.com\/wp-json\/wp\/v2\/posts"}],"about":[{"href":"https:\/\/guide.fire-emblem-heroes.com\/wp-json\/wp\/v2\/types\/post"}],"author":[{"embeddable":true,"href":"https:\/\/guide.fire-emblem-heroes.com\/wp-json\/wp\/v2\/users\/1"}],"replies":[{"embeddable":true,"href":"https:\/\/guide.fire-emblem-heroes.com\/wp-json\/wp\/v2\/comments?post=38644"}],"version-history":[{"count":1,"href":"https:\/\/guide.fire-emblem-heroes.com\/wp-json\/wp\/v2\/posts\/38644\/revisions"}],"predecessor-version":[{"id":38654,"href":"https:\/\/guide.fire-emblem-heroes.com\/wp-json\/wp\/v2\/posts\/38644\/revisions\/38654"}],"wp:featuredmedia":[{"embeddable":true,"href":"https:\/\/guide.fire-emblem-heroes.com\/wp-json\/wp\/v2\/media\/38766"}],"wp:attachment":[{"href":"https:\/\/guide.fire-emblem-heroes.com\/wp-json\/wp\/v2\/media?parent=38644"}],"wp:term":[{"taxonomy":"category","embeddable":true,"href":"https:\/\/guide.fire-emblem-heroes.com\/wp-json\/wp\/v2\/categories?post=38644"},{"taxonomy":"post_tag","embeddable":true,"href":"https:\/\/guide.fire-emblem-heroes.com\/wp-json\/wp\/v2\/tags?post=38644"}],"curies":[{"name":"wp","href":"https:\/\/api.w.org\/{rel}","templated":true}]}}