






{"id":40452,"date":"2023-01-25T11:14:30","date_gmt":"2023-01-25T02:14:30","guid":{"rendered":"https:\/\/guide.fire-emblem-heroes.com\/?p=40452"},"modified":"2023-02-10T16:47:00","modified_gmt":"2023-02-10T07:47:00","slug":"01010002300911-2","status":"publish","type":"post","link":"https:\/\/guide.fire-emblem-heroes.com\/de\/01010002300911-2\/","title":{"rendered":"<span class=\"character_nick\">Wei\u00dfer Weise<\/span><span class=\"character_name\">Gotoh<\/span>"},"content":{"rendered":"<main id=\"CHARA_823\" class=\"main_page character\">\r\n            <article>\r\n                <section class=\"sec sec_character\">\r\n                    <ul class=\"sec_ul sec_ul--character slick-box\">\r\n                        <li class=\"sec_li sec_li--character\">\r\n                            <img decoding=\"async\" src=\"https:\/\/guide.fire-emblem-heroes.com\/wp-content\/uploads\/gato_archmage_slide01.png\" alt=\"\" \/>\r\n                        <\/li>\r\n                        <li class=\"sec_li sec_li--character\">\r\n                            <img decoding=\"async\" src=\"https:\/\/guide.fire-emblem-heroes.com\/wp-content\/uploads\/gato_archmage_slide02.png\" alt=\"\" \/>\r\n                        <\/li>\r\n                        <li class=\"sec_li sec_li--character\">\r\n                            <img decoding=\"async\" src=\"https:\/\/guide.fire-emblem-heroes.com\/wp-content\/uploads\/gato_archmage_slide03.png\" alt=\"\" \/>\r\n                        <\/li>\r\n                        <li class=\"sec_li sec_li--character\">\r\n                            <img decoding=\"async\" src=\"https:\/\/guide.fire-emblem-heroes.com\/wp-content\/uploads\/gato_archmage_slide04.png\" alt=\"\" \/>\r\n                        <\/li>\r\n                    <\/ul>\r\n                    <div class=\"sec_charainfoarea flex\">\r\n                        <div class=\"sec_gif\"><img loading=\"lazy\" decoding=\"async\" src=\"https:\/\/guide.fire-emblem-heroes.com\/wp-content\/uploads\/gato_archmage.png\" alt=\"\" width=\"210\" height=\"190\"\/><\/div>\r\n                        <div class=\"sec_charainfo\">\r\n                            <p id=\"CHARA_823_002\" class=\"sec_characate sec_characate--mythic_heroes\">Mythische Helden<\/p>\r\n                            <p id=\"CHARA_823_003\" class=\"sec_charanick\">Wei\u00dfer Weise<\/p>\r\n                            <p id=\"CHARA_823_004\" class=\"sec_charaname\">Gotoh<\/p>\r\n                            <p id=\"CHARA_823_005\" class=\"sec_charaappearancetxt\">Erscheint in<\/p>\r\n                            <p id=\"CHARA_823_006\" class=\"sec_charaappearancetxt\">Fire Emblem: Mystery of the Emblem<\/p>\r\n                        <\/div>\r\n                    <\/div>\r\n                <\/section>\r\n            <\/article>\r\n            <article>\r\n                <section class=\"sec sec_characterarea\">\r\n                    <div class=\"sec_h2chara\">\r\n                        <p id=\"CHARA_823_007\" class=\"sec_h2charattl\">Sharena stellt vor!<\/p>\r\n                        <h2 id=\"CHARA_823_008\" class=\"sec_h2charatxt\">Wei\u00dfer Weise Gotoh<\/h2>\r\n                    <\/div>\r\n                    <dl class=\"sec_dl flex\">\r\n                        <dt id=\"CHARA_823_009\" class=\"sec_dt\">Gotoh wird in Akaneia als der Wei\u00dfe Weise verehrt. Er wachte einst \u00fcber das Leben der Menschen &#8211; als einer der wenigen \u00dcberlebenden der Wyrmg\u00f6tter.<\/dt>\r\n                        <dd class=\"sec_dd\">\r\n                            <a href=\"https:\/\/guide.fire-emblem-heroes.com\/wp-content\/uploads\/gato_archmage_pop01.png\" class=\"popup-image\">\r\n                                <img decoding=\"async\" src=\"https:\/\/guide.fire-emblem-heroes.com\/wp-content\/uploads\/gato_archmage_info01.png\" alt=\"\" \/>\r\n                            <\/a>\r\n                        <\/dd>\r\n                        <dt id=\"CHARA_823_010\" class=\"sec_dt\">Gotoh errichtete in der W\u00fcste von Khadein eine Magieschule und unterrichtete Interessierte in Magie. Leider verfiel einer seiner Sch\u00fcler &#8211; Gharnef &#8211; der Dunkelheit.<\/dt>\r\n                        <dd class=\"sec_dd\">\r\n                            <a href=\"https:\/\/guide.fire-emblem-heroes.com\/wp-content\/uploads\/gato_archmage_pop02.png\" class=\"popup-image\">\r\n                                <img decoding=\"async\" src=\"https:\/\/guide.fire-emblem-heroes.com\/wp-content\/uploads\/gato_archmage_info02.png\" alt=\"\" \/>\r\n                            <\/a>\r\n                        <\/dd>\r\n                        <dt id=\"CHARA_823_011\" class=\"sec_dt\">Gharnef wurde der Dunkle Priester, der den Kontinent seiner Herrschaft unterwerfen wollte. Der Prinz von Altea, Marth, erhob sich, um Gharnefs Machenschaften ein Ende zu setzen.<\/dt>\r\n                        <dd class=\"sec_dd\">\r\n                            <a href=\"https:\/\/guide.fire-emblem-heroes.com\/wp-content\/uploads\/gato_archmage_pop03.png\" class=\"popup-image\">\r\n                                <img decoding=\"async\" src=\"https:\/\/guide.fire-emblem-heroes.com\/wp-content\/uploads\/gato_archmage_info03.png\" alt=\"\" \/>\r\n                            <\/a>\r\n                        <\/dd>\r\n                        <dt id=\"CHARA_823_012\" class=\"sec_dt\">Gotoh, der dem Verlauf der Geschichte folgte, war von Marths Pers\u00f6nlichkeit so beeindruckt, dass er beschloss, ihn zu unterst\u00fctzen. Wie wird dieser Konflikt am Ende wohl ausgehen?<\/dt>\r\n                        <dd class=\"sec_dd\">\r\n                            <a href=\"https:\/\/guide.fire-emblem-heroes.com\/wp-content\/uploads\/gato_archmage_pop04.png\" class=\"popup-image\">\r\n                                <img decoding=\"async\" src=\"https:\/\/guide.fire-emblem-heroes.com\/wp-content\/uploads\/gato_archmage_info04.png\" alt=\"\" \/>\r\n                            <\/a>\r\n                        <\/dd>\r\n                    <\/dl>\r\n                    <h3 id=\"CHARA_823_013\" class=\"sec_h3charatxt\">Beziehungen<\/h3>\r\n                    <h4 id=\"CHARA_823_014\" class=\"sec_h4charatxt\">Gharnef<\/h4>\r\n                    <p id=\"CHARA_823_015\" class=\"sec_charatxt\">Ein Sch\u00fcler von Gotoh, dem Wei\u00dfen Weisen. Plante, den Schattendrachen Medeus wiederzubeleben und \u00fcber die Welt zu herrschen.<\/p>\r\n                    <h4 id=\"CHARA_823_016\" class=\"sec_h4charatxt\">Miloah<\/h4>\r\n                    <p id=\"CHARA_823_017\" class=\"sec_charatxt\">Ein Sch\u00fcler von Gotoh, dem Wei\u00dfen Weisen. Der Erzbischof von Akaneia, der sp\u00e4ter von Gharnef, seinem ehemaligen Kameraden, ermordet wurde.<\/p>\r\n                <\/section>\r\n            <\/article>\r\n        <\/main>","protected":false},"excerpt":{"rendered":"Mythische Helden Wei\u00dfer Weise Gotoh Erscheint in Fire Emblem: Mystery of the Emblem Sharena stellt vor! Wei\u00dfer Weise Gotoh Gotoh wird in Akaneia als der Wei\u00dfe Weise verehrt. Er wachte einst \u00fcber das Leben der Menschen &#8211; als einer der wenigen \u00dcberlebenden der Wyrmg\u00f6tter. Gotoh errichtete in der W\u00fcste von Khadein eine Magieschule und unterrichtete [&hellip;]","protected":false},"author":1,"featured_media":40608,"comment_status":"closed","ping_status":"closed","sticky":false,"template":"","format":"standard","meta":{"advanced_seo_description":"","jetpack_seo_html_title":"","jetpack_seo_noindex":false,"_jetpack_newsletter_access":"","_jetpack_dont_email_post_to_subs":false,"_jetpack_newsletter_tier_id":0,"_jetpack_memberships_contains_paywalled_content":false,"_locale":"de_DE","_original_post":"https:\/\/guide.fire-emblem-heroes.com\/?p=40448","_jetpack_memberships_contains_paid_content":false,"footnotes":"","jetpack_publicize_message":"","jetpack_publicize_feature_enabled":true,"jetpack_social_post_already_shared":false,"jetpack_social_options":{"image_generator_settings":{"template":"highway","default_image_id":0,"font":"","enabled":false},"version":2},"_wpas_customize_per_network":false,"jetpack_post_was_ever_published":false},"categories":[1384,1385,1424,1390],"tags":[1399],"class_list":["post-40452","post","type-post","status-publish","format-standard","has-post-thumbnail","hentry","category-character","category-mythic_heroes","category-ex_works_mystery_of_the_emblem","category-stay_heroes","tag-mythische-helden","de-DE"],"jetpack_publicize_connections":[],"jetpack_featured_media_url":"https:\/\/guide.fire-emblem-heroes.com\/wp-content\/uploads\/gato_archmage.png","jetpack_sharing_enabled":false,"jetpack_shortlink":"https:\/\/wp.me\/pa0Mj3-aws","jetpack_likes_enabled":false,"amp_enabled":false,"_links":{"self":[{"href":"https:\/\/guide.fire-emblem-heroes.com\/wp-json\/wp\/v2\/posts\/40452","targetHints":{"allow":["GET"]}}],"collection":[{"href":"https:\/\/guide.fire-emblem-heroes.com\/wp-json\/wp\/v2\/posts"}],"about":[{"href":"https:\/\/guide.fire-emblem-heroes.com\/wp-json\/wp\/v2\/types\/post"}],"author":[{"embeddable":true,"href":"https:\/\/guide.fire-emblem-heroes.com\/wp-json\/wp\/v2\/users\/1"}],"replies":[{"embeddable":true,"href":"https:\/\/guide.fire-emblem-heroes.com\/wp-json\/wp\/v2\/comments?post=40452"}],"version-history":[{"count":1,"href":"https:\/\/guide.fire-emblem-heroes.com\/wp-json\/wp\/v2\/posts\/40452\/revisions"}],"predecessor-version":[{"id":40461,"href":"https:\/\/guide.fire-emblem-heroes.com\/wp-json\/wp\/v2\/posts\/40452\/revisions\/40461"}],"wp:featuredmedia":[{"embeddable":true,"href":"https:\/\/guide.fire-emblem-heroes.com\/wp-json\/wp\/v2\/media\/40608"}],"wp:attachment":[{"href":"https:\/\/guide.fire-emblem-heroes.com\/wp-json\/wp\/v2\/media?parent=40452"}],"wp:term":[{"taxonomy":"category","embeddable":true,"href":"https:\/\/guide.fire-emblem-heroes.com\/wp-json\/wp\/v2\/categories?post=40452"},{"taxonomy":"post_tag","embeddable":true,"href":"https:\/\/guide.fire-emblem-heroes.com\/wp-json\/wp\/v2\/tags?post=40452"}],"curies":[{"name":"wp","href":"https:\/\/api.w.org\/{rel}","templated":true}]}}