






{"id":41132,"date":"2023-02-24T12:09:28","date_gmt":"2023-02-24T03:09:28","guid":{"rendered":"https:\/\/guide.fire-emblem-heroes.com\/?p=41132"},"modified":"2023-03-14T16:01:43","modified_gmt":"2023-03-14T07:01:43","slug":"10001002000922-2","status":"publish","type":"post","link":"https:\/\/guide.fire-emblem-heroes.com\/de\/10001002000922-2\/","title":{"rendered":"<span class=\"character_nick\">Andere H\u00e4lfte<\/span><span class=\"character_name\">Daraen<\/span>"},"content":{"rendered":"<main id=\"CHARA_802\" class=\"main_page character\">\r\n            <article>\r\n                <section class=\"sec sec_character\">\r\n                    <ul class=\"sec_ul sec_ul--character slick-box\">\r\n                        <li class=\"sec_li sec_li--character\">\r\n                            <img decoding=\"async\" src=\"https:\/\/guide.fire-emblem-heroes.com\/wp-content\/uploads\/reflet_exalts_other_half_slide01.png\" alt=\"\" \/>\r\n                        <\/li>\r\n                        <li class=\"sec_li sec_li--character\">\r\n                            <img decoding=\"async\" src=\"https:\/\/guide.fire-emblem-heroes.com\/wp-content\/uploads\/reflet_exalts_other_half_slide02.png\" alt=\"\" \/>\r\n                        <\/li>\r\n                        <li class=\"sec_li sec_li--character\">\r\n                            <img decoding=\"async\" src=\"https:\/\/guide.fire-emblem-heroes.com\/wp-content\/uploads\/reflet_exalts_other_half_slide03.png\" alt=\"\" \/>\r\n                        <\/li>\r\n                        <li class=\"sec_li sec_li--character\">\r\n                            <img decoding=\"async\" src=\"https:\/\/guide.fire-emblem-heroes.com\/wp-content\/uploads\/reflet_exalts_other_half_slide04.png\" alt=\"\" \/>\r\n                        <\/li>\r\n                    <\/ul>\r\n                    <div class=\"sec_charainfoarea flex\">\r\n                        <div class=\"sec_gif\"><img loading=\"lazy\" decoding=\"async\" src=\"https:\/\/guide.fire-emblem-heroes.com\/wp-content\/uploads\/reflet_exalts_other_half.png\" alt=\"\" width=\"210\" height=\"190\"\/><\/div>\r\n                        <div class=\"sec_charainfo\">\r\n                            <p id=\"CHARA_802_002\" class=\"sec_characate sec_characate--legendary_heroes\">Legend\u00e4re Helden<\/p>\r\n                            <p id=\"CHARA_802_003\" class=\"sec_charanick\">Andere H\u00e4lfte<\/p>\r\n                            <p id=\"CHARA_802_004\" class=\"sec_charaname\">Daraen<\/p>\r\n                            <p id=\"CHARA_802_005\" class=\"sec_charaappearancetxt\">Erscheint in<\/p>\r\n                            <p id=\"CHARA_802_006\" class=\"sec_charaappearancetxt\">Fire Emblem: Awakening<\/p>\r\n                        <\/div>\r\n                    <\/div>\r\n                <\/section>\r\n            <\/article>\r\n            <article>\r\n                <section class=\"sec sec_characterarea\">\r\n                    <div class=\"sec_h2chara\">\r\n                        <p id=\"CHARA_802_007\" class=\"sec_h2charattl\">Sharena stellt vor!<\/p>\r\n                        <h2 id=\"CHARA_802_008\" class=\"sec_h2charatxt\">Andere H\u00e4lfte Daraen<\/h2>\r\n                    <\/div>\r\n                    <dl class=\"sec_dl flex\">\r\n                        <dt id=\"CHARA_802_009\" class=\"sec_dt\">Daraen ist ein Taktiker, dessen strategisches Genie keine Grenzen kennt. An der Seite von Chrom, dem Prinzen von Ylisse, k\u00e4mpfte er f\u00fcr den Frieden in seiner Welt!<\/dt>\r\n                        <dd class=\"sec_dd\">\r\n                            <a href=\"https:\/\/guide.fire-emblem-heroes.com\/wp-content\/uploads\/reflet_exalts_other_half_pop01.png\" class=\"popup-image\">\r\n                                <img decoding=\"async\" src=\"https:\/\/guide.fire-emblem-heroes.com\/wp-content\/uploads\/reflet_exalts_other_half_info01.png\" alt=\"\" \/>\r\n                            <\/a>\r\n                        <\/dd>\r\n                        <dt id=\"CHARA_802_010\" class=\"sec_dt\">Als die beiden sich kennenlernten, hatte Daraen alle Erinnerungen an seine Vergangenheit verloren. Doch dann erfuhr er von Valldar, dem Anf\u00fchrer der Grimleal, die Wahrheit: Er wurde geschaffen, um der Reinkarnation des D\u00e4monendrachen Grima &#8211; einem Gott, der vor langer Zeit versiegelt worden war &#8211; als Gef\u00e4\u00df zu dienen.<\/dt>\r\n                        <dd class=\"sec_dd\">\r\n                            <a href=\"https:\/\/guide.fire-emblem-heroes.com\/wp-content\/uploads\/reflet_exalts_other_half_pop02.png\" class=\"popup-image\">\r\n                                <img decoding=\"async\" src=\"https:\/\/guide.fire-emblem-heroes.com\/wp-content\/uploads\/reflet_exalts_other_half_info02.png\" alt=\"\" \/>\r\n                            <\/a>\r\n                        <\/dd>\r\n                        <dt id=\"CHARA_802_011\" class=\"sec_dt\">Daraens bitteres Schicksal wurde jedoch abgewendet, als Lucina, Chroms Tochter aus einer zuk\u00fcnftigen Welt, den Lauf der Geschichte ver\u00e4nderte!<\/dt>\r\n                        <dd class=\"sec_dd\">\r\n                            <a href=\"https:\/\/guide.fire-emblem-heroes.com\/wp-content\/uploads\/reflet_exalts_other_half_pop03.png\" class=\"popup-image\">\r\n                                <img decoding=\"async\" src=\"https:\/\/guide.fire-emblem-heroes.com\/wp-content\/uploads\/reflet_exalts_other_half_info03.png\" alt=\"\" \/>\r\n                            <\/a>\r\n                        <\/dd>\r\n                        <dt id=\"CHARA_802_012\" class=\"sec_dt\">Damals hie\u00df es, dass mit Grimas Tod auch Daraen sein Leben lassen m\u00fcsste&#8230; Doch Daraen k\u00e4mpfte trotzdem gegen ihn \u2013 er weigerte sich, sich der Kontrolle des D\u00e4monendrachen zu unterwerfen, und siegte!<\/dt>\r\n                        <dd class=\"sec_dd\">\r\n                            <a href=\"https:\/\/guide.fire-emblem-heroes.com\/wp-content\/uploads\/reflet_exalts_other_half_pop04.png\" class=\"popup-image\">\r\n                                <img decoding=\"async\" src=\"https:\/\/guide.fire-emblem-heroes.com\/wp-content\/uploads\/reflet_exalts_other_half_info04.png\" alt=\"\" \/>\r\n                            <\/a>\r\n                        <\/dd>\r\n                    <\/dl>\r\n                    <h3 id=\"CHARA_802_013\" class=\"sec_h3charatxt\">Beziehungen<\/h3>\r\n                    <h4 id=\"CHARA_802_014\" class=\"sec_h4charatxt\">Chrom<\/h4>\r\n                    <p id=\"CHARA_802_015\" class=\"sec_charatxt\">Prinz von Ylisse und Nachfahre des Heldenk\u00f6nigs. Anf\u00fchrer der Hirten. Fand Daraen eines Tages bewusstlos auf und rettete ihn.<\/p>\r\n                    <h4 id=\"CHARA_802_016\" class=\"sec_h4charatxt\">Valldar<\/h4>\r\n                    <p id=\"CHARA_802_017\" class=\"sec_charatxt\">Der Anf\u00fchrer der Grimleal. Ein gerissener und verschlagener Stratege. Dieser mysteri\u00f6se Magier verfolgt Daraen und Chrom wie besessen.<\/p>\r\n                <\/section>\r\n            <\/article>\r\n        <\/main>","protected":false},"excerpt":{"rendered":"Legend\u00e4re Helden Andere H\u00e4lfte Daraen Erscheint in Fire Emblem: Awakening Sharena stellt vor! Andere H\u00e4lfte Daraen Daraen ist ein Taktiker, dessen strategisches Genie keine Grenzen kennt. An der Seite von Chrom, dem Prinzen von Ylisse, k\u00e4mpfte er f\u00fcr den Frieden in seiner Welt! Als die beiden sich kennenlernten, hatte Daraen alle Erinnerungen an seine Vergangenheit [&hellip;]","protected":false},"author":1,"featured_media":41302,"comment_status":"closed","ping_status":"closed","sticky":false,"template":"","format":"standard","meta":{"advanced_seo_description":"","jetpack_seo_html_title":"","jetpack_seo_noindex":false,"_jetpack_newsletter_access":"","_jetpack_dont_email_post_to_subs":false,"_jetpack_newsletter_tier_id":0,"_jetpack_memberships_contains_paywalled_content":false,"_locale":"de_DE","_original_post":"https:\/\/guide.fire-emblem-heroes.com\/?p=41128","_jetpack_memberships_contains_paid_content":false,"footnotes":"","jetpack_publicize_message":"","jetpack_publicize_feature_enabled":true,"jetpack_social_post_already_shared":false,"jetpack_social_options":{"image_generator_settings":{"template":"highway","default_image_id":0,"font":"","enabled":false},"version":2},"_wpas_customize_per_network":false,"jetpack_post_was_ever_published":false},"categories":[1384,1431,1390,1388],"tags":[1393],"class_list":["post-41132","post","type-post","status-publish","format-standard","has-post-thumbnail","hentry","category-character","category-ex_works_awakening","category-stay_heroes","category-legendary_heroes","tag-legendare-helden","de-DE"],"jetpack_publicize_connections":[],"jetpack_featured_media_url":"https:\/\/guide.fire-emblem-heroes.com\/wp-content\/uploads\/reflet_exalts_other_half.png","jetpack_sharing_enabled":false,"jetpack_shortlink":"https:\/\/wp.me\/pa0Mj3-aHq","jetpack_likes_enabled":false,"amp_enabled":false,"_links":{"self":[{"href":"https:\/\/guide.fire-emblem-heroes.com\/wp-json\/wp\/v2\/posts\/41132","targetHints":{"allow":["GET"]}}],"collection":[{"href":"https:\/\/guide.fire-emblem-heroes.com\/wp-json\/wp\/v2\/posts"}],"about":[{"href":"https:\/\/guide.fire-emblem-heroes.com\/wp-json\/wp\/v2\/types\/post"}],"author":[{"embeddable":true,"href":"https:\/\/guide.fire-emblem-heroes.com\/wp-json\/wp\/v2\/users\/1"}],"replies":[{"embeddable":true,"href":"https:\/\/guide.fire-emblem-heroes.com\/wp-json\/wp\/v2\/comments?post=41132"}],"version-history":[{"count":1,"href":"https:\/\/guide.fire-emblem-heroes.com\/wp-json\/wp\/v2\/posts\/41132\/revisions"}],"predecessor-version":[{"id":41141,"href":"https:\/\/guide.fire-emblem-heroes.com\/wp-json\/wp\/v2\/posts\/41132\/revisions\/41141"}],"wp:featuredmedia":[{"embeddable":true,"href":"https:\/\/guide.fire-emblem-heroes.com\/wp-json\/wp\/v2\/media\/41302"}],"wp:attachment":[{"href":"https:\/\/guide.fire-emblem-heroes.com\/wp-json\/wp\/v2\/media?parent=41132"}],"wp:term":[{"taxonomy":"category","embeddable":true,"href":"https:\/\/guide.fire-emblem-heroes.com\/wp-json\/wp\/v2\/categories?post=41132"},{"taxonomy":"post_tag","embeddable":true,"href":"https:\/\/guide.fire-emblem-heroes.com\/wp-json\/wp\/v2\/tags?post=41132"}],"curies":[{"name":"wp","href":"https:\/\/api.w.org\/{rel}","templated":true}]}}