






{"id":41322,"date":"2023-03-03T12:10:01","date_gmt":"2023-03-03T03:10:01","guid":{"rendered":"https:\/\/guide.fire-emblem-heroes.com\/?p=41322"},"modified":"2023-04-07T16:14:16","modified_gmt":"2023-04-07T07:14:16","slug":"06011002000923-2","status":"publish","type":"post","link":"https:\/\/guide.fire-emblem-heroes.com\/de\/06011002000923-2\/","title":{"rendered":"<span class=\"character_nick\">Fr\u00fchlingstr\u00e4ume<\/span><span class=\"character_name\">Karla<\/span>"},"content":{"rendered":"<main id=\"CHARA_807\" class=\"main_page character\">\r\n            <article>\r\n                <section class=\"sec sec_character\">\r\n                    <ul class=\"sec_ul sec_ul--character slick-box\">\r\n                        <li class=\"sec_li sec_li--character\">\r\n                            <img decoding=\"async\" src=\"https:\/\/guide.fire-emblem-heroes.com\/wp-content\/uploads\/karla_spring_reveries_slide01.png\" alt=\"\" \/>\r\n                        <\/li>\r\n                        <li class=\"sec_li sec_li--character\">\r\n                            <img decoding=\"async\" src=\"https:\/\/guide.fire-emblem-heroes.com\/wp-content\/uploads\/karla_spring_reveries_slide02.png\" alt=\"\" \/>\r\n                        <\/li>\r\n                        <li class=\"sec_li sec_li--character\">\r\n                            <img decoding=\"async\" src=\"https:\/\/guide.fire-emblem-heroes.com\/wp-content\/uploads\/karla_spring_reveries_slide03.png\" alt=\"\" \/>\r\n                        <\/li>\r\n                        <li class=\"sec_li sec_li--character\">\r\n                            <img decoding=\"async\" src=\"https:\/\/guide.fire-emblem-heroes.com\/wp-content\/uploads\/karla_spring_reveries_slide04.png\" alt=\"\" \/>\r\n                        <\/li>\r\n                    <\/ul>\r\n                    <div class=\"sec_charainfoarea flex\">\r\n                        <div class=\"sec_gif\"><img loading=\"lazy\" decoding=\"async\" src=\"https:\/\/guide.fire-emblem-heroes.com\/wp-content\/uploads\/karla_spring_reveries.png\" alt=\"\" width=\"210\" height=\"190\"\/><\/div>\r\n                        <div class=\"sec_charainfo\">\r\n                            <p id=\"CHARA_807_002\" class=\"sec_characate sec_characate sec_characate--harmonized_hero\">Harmoniehelden<\/p>\r\n                            <p id=\"CHARA_807_003\" class=\"sec_charanick\">Fr\u00fchlingstr\u00e4ume<\/p>\r\n                            <p id=\"CHARA_807_004\" class=\"sec_charaname\">Karla<\/p>\r\n                            <p id=\"CHARA_807_005\" class=\"sec_charaappearancetxt\">Erscheint in<\/p>\r\n                            <p id=\"CHARA_807_006\" class=\"sec_charaappearancetxt\">Fire Emblem: The Blazing Blade<br \/>Fire Emblem Heroes<\/p>\r\n                        <\/div>\r\n                    <\/div>\r\n                <\/section>\r\n            <\/article>\r\n            <article>\r\n                <section class=\"sec sec_characterarea\">\r\n                    <div class=\"sec_h2chara\">\r\n                        <p id=\"CHARA_807_007\" class=\"sec_h2charattl\">Sharena stellt vor!<\/p>\r\n                        <h2 id=\"CHARA_807_008\" class=\"sec_h2charatxt\">Fr\u00fchlingstr\u00e4ume Karla<\/h2>\r\n                    <\/div>\r\n                    <dl class=\"sec_dl flex\">\r\n                        <dt id=\"CHARA_807_009\" class=\"sec_dt\">Hier sind Karla, Elibes ber\u00fchmte Schwertprinzessin, und Freyja, die K\u00f6nigin von D\u00f6kk\u00e1lfheimr, dem Reich der Albtr\u00e4ume! Die beiden kommen f\u00fcrs Fr\u00fchlingsfest zu uns nach Askr!<\/dt>\r\n                        <dd class=\"sec_dd\">\r\n                            <a href=\"https:\/\/guide.fire-emblem-heroes.com\/wp-content\/uploads\/karla_spring_reveries_pop01.png\" class=\"popup-image\">\r\n                                <img decoding=\"async\" src=\"https:\/\/guide.fire-emblem-heroes.com\/wp-content\/uploads\/karla_spring_reveries_info01.png\" alt=\"\" \/>\r\n                            <\/a>\r\n                        <\/dd>\r\n                        <dt id=\"CHARA_807_010\" class=\"sec_dt\">Passend zum Fest tragen sie Kost\u00fcme, die an Hasen erinnern! Oh, ich wette, diese beiden Langohren werden hier alle Herzen erobern&#8230;<\/dt>\r\n                        <dd class=\"sec_dd\">\r\n                            <a href=\"https:\/\/guide.fire-emblem-heroes.com\/wp-content\/uploads\/karla_spring_reveries_pop02.png\" class=\"popup-image\">\r\n                                <img decoding=\"async\" src=\"https:\/\/guide.fire-emblem-heroes.com\/wp-content\/uploads\/karla_spring_reveries_info02.png\" alt=\"\" \/>\r\n                            <\/a>\r\n                        <\/dd>\r\n                        <dt id=\"CHARA_807_011\" class=\"sec_dt\">Die Kost\u00fcme haben Hasenohren und flauschige Schw\u00e4nze, deren Fellfarbe zu ihrer Haarfarbe passt!<\/dt>\r\n                        <dd class=\"sec_dd\">\r\n                            <a href=\"https:\/\/guide.fire-emblem-heroes.com\/wp-content\/uploads\/karla_spring_reveries_pop03.png\" class=\"popup-image\">\r\n                                <img decoding=\"async\" src=\"https:\/\/guide.fire-emblem-heroes.com\/wp-content\/uploads\/karla_spring_reveries_info03.png\" alt=\"\" \/>\r\n                            <\/a>\r\n                        <\/dd>\r\n                        <dt id=\"CHARA_807_012\" class=\"sec_dt\">Normalerweise sind Karla und Freyja ja eher von der strengen Sorte, aber diese niedlichen Outfits stehen ihnen \u00fcberraschend gut. \u00c4h&#8230; Ich meinte, sie stehen ihnen wie erwartet gut!<\/dt>\r\n                        <dd class=\"sec_dd\">\r\n                            <a href=\"https:\/\/guide.fire-emblem-heroes.com\/wp-content\/uploads\/karla_spring_reveries_pop04.png\" class=\"popup-image\">\r\n                                <img decoding=\"async\" src=\"https:\/\/guide.fire-emblem-heroes.com\/wp-content\/uploads\/karla_spring_reveries_info04.png\" alt=\"\" \/>\r\n                            <\/a>\r\n                        <\/dd>\r\n                    <\/dl>\r\n                    <h3 id=\"CHARA_807_013\" class=\"sec_h3charatxt\">Beziehungen<\/h3>\r\n                    <h4 id=\"CHARA_807_014\" class=\"sec_h4charatxt\">Karel<\/h4>\r\n                    <p id=\"CHARA_807_015\" class=\"sec_charatxt\">Ein grausamer Schwertk\u00e4mpfer aus einer Familie, die sich dem Schwert verschrieben hat. Bekannt als Schwertd\u00e4mon. Karlas \u00e4lterer Bruder.<\/p>\r\n                    <h4 id=\"CHARA_807_016\" class=\"sec_h4charatxt\">Freyr<\/h4>\r\n                    <p id=\"CHARA_807_017\" class=\"sec_charatxt\">Traumk\u00f6nig von Lj\u00f3s\u00e1lfheimr, dem Reich der Tr\u00e4ume. Er ist der Gott der Tr\u00e4ume und w\u00fcnscht allen Lebewesen der Welt ein ruhiges und erf\u00fclltes Leben. Freyjas \u00e4lterer Bruder.<\/p>\r\n                <\/section>\r\n            <\/article>\r\n        <\/main>","protected":false},"excerpt":{"rendered":"Harmoniehelden Fr\u00fchlingstr\u00e4ume Karla Erscheint in Fire Emblem: The Blazing BladeFire Emblem Heroes Sharena stellt vor! Fr\u00fchlingstr\u00e4ume Karla Hier sind Karla, Elibes ber\u00fchmte Schwertprinzessin, und Freyja, die K\u00f6nigin von D\u00f6kk\u00e1lfheimr, dem Reich der Albtr\u00e4ume! Die beiden kommen f\u00fcrs Fr\u00fchlingsfest zu uns nach Askr! Passend zum Fest tragen sie Kost\u00fcme, die an Hasen erinnern! Oh, ich wette, [&hellip;]","protected":false},"author":1,"featured_media":41488,"comment_status":"closed","ping_status":"closed","sticky":false,"template":"","format":"standard","meta":{"advanced_seo_description":"","jetpack_seo_html_title":"","jetpack_seo_noindex":false,"_jetpack_newsletter_access":"","_jetpack_dont_email_post_to_subs":false,"_jetpack_newsletter_tier_id":0,"_jetpack_memberships_contains_paywalled_content":false,"_locale":"de_DE","_original_post":"https:\/\/guide.fire-emblem-heroes.com\/?p=41318","_jetpack_memberships_contains_paid_content":false,"footnotes":"","jetpack_publicize_message":"","jetpack_publicize_feature_enabled":true,"jetpack_social_post_already_shared":false,"jetpack_social_options":{"image_generator_settings":{"template":"highway","default_image_id":0,"font":"","enabled":false},"version":2},"_wpas_customize_per_network":false,"jetpack_post_was_ever_published":false},"categories":[1384,1427,1464,1390],"tags":[1466],"class_list":["post-41322","post","type-post","status-publish","format-standard","has-post-thumbnail","hentry","category-character","category-ex_works_the_blazing_blade","category-harmonized_heroes","category-stay_heroes","tag-harmoniehelden","de-DE"],"jetpack_publicize_connections":[],"jetpack_featured_media_url":"https:\/\/guide.fire-emblem-heroes.com\/wp-content\/uploads\/karla_spring_reveries.png","jetpack_sharing_enabled":false,"jetpack_shortlink":"https:\/\/wp.me\/pa0Mj3-aKu","jetpack_likes_enabled":false,"amp_enabled":false,"_links":{"self":[{"href":"https:\/\/guide.fire-emblem-heroes.com\/wp-json\/wp\/v2\/posts\/41322","targetHints":{"allow":["GET"]}}],"collection":[{"href":"https:\/\/guide.fire-emblem-heroes.com\/wp-json\/wp\/v2\/posts"}],"about":[{"href":"https:\/\/guide.fire-emblem-heroes.com\/wp-json\/wp\/v2\/types\/post"}],"author":[{"embeddable":true,"href":"https:\/\/guide.fire-emblem-heroes.com\/wp-json\/wp\/v2\/users\/1"}],"replies":[{"embeddable":true,"href":"https:\/\/guide.fire-emblem-heroes.com\/wp-json\/wp\/v2\/comments?post=41322"}],"version-history":[{"count":1,"href":"https:\/\/guide.fire-emblem-heroes.com\/wp-json\/wp\/v2\/posts\/41322\/revisions"}],"predecessor-version":[{"id":41331,"href":"https:\/\/guide.fire-emblem-heroes.com\/wp-json\/wp\/v2\/posts\/41322\/revisions\/41331"}],"wp:featuredmedia":[{"embeddable":true,"href":"https:\/\/guide.fire-emblem-heroes.com\/wp-json\/wp\/v2\/media\/41488"}],"wp:attachment":[{"href":"https:\/\/guide.fire-emblem-heroes.com\/wp-json\/wp\/v2\/media?parent=41322"}],"wp:term":[{"taxonomy":"category","embeddable":true,"href":"https:\/\/guide.fire-emblem-heroes.com\/wp-json\/wp\/v2\/categories?post=41322"},{"taxonomy":"post_tag","embeddable":true,"href":"https:\/\/guide.fire-emblem-heroes.com\/wp-json\/wp\/v2\/tags?post=41322"}],"curies":[{"name":"wp","href":"https:\/\/api.w.org\/{rel}","templated":true}]}}