






{"id":41411,"date":"2023-03-03T12:50:04","date_gmt":"2023-03-03T03:50:04","guid":{"rendered":"https:\/\/guide.fire-emblem-heroes.com\/?p=41411"},"modified":"2023-03-17T16:02:45","modified_gmt":"2023-03-17T07:02:45","slug":"01004001000927-2","status":"publish","type":"post","link":"https:\/\/guide.fire-emblem-heroes.com\/de\/01004001000927-2\/","title":{"rendered":"<span class=\"character_nick\">Bl\u00fchender Ehrgeiz<\/span><span class=\"character_name\">Michalis<\/span>"},"content":{"rendered":"<main id=\"CHARA_811\" class=\"main_page character\">\r\n            <article>\r\n                <section class=\"sec sec_character\">\r\n                    <ul class=\"sec_ul sec_ul--character slick-box\">\r\n                        <li class=\"sec_li sec_li--character\">\r\n                            <img decoding=\"async\" src=\"https:\/\/guide.fire-emblem-heroes.com\/wp-content\/uploads\/misheil_fruiting_ambition_slide01.png\" alt=\"\" \/>\r\n                        <\/li>\r\n                        <li class=\"sec_li sec_li--character\">\r\n                            <img decoding=\"async\" src=\"https:\/\/guide.fire-emblem-heroes.com\/wp-content\/uploads\/misheil_fruiting_ambition_slide02.png\" alt=\"\" \/>\r\n                        <\/li>\r\n                        <li class=\"sec_li sec_li--character\">\r\n                            <img decoding=\"async\" src=\"https:\/\/guide.fire-emblem-heroes.com\/wp-content\/uploads\/misheil_fruiting_ambition_slide03.png\" alt=\"\" \/>\r\n                        <\/li>\r\n                        <li class=\"sec_li sec_li--character\">\r\n                            <img decoding=\"async\" src=\"https:\/\/guide.fire-emblem-heroes.com\/wp-content\/uploads\/misheil_fruiting_ambition_slide04.png\" alt=\"\" \/>\r\n                        <\/li>\r\n                    <\/ul>\r\n                    <div class=\"sec_charainfoarea flex\">\r\n                        <div class=\"sec_gif\"><img loading=\"lazy\" decoding=\"async\" src=\"https:\/\/guide.fire-emblem-heroes.com\/wp-content\/uploads\/misheil_fruiting_ambition.png\" alt=\"\" width=\"210\" height=\"190\"\/><\/div>\r\n                        <div class=\"sec_charainfo\">\r\n                            <p id=\"CHARA_811_002\" class=\"sec_characate sec_characate--special_heroes\">Spezialhelden<\/p>\r\n                            <p id=\"CHARA_811_003\" class=\"sec_charanick\">Bl\u00fchender Ehrgeiz<\/p>\r\n                            <p id=\"CHARA_811_004\" class=\"sec_charaname\">Michalis<\/p>\r\n                            <p id=\"CHARA_811_005\" class=\"sec_charaappearancetxt\">Erscheint in<\/p>\r\n                            <p id=\"CHARA_811_006\" class=\"sec_charaappearancetxt\">Fire Emblem: Mystery of the Emblem<\/p>\r\n                        <\/div>\r\n                    <\/div>\r\n                <\/section>\r\n            <\/article>\r\n            <article>\r\n                <section class=\"sec sec_characterarea\">\r\n                    <div class=\"sec_h2chara\">\r\n                        <p id=\"CHARA_811_007\" class=\"sec_h2charattl\">Sharena stellt vor!<\/p>\r\n                        <h2 id=\"CHARA_811_008\" class=\"sec_h2charatxt\">Bl\u00fchender Ehrgeiz Michalis<\/h2>\r\n                    <\/div>\r\n                    <dl class=\"sec_dl flex\">\r\n                        <dt id=\"CHARA_811_009\" class=\"sec_dt\">Dieses Jahr haben wir einen \u00dcberraschungsgast auf dem Fr\u00fchlingsfest! Michalis, der stets gefasste und ruhige K\u00f6nig von Medon, stiehlt mit seinen fabelhaften Festgew\u00e4ndern allen die Show!<\/dt>\r\n                        <dd class=\"sec_dd\">\r\n                            <a href=\"https:\/\/guide.fire-emblem-heroes.com\/wp-content\/uploads\/misheil_fruiting_ambition_pop01.png\" class=\"popup-image\">\r\n                                <img decoding=\"async\" src=\"https:\/\/guide.fire-emblem-heroes.com\/wp-content\/uploads\/misheil_fruiting_ambition_info01.png\" alt=\"\" \/>\r\n                            <\/a>\r\n                        <\/dd>\r\n                        <dt id=\"CHARA_811_010\" class=\"sec_dt\">Das Schwarz und das Burgunderrot wirken absolut k\u00f6niglich, und der transparente \u00dcberwurf \u00fcber dem Umhang verst\u00e4rkt den Effekt noch!<\/dt>\r\n                        <dd class=\"sec_dd\">\r\n                            <a href=\"https:\/\/guide.fire-emblem-heroes.com\/wp-content\/uploads\/misheil_fruiting_ambition_pop02.png\" class=\"popup-image\">\r\n                                <img decoding=\"async\" src=\"https:\/\/guide.fire-emblem-heroes.com\/wp-content\/uploads\/misheil_fruiting_ambition_info02.png\" alt=\"\" \/>\r\n                            <\/a>\r\n                        <\/dd>\r\n                        <dt id=\"CHARA_811_011\" class=\"sec_dt\">Und sieh dir das an \u2013 an seiner Lanze ist ein niedliches schwarzes H\u00e4schen!<\/dt>\r\n                        <dd class=\"sec_dd\">\r\n                            <a href=\"https:\/\/guide.fire-emblem-heroes.com\/wp-content\/uploads\/misheil_fruiting_ambition_pop03.png\" class=\"popup-image\">\r\n                                <img decoding=\"async\" src=\"https:\/\/guide.fire-emblem-heroes.com\/wp-content\/uploads\/misheil_fruiting_ambition_info03.png\" alt=\"\" \/>\r\n                            <\/a>\r\n                        <\/dd>\r\n                        <dt id=\"CHARA_811_012\" class=\"sec_dt\">Michalis sagt, dass ihn der Fr\u00fchling an sch\u00f6ne Tage aus der Kindheit mit seinen Schwestern erinnert. Vielleicht kann er ja auf dem Fr\u00fchlingsfest in Askr noch mehr sch\u00f6ne Erinnerungen sammeln!<\/dt>\r\n                        <dd class=\"sec_dd\">\r\n                            <a href=\"https:\/\/guide.fire-emblem-heroes.com\/wp-content\/uploads\/misheil_fruiting_ambition_pop04.png\" class=\"popup-image\">\r\n                                <img decoding=\"async\" src=\"https:\/\/guide.fire-emblem-heroes.com\/wp-content\/uploads\/misheil_fruiting_ambition_info04.png\" alt=\"\" \/>\r\n                            <\/a>\r\n                        <\/dd>\r\n                    <\/dl>\r\n                    <h3 id=\"CHARA_811_013\" class=\"sec_h3charatxt\">Beziehungen<\/h3>\r\n                    <h4 id=\"CHARA_811_014\" class=\"sec_h4charatxt\">Minerva<\/h4>\r\n                    <p id=\"CHARA_811_015\" class=\"sec_charatxt\">Die Prinzessin von Medon, die sich mit Waffen gegen ihren Bruder Michalis stellte.<\/p>\r\n                    <h4 id=\"CHARA_811_016\" class=\"sec_h4charatxt\">Maria<\/h4>\r\n                    <p id=\"CHARA_811_017\" class=\"sec_charatxt\">Prinzessin von Medon. Sie ist die j\u00fcngere Schwester von Minerva und Michalis, die sie inniglich liebt.<\/p>\r\n                <\/section>\r\n            <\/article>\r\n        <\/main>","protected":false},"excerpt":{"rendered":"Spezialhelden Bl\u00fchender Ehrgeiz Michalis Erscheint in Fire Emblem: Mystery of the Emblem Sharena stellt vor! Bl\u00fchender Ehrgeiz Michalis Dieses Jahr haben wir einen \u00dcberraschungsgast auf dem Fr\u00fchlingsfest! Michalis, der stets gefasste und ruhige K\u00f6nig von Medon, stiehlt mit seinen fabelhaften Festgew\u00e4ndern allen die Show! Das Schwarz und das Burgunderrot wirken absolut k\u00f6niglich, und der transparente [&hellip;]","protected":false},"author":1,"featured_media":41501,"comment_status":"closed","ping_status":"closed","sticky":false,"template":"","format":"standard","meta":{"advanced_seo_description":"","jetpack_seo_html_title":"","jetpack_seo_noindex":false,"_jetpack_newsletter_access":"","_jetpack_dont_email_post_to_subs":false,"_jetpack_newsletter_tier_id":0,"_jetpack_memberships_contains_paywalled_content":false,"_locale":"de_DE","_original_post":"https:\/\/guide.fire-emblem-heroes.com\/?p=41407","_jetpack_memberships_contains_paid_content":false,"footnotes":"","jetpack_publicize_message":"","jetpack_publicize_feature_enabled":true,"jetpack_social_post_already_shared":false,"jetpack_social_options":{"image_generator_settings":{"template":"highway","default_image_id":0,"font":"","enabled":false},"version":2},"_wpas_customize_per_network":false,"jetpack_post_was_ever_published":false},"categories":[1384,1424,1405,1390],"tags":[1407],"class_list":["post-41411","post","type-post","status-publish","format-standard","has-post-thumbnail","hentry","category-character","category-ex_works_mystery_of_the_emblem","category-special_heroes","category-stay_heroes","tag-spezialhelden","de-DE"],"jetpack_publicize_connections":[],"jetpack_featured_media_url":"https:\/\/guide.fire-emblem-heroes.com\/wp-content\/uploads\/misheil_fruiting_ambition.png","jetpack_sharing_enabled":false,"jetpack_shortlink":"https:\/\/wp.me\/pa0Mj3-aLV","jetpack_likes_enabled":false,"amp_enabled":false,"_links":{"self":[{"href":"https:\/\/guide.fire-emblem-heroes.com\/wp-json\/wp\/v2\/posts\/41411","targetHints":{"allow":["GET"]}}],"collection":[{"href":"https:\/\/guide.fire-emblem-heroes.com\/wp-json\/wp\/v2\/posts"}],"about":[{"href":"https:\/\/guide.fire-emblem-heroes.com\/wp-json\/wp\/v2\/types\/post"}],"author":[{"embeddable":true,"href":"https:\/\/guide.fire-emblem-heroes.com\/wp-json\/wp\/v2\/users\/1"}],"replies":[{"embeddable":true,"href":"https:\/\/guide.fire-emblem-heroes.com\/wp-json\/wp\/v2\/comments?post=41411"}],"version-history":[{"count":1,"href":"https:\/\/guide.fire-emblem-heroes.com\/wp-json\/wp\/v2\/posts\/41411\/revisions"}],"predecessor-version":[{"id":41420,"href":"https:\/\/guide.fire-emblem-heroes.com\/wp-json\/wp\/v2\/posts\/41411\/revisions\/41420"}],"wp:featuredmedia":[{"embeddable":true,"href":"https:\/\/guide.fire-emblem-heroes.com\/wp-json\/wp\/v2\/media\/41501"}],"wp:attachment":[{"href":"https:\/\/guide.fire-emblem-heroes.com\/wp-json\/wp\/v2\/media?parent=41411"}],"wp:term":[{"taxonomy":"category","embeddable":true,"href":"https:\/\/guide.fire-emblem-heroes.com\/wp-json\/wp\/v2\/categories?post=41411"},{"taxonomy":"post_tag","embeddable":true,"href":"https:\/\/guide.fire-emblem-heroes.com\/wp-json\/wp\/v2\/tags?post=41411"}],"curies":[{"name":"wp","href":"https:\/\/api.w.org\/{rel}","templated":true}]}}