






{"id":42090,"date":"2023-04-05T12:27:49","date_gmt":"2023-04-05T03:27:49","guid":{"rendered":"https:\/\/guide.fire-emblem-heroes.com\/?p=42090"},"modified":"2023-05-08T16:30:00","modified_gmt":"2023-05-08T07:30:00","slug":"06001003000936-2","status":"publish","type":"post","link":"https:\/\/guide.fire-emblem-heroes.com\/de\/06001003000936-2\/","title":{"rendered":"<span class=\"character_nick\">Bester Freund<\/span><span class=\"character_name\">Hector<\/span>"},"content":{"rendered":"<main id=\"CHARA_826\" class=\"main_page character\">\r\n            <article>\r\n                <section class=\"sec sec_character\">\r\n                    <ul class=\"sec_ul sec_ul--character slick-box\">\r\n                        <li class=\"sec_li sec_li--character\">\r\n                            <img decoding=\"async\" src=\"https:\/\/guide.fire-emblem-heroes.com\/wp-content\/uploads\/hector_sworn_friend_slide01.png\" alt=\"\" \/>\r\n                        <\/li>\r\n                        <li class=\"sec_li sec_li--character\">\r\n                            <img decoding=\"async\" src=\"https:\/\/guide.fire-emblem-heroes.com\/wp-content\/uploads\/hector_sworn_friend_slide02.png\" alt=\"\" \/>\r\n                        <\/li>\r\n                        <li class=\"sec_li sec_li--character\">\r\n                            <img decoding=\"async\" src=\"https:\/\/guide.fire-emblem-heroes.com\/wp-content\/uploads\/hector_sworn_friend_slide03.png\" alt=\"\" \/>\r\n                        <\/li>\r\n                        <li class=\"sec_li sec_li--character\">\r\n                            <img decoding=\"async\" src=\"https:\/\/guide.fire-emblem-heroes.com\/wp-content\/uploads\/hector_sworn_friend_slide04.png\" alt=\"\" \/>\r\n                        <\/li>\r\n                    <\/ul>\r\n                    <div class=\"sec_charainfoarea flex\">\r\n                        <div class=\"sec_gif\"><img loading=\"lazy\" decoding=\"async\" src=\"https:\/\/guide.fire-emblem-heroes.com\/wp-content\/uploads\/hector_sworn_friend.png\" alt=\"\" width=\"210\" height=\"190\"\/><\/div>\r\n                        <div class=\"sec_charainfo\">\r\n                            <p id=\"CHARA_826_002\" class=\"sec_characate sec_characate--special_heroes\">Spezialhelden<\/p>\r\n                            <p id=\"CHARA_826_003\" class=\"sec_charanick\">Bester Freund<\/p>\r\n                            <p id=\"CHARA_826_004\" class=\"sec_charaname\">Hector<\/p>\r\n                            <p id=\"CHARA_826_005\" class=\"sec_charaappearancetxt\">Erscheint in<\/p>\r\n                            <p id=\"CHARA_826_006\" class=\"sec_charaappearancetxt\">Fire Emblem: The Blazing Blade<\/p>\r\n                        <\/div>\r\n                    <\/div>\r\n                <\/section>\r\n            <\/article>\r\n            <article>\r\n                <section class=\"sec sec_characterarea\">\r\n                    <div class=\"sec_h2chara\">\r\n                        <p id=\"CHARA_826_007\" class=\"sec_h2charattl\">Sharena stellt vor!<\/p>\r\n                        <h2 id=\"CHARA_826_008\" class=\"sec_h2charatxt\">Bester Freund Hector<\/h2>\r\n                    <\/div>\r\n                    <dl class=\"sec_dl flex\">\r\n                        <dt id=\"CHARA_826_009\" class=\"sec_dt\">Heute ist der junge Hector aus der Region Lycia in Elibe bei uns angekommen! Er stammt aus einer Adelsfamilie und ich habe geh\u00f6rt, dass er flei\u00dfig seine Kampfk\u00fcnste trainiert, damit er seinem \u00e4lteren Bruder, dem Marquis von Ositia, eine Hilfe sein kann.<\/dt>\r\n                        <dd class=\"sec_dd\">\r\n                            <a href=\"https:\/\/guide.fire-emblem-heroes.com\/wp-content\/uploads\/hector_sworn_friend_pop01.png\" class=\"popup-image\">\r\n                                <img decoding=\"async\" src=\"https:\/\/guide.fire-emblem-heroes.com\/wp-content\/uploads\/hector_sworn_friend_info01.png\" alt=\"\" \/>\r\n                            <\/a>\r\n                        <\/dd>\r\n                        <dt id=\"CHARA_826_010\" class=\"sec_dt\">Was seine St\u00e4rke angeht, scheint er sehr selbstbewusst zu sein! Mit seinem flatternden Umhang sieht er so aus, als w\u00e4re er zu allem bereit \u2013 solange es nichts mit Lernen zu tun hat!<\/dt>\r\n                        <dd class=\"sec_dd\">\r\n                            <a href=\"https:\/\/guide.fire-emblem-heroes.com\/wp-content\/uploads\/hector_sworn_friend_pop02.png\" class=\"popup-image\">\r\n                                <img decoding=\"async\" src=\"https:\/\/guide.fire-emblem-heroes.com\/wp-content\/uploads\/hector_sworn_friend_info02.png\" alt=\"\" \/>\r\n                            <\/a>\r\n                        <\/dd>\r\n                        <dt id=\"CHARA_826_011\" class=\"sec_dt\">Seiner Axt wohnt die Macht des Kriegsgottes inne. Ich finde es erstaunlich, mit wie viel Wucht er sie schwingt \u2013 es ist, als wolle der junge Hector alle Erwachsenen mit seiner Durchschlagskraft in den Schatten stellen!<\/dt>\r\n                        <dd class=\"sec_dd\">\r\n                            <a href=\"https:\/\/guide.fire-emblem-heroes.com\/wp-content\/uploads\/hector_sworn_friend_pop03.png\" class=\"popup-image\">\r\n                                <img decoding=\"async\" src=\"https:\/\/guide.fire-emblem-heroes.com\/wp-content\/uploads\/hector_sworn_friend_info03.png\" alt=\"\" \/>\r\n                            <\/a>\r\n                        <\/dd>\r\n                        <dt id=\"CHARA_826_012\" class=\"sec_dt\">\u00dcbrigens habe ich geh\u00f6rt, dass Hector bei einer Versammlung der jungen Adligen einen Schwur geleistet hat, Eliwood zu unterst\u00fctzen, genauso wie er seinen Bruder unterst\u00fctzt!<\/dt>\r\n                        <dd class=\"sec_dd\">\r\n                            <a href=\"https:\/\/guide.fire-emblem-heroes.com\/wp-content\/uploads\/hector_sworn_friend_pop04.png\" class=\"popup-image\">\r\n                                <img decoding=\"async\" src=\"https:\/\/guide.fire-emblem-heroes.com\/wp-content\/uploads\/hector_sworn_friend_info04.png\" alt=\"\" \/>\r\n                            <\/a>\r\n                        <\/dd>\r\n                    <\/dl>\r\n                    <h3 id=\"CHARA_826_013\" class=\"sec_h3charatxt\">Beziehungen<\/h3>\r\n                    <h4 id=\"CHARA_826_014\" class=\"sec_h4charatxt\">Eliwood<\/h4>\r\n                    <p id=\"CHARA_826_015\" class=\"sec_charatxt\">Ein aufrechter Adliger aus Pherae. Seine Freunde Lyn und Hector stehen ihm loyal zur Seite.<\/p>\r\n                    <h4 id=\"CHARA_826_016\" class=\"sec_h4charatxt\">Lyn<\/h4>\r\n                    <p id=\"CHARA_826_017\" class=\"sec_charatxt\">Eine Frau, die in den Ebenen aufwuchs, bevor sie erfuhr, dass sie zum Adel von Caelin geh\u00f6rt. Hectors Verb\u00fcndete.<\/p>\r\n                    <h4 id=\"CHARA_826_018\" class=\"sec_h4charatxt\">Lilina<\/h4>\r\n                    <p id=\"CHARA_826_019\" class=\"sec_charatxt\">Eine Adlige aus Ositia mit einem nat\u00fcrlichen Talent f\u00fcr Magie. Hectors Tochter.<\/p>\r\n                <\/section>\r\n            <\/article>\r\n        <\/main>","protected":false},"excerpt":{"rendered":"Spezialhelden Bester Freund Hector Erscheint in Fire Emblem: The Blazing Blade Sharena stellt vor! Bester Freund Hector Heute ist der junge Hector aus der Region Lycia in Elibe bei uns angekommen! Er stammt aus einer Adelsfamilie und ich habe geh\u00f6rt, dass er flei\u00dfig seine Kampfk\u00fcnste trainiert, damit er seinem \u00e4lteren Bruder, dem Marquis von Ositia, [&hellip;]","protected":false},"author":1,"featured_media":42209,"comment_status":"closed","ping_status":"closed","sticky":false,"template":"","format":"standard","meta":{"advanced_seo_description":"","jetpack_seo_html_title":"","jetpack_seo_noindex":false,"_jetpack_newsletter_access":"","_jetpack_dont_email_post_to_subs":false,"_jetpack_newsletter_tier_id":0,"_jetpack_memberships_contains_paywalled_content":false,"_locale":"de_DE","_original_post":"https:\/\/guide.fire-emblem-heroes.com\/?p=42086","_jetpack_memberships_contains_paid_content":false,"footnotes":"","jetpack_publicize_message":"","jetpack_publicize_feature_enabled":true,"jetpack_social_post_already_shared":false,"jetpack_social_options":{"image_generator_settings":{"template":"highway","default_image_id":0,"font":"","enabled":false},"version":2},"_wpas_customize_per_network":false,"jetpack_post_was_ever_published":false},"categories":[1384,1427,1405,1390],"tags":[1407],"class_list":["post-42090","post","type-post","status-publish","format-standard","has-post-thumbnail","hentry","category-character","category-ex_works_the_blazing_blade","category-special_heroes","category-stay_heroes","tag-spezialhelden","de-DE"],"jetpack_publicize_connections":[],"jetpack_featured_media_url":"https:\/\/guide.fire-emblem-heroes.com\/wp-content\/uploads\/hector_sworn_friend.png","jetpack_sharing_enabled":false,"jetpack_shortlink":"https:\/\/wp.me\/pa0Mj3-aWS","jetpack_likes_enabled":false,"amp_enabled":false,"_links":{"self":[{"href":"https:\/\/guide.fire-emblem-heroes.com\/wp-json\/wp\/v2\/posts\/42090","targetHints":{"allow":["GET"]}}],"collection":[{"href":"https:\/\/guide.fire-emblem-heroes.com\/wp-json\/wp\/v2\/posts"}],"about":[{"href":"https:\/\/guide.fire-emblem-heroes.com\/wp-json\/wp\/v2\/types\/post"}],"author":[{"embeddable":true,"href":"https:\/\/guide.fire-emblem-heroes.com\/wp-json\/wp\/v2\/users\/1"}],"replies":[{"embeddable":true,"href":"https:\/\/guide.fire-emblem-heroes.com\/wp-json\/wp\/v2\/comments?post=42090"}],"version-history":[{"count":1,"href":"https:\/\/guide.fire-emblem-heroes.com\/wp-json\/wp\/v2\/posts\/42090\/revisions"}],"predecessor-version":[{"id":42100,"href":"https:\/\/guide.fire-emblem-heroes.com\/wp-json\/wp\/v2\/posts\/42090\/revisions\/42100"}],"wp:featuredmedia":[{"embeddable":true,"href":"https:\/\/guide.fire-emblem-heroes.com\/wp-json\/wp\/v2\/media\/42209"}],"wp:attachment":[{"href":"https:\/\/guide.fire-emblem-heroes.com\/wp-json\/wp\/v2\/media?parent=42090"}],"wp:term":[{"taxonomy":"category","embeddable":true,"href":"https:\/\/guide.fire-emblem-heroes.com\/wp-json\/wp\/v2\/categories?post=42090"},{"taxonomy":"post_tag","embeddable":true,"href":"https:\/\/guide.fire-emblem-heroes.com\/wp-json\/wp\/v2\/tags?post=42090"}],"curies":[{"name":"wp","href":"https:\/\/api.w.org\/{rel}","templated":true}]}}