






{"id":45492,"date":"2023-09-05T12:35:54","date_gmt":"2023-09-05T03:35:54","guid":{"rendered":"https:\/\/guide.fire-emblem-heroes.com\/?p=45492"},"modified":"2023-10-10T16:08:37","modified_gmt":"2023-10-10T07:08:37","slug":"00005007000993-2","status":"publish","type":"post","link":"https:\/\/guide.fire-emblem-heroes.com\/de\/00005007000993-2\/","title":{"rendered":"<span class=\"character_nick\">Wilde Prinzessin<\/span><span class=\"character_name\">Dagr<\/span>"},"content":{"rendered":"<main id=\"CHARA_904\" class=\"main_page character\">\r\n            <article>\r\n                <section class=\"sec sec_character\">\r\n                    <ul class=\"sec_ul sec_ul--character slick-box\">\r\n                        <li class=\"sec_li sec_li--character\">\r\n                            <img decoding=\"async\" src=\"https:\/\/guide.fire-emblem-heroes.com\/wp-content\/uploads\/dagr_bluster_princess_slide01.png\" alt=\"\" \/>\r\n                        <\/li>\r\n                        <li class=\"sec_li sec_li--character\">\r\n                            <img decoding=\"async\" src=\"https:\/\/guide.fire-emblem-heroes.com\/wp-content\/uploads\/dagr_bluster_princess_slide02.png\" alt=\"\" \/>\r\n                        <\/li>\r\n                        <li class=\"sec_li sec_li--character\">\r\n                            <img decoding=\"async\" src=\"https:\/\/guide.fire-emblem-heroes.com\/wp-content\/uploads\/dagr_bluster_princess_slide03.png\" alt=\"\" \/>\r\n                        <\/li>\r\n                        <li class=\"sec_li sec_li--character\">\r\n                            <img decoding=\"async\" src=\"https:\/\/guide.fire-emblem-heroes.com\/wp-content\/uploads\/dagr_bluster_princess_slide04.png\" alt=\"\" \/>\r\n                        <\/li>\r\n                    <\/ul>\r\n                    <div class=\"sec_charainfoarea flex\">\r\n                        <div class=\"sec_gif\"><img loading=\"lazy\" decoding=\"async\" src=\"https:\/\/guide.fire-emblem-heroes.com\/wp-content\/uploads\/dagr_bluster_princess.png\" alt=\"\" width=\"210\" height=\"190\"\/><\/div>\r\n                        <div class=\"sec_charainfo\">\r\n                            <p id=\"CHARA_904_002\" class=\"sec_characate sec_characate--special_heroes\">Spezialhelden<\/p>\r\n                            <p id=\"CHARA_904_003\" class=\"sec_charanick\">Wilde Prinzessin<\/p>\r\n                            <p id=\"CHARA_904_004\" class=\"sec_charaname\">Dagr<\/p>\r\n                            <p id=\"CHARA_904_005\" class=\"sec_charaappearancetxt\">Erscheint in<\/p>\r\n                            <p id=\"CHARA_904_006\" class=\"sec_charaappearancetxt\">Fire Emblem Heroes<\/p>\r\n                        <\/div>\r\n                    <\/div>\r\n                <\/section>\r\n            <\/article>\r\n            <article>\r\n                <section class=\"sec sec_characterarea\">\r\n                    <div class=\"sec_h2chara\">\r\n                        <p id=\"CHARA_904_007\" class=\"sec_h2charattl\">Sharena stellt vor!<\/p>\r\n                        <h2 id=\"CHARA_904_008\" class=\"sec_h2charatxt\">Wilde Prinzessin Dagr<\/h2>\r\n                    <\/div>\r\n                    <dl class=\"sec_dl flex\">\r\n                        <dt id=\"CHARA_904_009\" class=\"sec_dt\">Dagr, die Prinzessin von J\u00f6tunheimr, besucht das Windfest \u2013 und sie hat sich passend dazu in Schale geworfen!<\/dt>\r\n                        <dd class=\"sec_dd\">\r\n                            <a href=\"https:\/\/guide.fire-emblem-heroes.com\/wp-content\/uploads\/dagr_bluster_princess_pop01.png\" class=\"popup-image\">\r\n                                <img decoding=\"async\" src=\"https:\/\/guide.fire-emblem-heroes.com\/wp-content\/uploads\/dagr_bluster_princess_info01.png\" alt=\"\" \/>\r\n                            <\/a>\r\n                        <\/dd>\r\n                        <dt id=\"CHARA_904_010\" class=\"sec_dt\">Ihr Outfit ist luftig und locker geschnitten, und an ihren Armreifen h\u00e4ngen B\u00e4nder, die im Wind tanzen. Und weil es Dagr ist, bleibt sie nat\u00fcrlich ihrem typischen rot-wei\u00dfen Farbschema treu!<\/dt>\r\n                        <dd class=\"sec_dd\">\r\n                            <a href=\"https:\/\/guide.fire-emblem-heroes.com\/wp-content\/uploads\/dagr_bluster_princess_pop02.png\" class=\"popup-image\">\r\n                                <img decoding=\"async\" src=\"https:\/\/guide.fire-emblem-heroes.com\/wp-content\/uploads\/dagr_bluster_princess_info02.png\" alt=\"\" \/>\r\n                            <\/a>\r\n                        <\/dd>\r\n                        <dt id=\"CHARA_904_011\" class=\"sec_dt\">Als besonderes Accessoire tr\u00e4gt sie ein Schwert bei sich, das einem Tengu-F\u00e4cher \u00e4hnelt&#8230; Aber noch mehr als das Schwert f\u00e4llt der Drachen ins Auge, der einen Vogel darstellt! Ich frage mich, ob sie schon immer so gut darin war, Drachen steigen zu lassen?<\/dt>\r\n                        <dd class=\"sec_dd\">\r\n                            <a href=\"https:\/\/guide.fire-emblem-heroes.com\/wp-content\/uploads\/dagr_bluster_princess_pop03.png\" class=\"popup-image\">\r\n                                <img decoding=\"async\" src=\"https:\/\/guide.fire-emblem-heroes.com\/wp-content\/uploads\/dagr_bluster_princess_info03.png\" alt=\"\" \/>\r\n                            <\/a>\r\n                        <\/dd>\r\n                        <dt id=\"CHARA_904_012\" class=\"sec_dt\">Die energiegeladene Dagr passt perfekt auf ein lebendiges Fest wie dieses. Ich hoffe, dass sie bei uns auf ihre Kosten kommt!<\/dt>\r\n                        <dd class=\"sec_dd\">\r\n                            <a href=\"https:\/\/guide.fire-emblem-heroes.com\/wp-content\/uploads\/dagr_bluster_princess_pop04.png\" class=\"popup-image\">\r\n                                <img decoding=\"async\" src=\"https:\/\/guide.fire-emblem-heroes.com\/wp-content\/uploads\/dagr_bluster_princess_info04.png\" alt=\"\" \/>\r\n                            <\/a>\r\n                        <\/dd>\r\n                    <\/dl>\r\n                    <h3 id=\"CHARA_904_013\" class=\"sec_h3charatxt\">Beziehungen<\/h3>\r\n                    <h4 id=\"CHARA_904_014\" class=\"sec_h4charatxt\">N\u00f3tt<\/h4>\r\n                    <p id=\"CHARA_904_015\" class=\"sec_charatxt\">Kronprinzessin von J\u00f6tunheimr und Dagrs Zwillingsschwester. Sch\u00f6nheit und Eleganz genie\u00dfen bei ihr einen besonders hohen Stellenwert.<\/p>\r\n                <\/section>\r\n            <\/article>\r\n        <\/main>","protected":false},"excerpt":{"rendered":"Spezialhelden Wilde Prinzessin Dagr Erscheint in Fire Emblem Heroes Sharena stellt vor! Wilde Prinzessin Dagr Dagr, die Prinzessin von J\u00f6tunheimr, besucht das Windfest \u2013 und sie hat sich passend dazu in Schale geworfen! Ihr Outfit ist luftig und locker geschnitten, und an ihren Armreifen h\u00e4ngen B\u00e4nder, die im Wind tanzen. Und weil es Dagr ist, [&hellip;]","protected":false},"author":1,"featured_media":45621,"comment_status":"closed","ping_status":"closed","sticky":false,"template":"","format":"standard","meta":{"advanced_seo_description":"","jetpack_seo_html_title":"","jetpack_seo_noindex":false,"_jetpack_newsletter_access":"","_jetpack_dont_email_post_to_subs":false,"_jetpack_newsletter_tier_id":0,"_jetpack_memberships_contains_paywalled_content":false,"_locale":"de_DE","_original_post":"https:\/\/guide.fire-emblem-heroes.com\/?p=45489","_jetpack_memberships_contains_paid_content":false,"footnotes":"","jetpack_publicize_message":"","jetpack_publicize_feature_enabled":true,"jetpack_social_post_already_shared":false,"jetpack_social_options":{"image_generator_settings":{"template":"highway","default_image_id":0,"font":"","enabled":false},"version":2},"_wpas_customize_per_network":false,"jetpack_post_was_ever_published":false},"categories":[1384,1423,1405,1390],"tags":[1407],"class_list":["post-45492","post","type-post","status-publish","format-standard","has-post-thumbnail","hentry","category-character","category-ex_works_heroes","category-special_heroes","category-stay_heroes","tag-spezialhelden","de-DE"],"jetpack_publicize_connections":[],"jetpack_featured_media_url":"https:\/\/guide.fire-emblem-heroes.com\/wp-content\/uploads\/dagr_bluster_princess.png","jetpack_sharing_enabled":false,"jetpack_shortlink":"https:\/\/wp.me\/pa0Mj3-bPK","jetpack_likes_enabled":false,"amp_enabled":false,"_links":{"self":[{"href":"https:\/\/guide.fire-emblem-heroes.com\/wp-json\/wp\/v2\/posts\/45492","targetHints":{"allow":["GET"]}}],"collection":[{"href":"https:\/\/guide.fire-emblem-heroes.com\/wp-json\/wp\/v2\/posts"}],"about":[{"href":"https:\/\/guide.fire-emblem-heroes.com\/wp-json\/wp\/v2\/types\/post"}],"author":[{"embeddable":true,"href":"https:\/\/guide.fire-emblem-heroes.com\/wp-json\/wp\/v2\/users\/1"}],"replies":[{"embeddable":true,"href":"https:\/\/guide.fire-emblem-heroes.com\/wp-json\/wp\/v2\/comments?post=45492"}],"version-history":[{"count":1,"href":"https:\/\/guide.fire-emblem-heroes.com\/wp-json\/wp\/v2\/posts\/45492\/revisions"}],"predecessor-version":[{"id":45503,"href":"https:\/\/guide.fire-emblem-heroes.com\/wp-json\/wp\/v2\/posts\/45492\/revisions\/45503"}],"wp:featuredmedia":[{"embeddable":true,"href":"https:\/\/guide.fire-emblem-heroes.com\/wp-json\/wp\/v2\/media\/45621"}],"wp:attachment":[{"href":"https:\/\/guide.fire-emblem-heroes.com\/wp-json\/wp\/v2\/media?parent=45492"}],"wp:term":[{"taxonomy":"category","embeddable":true,"href":"https:\/\/guide.fire-emblem-heroes.com\/wp-json\/wp\/v2\/categories?post=45492"},{"taxonomy":"post_tag","embeddable":true,"href":"https:\/\/guide.fire-emblem-heroes.com\/wp-json\/wp\/v2\/tags?post=45492"}],"curies":[{"name":"wp","href":"https:\/\/api.w.org\/{rel}","templated":true}]}}