






{"id":46193,"date":"2023-10-03T12:10:07","date_gmt":"2023-10-03T03:10:07","guid":{"rendered":"https:\/\/guide.fire-emblem-heroes.com\/?p=46193"},"modified":"2024-10-29T13:18:13","modified_gmt":"2024-10-29T04:18:13","slug":"14006001001004-2","status":"publish","type":"post","link":"https:\/\/guide.fire-emblem-heroes.com\/de\/14006001001004-2\/","title":{"rendered":"<span class=\"character_nick\">Im Doppelpack<\/span><span class=\"character_name\">Anna<\/span>"},"content":{"rendered":"<main id=\"CHARA_920\" class=\"main_page character\">\r\n            <article>\r\n                <section class=\"sec sec_character\">\r\n                    <ul class=\"sec_ul sec_ul--character slick-box\">\r\n                        <li class=\"sec_li sec_li--character\">\r\n                            <img decoding=\"async\" src=\"https:\/\/guide.fire-emblem-heroes.com\/wp-content\/uploads\/anna_twice_the_anna_slide01.png\" alt=\"\" \/>\r\n                        <\/li>\r\n                        <li class=\"sec_li sec_li--character\">\r\n                            <img decoding=\"async\" src=\"https:\/\/guide.fire-emblem-heroes.com\/wp-content\/uploads\/anna_twice_the_anna_slide02.png\" alt=\"\" \/>\r\n                        <\/li>\r\n                        <li class=\"sec_li sec_li--character\">\r\n                            <img decoding=\"async\" src=\"https:\/\/guide.fire-emblem-heroes.com\/wp-content\/uploads\/anna_twice_the_anna_slide03.png\" alt=\"\" \/>\r\n                        <\/li>\r\n                        <li class=\"sec_li sec_li--character\">\r\n                            <img decoding=\"async\" src=\"https:\/\/guide.fire-emblem-heroes.com\/wp-content\/uploads\/anna_twice_the_anna_slide04.png\" alt=\"\" \/>\r\n                        <\/li>\r\n                    <\/ul>\r\n                    <div class=\"sec_charainfoarea flex\">\r\n                        <div class=\"sec_gif\"><img loading=\"lazy\" decoding=\"async\" src=\"https:\/\/guide.fire-emblem-heroes.com\/wp-content\/uploads\/anna_twice_the_anna.png\" alt=\"\" width=\"210\" height=\"190\"\/><\/div>\r\n                        <div class=\"sec_charainfo\">\r\n                            <p id=\"CHARA_920_002\" class=\"sec_characate sec_characate sec_characate--harmonized_hero\">Harmoniehelden<\/p>\r\n                            <p id=\"CHARA_920_003\" class=\"sec_charanick\">Im Doppelpack<\/p>\r\n                            <p id=\"CHARA_920_004\" class=\"sec_charaname\">Anna<\/p>\r\n                            <p id=\"CHARA_920_005\" class=\"sec_charaappearancetxt\">Erscheint in<\/p>\r\n                            <p id=\"CHARA_920_006\" class=\"sec_charaappearancetxt\">Fire Emblem Engage<br \/>Fire Emblem: Awakening<\/p>\r\n                        <\/div>\r\n                    <\/div>\r\n                <\/section>\r\n            <\/article>\r\n            <article>\r\n                <section class=\"sec sec_characterarea\">\r\n                    <div class=\"sec_h2chara\">\r\n                        <p id=\"CHARA_920_007\" class=\"sec_h2charattl\">Sharena stellt vor!<\/p>\r\n                        <h2 id=\"CHARA_920_008\" class=\"sec_h2charatxt\">Im Doppelpack Anna<\/h2>\r\n                    <\/div>\r\n                    <dl class=\"sec_dl flex\">\r\n                        <dt id=\"CHARA_920_009\" class=\"sec_dt\">Heute haben wir zwei Annas bei uns, und beide haben sich als Hexen verkleidet! Hier sind die kleine Anna aus Elyos und die nicht ganz so kleine Anna vom Kontinent Ylisse!<\/dt>\r\n                        <dd class=\"sec_dd\">\r\n                            <a href=\"https:\/\/guide.fire-emblem-heroes.com\/wp-content\/uploads\/anna_twice_the_anna_pop01.png\" class=\"popup-image\">\r\n                                <img decoding=\"async\" src=\"https:\/\/guide.fire-emblem-heroes.com\/wp-content\/uploads\/anna_twice_the_anna_info01.png\" alt=\"\" \/>\r\n                            <\/a>\r\n                        <\/dd>\r\n                        <dt id=\"CHARA_920_010\" class=\"sec_dt\">Die Anna aus Elyos sieht mit ihrem gro\u00dfen Umhang, ihrem spitzen Hut und dem niedlichen K\u00fcrbisschmuck einfach bezaubernd aus. Au\u00dferdem hat sie einen Hexenbesen dabei!<\/dt>\r\n                        <dd class=\"sec_dd\">\r\n                            <a href=\"https:\/\/guide.fire-emblem-heroes.com\/wp-content\/uploads\/anna_twice_the_anna_pop02.png\" class=\"popup-image\">\r\n                                <img decoding=\"async\" src=\"https:\/\/guide.fire-emblem-heroes.com\/wp-content\/uploads\/anna_twice_the_anna_info02.png\" alt=\"\" \/>\r\n                            <\/a>\r\n                        <\/dd>\r\n                        <dt id=\"CHARA_920_011\" class=\"sec_dt\">Die Anna aus Ylisse hingegen setzt das gleiche Thema mit einer schicken K\u00fcrbis-Haarspange und einem fransigen Umhang etwas erwachsener um. Der K\u00fcrbis in ihrer Hand scheint eine Art Laterne zu sein!<\/dt>\r\n                        <dd class=\"sec_dd\">\r\n                            <a href=\"https:\/\/guide.fire-emblem-heroes.com\/wp-content\/uploads\/anna_twice_the_anna_pop03.png\" class=\"popup-image\">\r\n                                <img decoding=\"async\" src=\"https:\/\/guide.fire-emblem-heroes.com\/wp-content\/uploads\/anna_twice_the_anna_info03.png\" alt=\"\" \/>\r\n                            <\/a>\r\n                        <\/dd>\r\n                        <dt id=\"CHARA_920_012\" class=\"sec_dt\">Die beiden sehen aus wie Schwestern, finde ich! Und da sie beide H\u00e4ndlerinnen sind, haben sie sicher bereits ganz genau geplant, wie sie auf dem Erntefest ein Bombengesch\u00e4ft machen k\u00f6nnen. Ich bin schon sehr gespannt, was sie so alles auf Lager haben!<\/dt>\r\n                        <dd class=\"sec_dd\">\r\n                            <a href=\"https:\/\/guide.fire-emblem-heroes.com\/wp-content\/uploads\/anna_twice_the_anna_pop04.png\" class=\"popup-image\">\r\n                                <img decoding=\"async\" src=\"https:\/\/guide.fire-emblem-heroes.com\/wp-content\/uploads\/anna_twice_the_anna_info04.png\" alt=\"\" \/>\r\n                            <\/a>\r\n                        <\/dd>\r\n                    <\/dl>\r\n                    <h3 id=\"CHARA_920_013\" class=\"sec_h3charatxt\">Beziehungen<\/h3>\r\n                    <h4 id=\"CHARA_920_014\" class=\"sec_h4charatxt\">Alear<\/h4>\r\n                    <p id=\"CHARA_920_015\" class=\"sec_charatxt\">Kind der Wyrmg\u00f6ttin, erwacht aus langem Schlaf. Beschw\u00f6rt Embleme, um der Welt den Frieden zu bringen. Ist mit Anna aus Elyos befreundet.<\/p>\r\n                    <h4 id=\"CHARA_920_016\" class=\"sec_h4charatxt\">Tiki<\/h4>\r\n                    <p id=\"CHARA_920_017\" class=\"sec_charatxt\">Auch bekannt als Stimme der Wyrmg\u00f6ttin. Sie lebt seit unendlichen Zeiten und war einst mit Marth befreundet. Tr\u00e4gt manchmal unwissentlich zu Annas Gesch\u00e4ften bei.<\/p>\r\n                <\/section>\r\n            <\/article>\r\n        <\/main>","protected":false},"excerpt":{"rendered":"Harmoniehelden Im Doppelpack Anna Erscheint in Fire Emblem EngageFire Emblem: Awakening Sharena stellt vor! Im Doppelpack Anna Heute haben wir zwei Annas bei uns, und beide haben sich als Hexen verkleidet! Hier sind die kleine Anna aus Elyos und die nicht ganz so kleine Anna vom Kontinent Ylisse! Die Anna aus Elyos sieht mit ihrem [&hellip;]","protected":false},"author":1,"featured_media":46319,"comment_status":"closed","ping_status":"closed","sticky":false,"template":"","format":"standard","meta":{"advanced_seo_description":"","jetpack_seo_html_title":"","jetpack_seo_noindex":false,"_jetpack_newsletter_access":"","_jetpack_dont_email_post_to_subs":false,"_jetpack_newsletter_tier_id":0,"_jetpack_memberships_contains_paywalled_content":false,"_locale":"de_DE","_original_post":"https:\/\/guide.fire-emblem-heroes.com\/?p=46190","_jetpack_memberships_contains_paid_content":false,"footnotes":"","jetpack_publicize_message":"","jetpack_publicize_feature_enabled":true,"jetpack_social_post_already_shared":false,"jetpack_social_options":{"image_generator_settings":{"template":"highway","default_image_id":0,"font":"","enabled":false},"version":2},"_wpas_customize_per_network":false,"jetpack_post_was_ever_published":false},"categories":[1512,1384,1464,1390],"tags":[1466],"class_list":["post-46193","post","type-post","status-publish","format-standard","has-post-thumbnail","hentry","category-ex_works_engage","category-character","category-harmonized_heroes","category-stay_heroes","tag-harmoniehelden","de-DE"],"jetpack_publicize_connections":[],"jetpack_featured_media_url":"https:\/\/guide.fire-emblem-heroes.com\/wp-content\/uploads\/anna_twice_the_anna.png","jetpack_sharing_enabled":false,"jetpack_shortlink":"https:\/\/wp.me\/pa0Mj3-c13","jetpack_likes_enabled":false,"amp_enabled":false,"_links":{"self":[{"href":"https:\/\/guide.fire-emblem-heroes.com\/wp-json\/wp\/v2\/posts\/46193","targetHints":{"allow":["GET"]}}],"collection":[{"href":"https:\/\/guide.fire-emblem-heroes.com\/wp-json\/wp\/v2\/posts"}],"about":[{"href":"https:\/\/guide.fire-emblem-heroes.com\/wp-json\/wp\/v2\/types\/post"}],"author":[{"embeddable":true,"href":"https:\/\/guide.fire-emblem-heroes.com\/wp-json\/wp\/v2\/users\/1"}],"replies":[{"embeddable":true,"href":"https:\/\/guide.fire-emblem-heroes.com\/wp-json\/wp\/v2\/comments?post=46193"}],"version-history":[{"count":1,"href":"https:\/\/guide.fire-emblem-heroes.com\/wp-json\/wp\/v2\/posts\/46193\/revisions"}],"predecessor-version":[{"id":46202,"href":"https:\/\/guide.fire-emblem-heroes.com\/wp-json\/wp\/v2\/posts\/46193\/revisions\/46202"}],"wp:featuredmedia":[{"embeddable":true,"href":"https:\/\/guide.fire-emblem-heroes.com\/wp-json\/wp\/v2\/media\/46319"}],"wp:attachment":[{"href":"https:\/\/guide.fire-emblem-heroes.com\/wp-json\/wp\/v2\/media?parent=46193"}],"wp:term":[{"taxonomy":"category","embeddable":true,"href":"https:\/\/guide.fire-emblem-heroes.com\/wp-json\/wp\/v2\/categories?post=46193"},{"taxonomy":"post_tag","embeddable":true,"href":"https:\/\/guide.fire-emblem-heroes.com\/wp-json\/wp\/v2\/tags?post=46193"}],"curies":[{"name":"wp","href":"https:\/\/api.w.org\/{rel}","templated":true}]}}