






{"id":47351,"date":"2023-11-27T12:06:46","date_gmt":"2023-11-27T03:06:46","guid":{"rendered":"https:\/\/guide.fire-emblem-heroes.com\/?p=47351"},"modified":"2024-11-27T13:24:17","modified_gmt":"2024-11-27T04:24:17","slug":"00007002001027-2","status":"publish","type":"post","link":"https:\/\/guide.fire-emblem-heroes.com\/de\/00007002001027-2\/","title":{"rendered":"<span class=\"character_nick\">Goldene Seherin<\/span><span class=\"character_name\">Gullveig<\/span>"},"content":{"rendered":"<main id=\"CHARA_947\" class=\"main_page character\">\r\n            <article>\r\n                <section class=\"sec sec_character\">\r\n                    <ul class=\"sec_ul sec_ul--character slick-box\">\r\n                        <li class=\"sec_li sec_li--character\">\r\n                            <img decoding=\"async\" src=\"https:\/\/guide.fire-emblem-heroes.com\/wp-content\/uploads\/gullveig_golden_seer_slide01.png\" alt=\"\" \/>\r\n                        <\/li>\r\n                        <li class=\"sec_li sec_li--character\">\r\n                            <img decoding=\"async\" src=\"https:\/\/guide.fire-emblem-heroes.com\/wp-content\/uploads\/gullveig_golden_seer_slide02.png\" alt=\"\" \/>\r\n                        <\/li>\r\n                        <li class=\"sec_li sec_li--character\">\r\n                            <img decoding=\"async\" src=\"https:\/\/guide.fire-emblem-heroes.com\/wp-content\/uploads\/gullveig_golden_seer_slide03.png\" alt=\"\" \/>\r\n                        <\/li>\r\n                        <li class=\"sec_li sec_li--character\">\r\n                            <img decoding=\"async\" src=\"https:\/\/guide.fire-emblem-heroes.com\/wp-content\/uploads\/gullveig_golden_seer_slide04.png\" alt=\"\" \/>\r\n                        <\/li>\r\n                    <\/ul>\r\n                    <div class=\"sec_charainfoarea flex\">\r\n                        <div class=\"sec_gif\"><img loading=\"lazy\" decoding=\"async\" src=\"https:\/\/guide.fire-emblem-heroes.com\/wp-content\/uploads\/gullveig_golden_seer.png\" alt=\"\" width=\"210\" height=\"190\"\/><\/div>\r\n                        <div class=\"sec_charainfo\">\r\n                            <p id=\"CHARA_947_002\" class=\"sec_characate sec_characate--mythic_heroes\">Mythische Helden<\/p>\r\n                            <p id=\"CHARA_947_003\" class=\"sec_charanick\">Goldene Seherin<\/p>\r\n                            <p id=\"CHARA_947_004\" class=\"sec_charaname\">Gullveig<\/p>\r\n                            <p id=\"CHARA_947_005\" class=\"sec_charaappearancetxt\">Erscheint in<\/p>\r\n                            <p id=\"CHARA_947_006\" class=\"sec_charaappearancetxt\">Fire Emblem Heroes<\/p>\r\n                        <\/div>\r\n                    <\/div>\r\n                <\/section>\r\n            <\/article>\r\n            <article>\r\n                <section class=\"sec sec_characterarea\">\r\n                    <div class=\"sec_h2chara\">\r\n                        <p id=\"CHARA_947_007\" class=\"sec_h2charattl\">Sharena stellt vor!<\/p>\r\n                        <h2 id=\"CHARA_947_008\" class=\"sec_h2charatxt\">Goldene Seherin Gullveig<\/h2>\r\n                    <\/div>\r\n                    <dl class=\"sec_dl flex\">\r\n                        <dt id=\"CHARA_947_009\" class=\"sec_dt\">Dies ist die Goldene Seherin, die ihre Macht \u00fcber die Zeit nutzen will, um die Welt zu zerst\u00f6ren\u2026 Gullveig!<\/dt>\r\n                        <dd class=\"sec_dd\">\r\n                            <a href=\"https:\/\/guide.fire-emblem-heroes.com\/wp-content\/uploads\/gullveig_golden_seer_pop01.png\" class=\"popup-image\">\r\n                                <img decoding=\"async\" src=\"https:\/\/guide.fire-emblem-heroes.com\/wp-content\/uploads\/gullveig_golden_seer_info01.png\" alt=\"\" \/>\r\n                            <\/a>\r\n                        <\/dd>\r\n                        <dt id=\"CHARA_947_010\" class=\"sec_dt\">Sie kann nicht nur die Zeit zur\u00fcckdrehen, um drohende Niederlagen abzuwenden \u2013 nein, sie kann auch feindlich gesonnene Personen in die Zeit vor ihrer Geburt zur\u00fcckschicken und so ihre gesamte Existenz ausl\u00f6schen! Ein furchtbarer Gedanke!<\/dt>\r\n                        <dd class=\"sec_dd\">\r\n                            <a href=\"https:\/\/guide.fire-emblem-heroes.com\/wp-content\/uploads\/gullveig_golden_seer_pop02.png\" class=\"popup-image\">\r\n                                <img decoding=\"async\" src=\"https:\/\/guide.fire-emblem-heroes.com\/wp-content\/uploads\/gullveig_golden_seer_info02.png\" alt=\"\" \/>\r\n                            <\/a>\r\n                        <\/dd>\r\n                        <dt id=\"CHARA_947_011\" class=\"sec_dt\">Wir haben uns die Macht von Vanaheimr, dem Reich des Lichts, geborgt, um Gullveig mit aller Kraft entgegentreten zu k\u00f6nnen. Aber wie k\u00f6nnen wir jemanden besiegen, der im wahrsten Sinne des Wortes die Zeit kontrolliert?<\/dt>\r\n                        <dd class=\"sec_dd\">\r\n                            <a href=\"https:\/\/guide.fire-emblem-heroes.com\/wp-content\/uploads\/gullveig_golden_seer_pop03.png\" class=\"popup-image\">\r\n                                <img decoding=\"async\" src=\"https:\/\/guide.fire-emblem-heroes.com\/wp-content\/uploads\/gullveig_golden_seer_info03.png\" alt=\"\" \/>\r\n                            <\/a>\r\n                        <\/dd>\r\n                        <dt id=\"CHARA_947_012\" class=\"sec_dt\">Die Antwort muss irgendwo im Verborgenen von Gullveigs Vergangenheit versteckt sein. Die W\u00e4chter von Askr werden weiterk\u00e4mpfen! Jeder Funken Hoffnung z\u00e4hlt!<\/dt>\r\n                        <dd class=\"sec_dd\">\r\n                            <a href=\"https:\/\/guide.fire-emblem-heroes.com\/wp-content\/uploads\/gullveig_golden_seer_pop04.png\" class=\"popup-image\">\r\n                                <img decoding=\"async\" src=\"https:\/\/guide.fire-emblem-heroes.com\/wp-content\/uploads\/gullveig_golden_seer_info04.png\" alt=\"\" \/>\r\n                            <\/a>\r\n                        <\/dd>\r\n                    <\/dl>\r\n                    <h3 id=\"CHARA_947_013\" class=\"sec_h3charatxt\">Beziehungen<\/h3>\r\n                    <h4 id=\"CHARA_947_014\" class=\"sec_h4charatxt\">Sei\u00f0r<\/h4>\r\n                    <p id=\"CHARA_947_015\" class=\"sec_charatxt\">G\u00f6ttin von Vanaheimr, dem Reich des Lichts. Steigt aus den Himmeln herab, um das Volk vor der Vernichtung zu bewahren. Handelt stets mit Anstand. Sie gibt alles, um Askr vor Gullveig zu retten.<\/p>\r\n                    <h4 id=\"CHARA_947_016\" class=\"sec_h4charatxt\">Hei\u00f0r<\/h4>\r\n                    <p id=\"CHARA_947_017\" class=\"sec_charatxt\">G\u00f6ttin von Vanaheimr, dem Reich des Lichts. Sie ist rein und unschuldig und liebt Sei\u00f0r wie eine Schwester.<\/p>\r\n                <\/section>\r\n            <\/article>\r\n        <\/main>","protected":false},"excerpt":{"rendered":"Mythische Helden Goldene Seherin Gullveig Erscheint in Fire Emblem Heroes Sharena stellt vor! Goldene Seherin Gullveig Dies ist die Goldene Seherin, die ihre Macht \u00fcber die Zeit nutzen will, um die Welt zu zerst\u00f6ren\u2026 Gullveig! Sie kann nicht nur die Zeit zur\u00fcckdrehen, um drohende Niederlagen abzuwenden \u2013 nein, sie kann auch feindlich gesonnene Personen in [&hellip;]","protected":false},"author":1,"featured_media":47533,"comment_status":"closed","ping_status":"closed","sticky":false,"template":"","format":"standard","meta":{"advanced_seo_description":"","jetpack_seo_html_title":"","jetpack_seo_noindex":false,"_jetpack_newsletter_access":"","_jetpack_dont_email_post_to_subs":false,"_jetpack_newsletter_tier_id":0,"_jetpack_memberships_contains_paywalled_content":false,"_locale":"de_DE","_original_post":"https:\/\/guide.fire-emblem-heroes.com\/?p=47348","_jetpack_memberships_contains_paid_content":false,"footnotes":"","jetpack_publicize_message":"","jetpack_publicize_feature_enabled":true,"jetpack_social_post_already_shared":false,"jetpack_social_options":{"image_generator_settings":{"template":"highway","default_image_id":0,"font":"","enabled":false},"version":2},"_wpas_customize_per_network":false,"jetpack_post_was_ever_published":false},"categories":[1384,1423,1385,1390],"tags":[1399],"class_list":["post-47351","post","type-post","status-publish","format-standard","has-post-thumbnail","hentry","category-character","category-ex_works_heroes","category-mythic_heroes","category-stay_heroes","tag-mythische-helden","de-DE"],"jetpack_publicize_connections":[],"jetpack_featured_media_url":"https:\/\/guide.fire-emblem-heroes.com\/wp-content\/uploads\/gullveig_golden_seer.png","jetpack_sharing_enabled":false,"jetpack_shortlink":"https:\/\/wp.me\/pa0Mj3-cjJ","jetpack_likes_enabled":false,"amp_enabled":false,"_links":{"self":[{"href":"https:\/\/guide.fire-emblem-heroes.com\/wp-json\/wp\/v2\/posts\/47351","targetHints":{"allow":["GET"]}}],"collection":[{"href":"https:\/\/guide.fire-emblem-heroes.com\/wp-json\/wp\/v2\/posts"}],"about":[{"href":"https:\/\/guide.fire-emblem-heroes.com\/wp-json\/wp\/v2\/types\/post"}],"author":[{"embeddable":true,"href":"https:\/\/guide.fire-emblem-heroes.com\/wp-json\/wp\/v2\/users\/1"}],"replies":[{"embeddable":true,"href":"https:\/\/guide.fire-emblem-heroes.com\/wp-json\/wp\/v2\/comments?post=47351"}],"version-history":[{"count":1,"href":"https:\/\/guide.fire-emblem-heroes.com\/wp-json\/wp\/v2\/posts\/47351\/revisions"}],"predecessor-version":[{"id":47361,"href":"https:\/\/guide.fire-emblem-heroes.com\/wp-json\/wp\/v2\/posts\/47351\/revisions\/47361"}],"wp:featuredmedia":[{"embeddable":true,"href":"https:\/\/guide.fire-emblem-heroes.com\/wp-json\/wp\/v2\/media\/47533"}],"wp:attachment":[{"href":"https:\/\/guide.fire-emblem-heroes.com\/wp-json\/wp\/v2\/media?parent=47351"}],"wp:term":[{"taxonomy":"category","embeddable":true,"href":"https:\/\/guide.fire-emblem-heroes.com\/wp-json\/wp\/v2\/categories?post=47351"},{"taxonomy":"post_tag","embeddable":true,"href":"https:\/\/guide.fire-emblem-heroes.com\/wp-json\/wp\/v2\/tags?post=47351"}],"curies":[{"name":"wp","href":"https:\/\/api.w.org\/{rel}","templated":true}]}}