






{"id":47704,"date":"2023-12-05T12:42:32","date_gmt":"2023-12-05T03:42:32","guid":{"rendered":"https:\/\/guide.fire-emblem-heroes.com\/?p=47704"},"modified":"2023-12-15T16:06:18","modified_gmt":"2023-12-15T07:06:18","slug":"10005002001034-2","status":"publish","type":"post","link":"https:\/\/guide.fire-emblem-heroes.com\/de\/10005002001034-2\/","title":{"rendered":"<span class=\"character_nick\">Hand des B\u00f6sen<\/span><span class=\"character_name\">Valldar<\/span>"},"content":{"rendered":"<main id=\"CHARA_958\" class=\"main_page character\">\r\n            <article>\r\n                <section class=\"sec sec_character\">\r\n                    <ul class=\"sec_ul sec_ul--character slick-box\">\r\n                        <li class=\"sec_li sec_li--character\">\r\n                            <img decoding=\"async\" src=\"https:\/\/guide.fire-emblem-heroes.com\/wp-content\/uploads\/fauder_fell_architect_slide01.png\" alt=\"\" \/>\r\n                        <\/li>\r\n                        <li class=\"sec_li sec_li--character\">\r\n                            <img decoding=\"async\" src=\"https:\/\/guide.fire-emblem-heroes.com\/wp-content\/uploads\/fauder_fell_architect_slide02.png\" alt=\"\" \/>\r\n                        <\/li>\r\n                        <li class=\"sec_li sec_li--character\">\r\n                            <img decoding=\"async\" src=\"https:\/\/guide.fire-emblem-heroes.com\/wp-content\/uploads\/fauder_fell_architect_slide03.png\" alt=\"\" \/>\r\n                        <\/li>\r\n                        <li class=\"sec_li sec_li--character\">\r\n                            <img decoding=\"async\" src=\"https:\/\/guide.fire-emblem-heroes.com\/wp-content\/uploads\/fauder_fell_architect_slide04.png\" alt=\"\" \/>\r\n                        <\/li>\r\n                    <\/ul>\r\n                    <div class=\"sec_charainfoarea flex\">\r\n                        <div class=\"sec_gif\"><img loading=\"lazy\" decoding=\"async\" src=\"https:\/\/guide.fire-emblem-heroes.com\/wp-content\/uploads\/fauder_fell_architect.png\" alt=\"\" width=\"210\" height=\"190\"\/><\/div>\r\n                        <div class=\"sec_charainfo\">\r\n                            <p id=\"CHARA_958_002\" class=\"sec_characate sec_characate--heroes\">Helden<\/p>\r\n                            <p id=\"CHARA_958_003\" class=\"sec_charanick\">Hand des B\u00f6sen<\/p>\r\n                            <p id=\"CHARA_958_004\" class=\"sec_charaname\">Valldar<\/p>\r\n                            <p id=\"CHARA_958_005\" class=\"sec_charaappearancetxt\">Erscheint in<\/p>\r\n                            <p id=\"CHARA_958_006\" class=\"sec_charaappearancetxt\">Fire Emblem: Awakening<\/p>\r\n                        <\/div>\r\n                    <\/div>\r\n                <\/section>\r\n            <\/article>\r\n            <article>\r\n                <section class=\"sec sec_characterarea\">\r\n                    <div class=\"sec_h2chara\">\r\n                        <p id=\"CHARA_958_007\" class=\"sec_h2charattl\">Sharena stellt vor!<\/p>\r\n                        <h2 id=\"CHARA_958_008\" class=\"sec_h2charatxt\">Hand des B\u00f6sen Valldar<\/h2>\r\n                    <\/div>\r\n                    <dl class=\"sec_dl flex\">\r\n                        <dt id=\"CHARA_958_009\" class=\"sec_dt\">Valldar ist der Anf\u00fchrer der Grimleal, einer religi\u00f6sen Gruppe, die sich im K\u00f6nigreich Plegia auf dem Kontinent Ylisse niedergelassen hat. Sie verehrt Grima, den D\u00e4monendrachen, der in grauer Vorzeit einmal beinahe den ganzen Kontinent ins Verderben gest\u00fcrzt h\u00e4tte.<\/dt>\r\n                        <dd class=\"sec_dd\">\r\n                            <a href=\"https:\/\/guide.fire-emblem-heroes.com\/wp-content\/uploads\/fauder_fell_architect_pop01.png\" class=\"popup-image\">\r\n                                <img decoding=\"async\" src=\"https:\/\/guide.fire-emblem-heroes.com\/wp-content\/uploads\/fauder_fell_architect_info01.png\" alt=\"\" \/>\r\n                            <\/a>\r\n                        <\/dd>\r\n                        <dt id=\"CHARA_958_010\" class=\"sec_dt\">Valldar wollte die R\u00fcckkehr des Drachen herbeif\u00fchren und deshalb Emmeryn, die K\u00f6nigin von Ylisse, t\u00f6ten, da sie seinen Pl\u00e4nen im Weg stand.<\/dt>\r\n                        <dd class=\"sec_dd\">\r\n                            <a href=\"https:\/\/guide.fire-emblem-heroes.com\/wp-content\/uploads\/fauder_fell_architect_pop02.png\" class=\"popup-image\">\r\n                                <img decoding=\"async\" src=\"https:\/\/guide.fire-emblem-heroes.com\/wp-content\/uploads\/fauder_fell_architect_info02.png\" alt=\"\" \/>\r\n                            <\/a>\r\n                        <\/dd>\r\n                        <dt id=\"CHARA_958_011\" class=\"sec_dt\">Sein Versuch scheiterte, aber durch seine Dienerin Aversa, die Einfluss auf Gangrel, den K\u00f6nig von Plegia, hatte, gelang es ihm, einen Krieg auf dem Kontinent zu provozieren.<\/dt>\r\n                        <dd class=\"sec_dd\">\r\n                            <a href=\"https:\/\/guide.fire-emblem-heroes.com\/wp-content\/uploads\/fauder_fell_architect_pop03.png\" class=\"popup-image\">\r\n                                <img decoding=\"async\" src=\"https:\/\/guide.fire-emblem-heroes.com\/wp-content\/uploads\/fauder_fell_architect_info03.png\" alt=\"\" \/>\r\n                            <\/a>\r\n                        <\/dd>\r\n                        <dt id=\"CHARA_958_012\" class=\"sec_dt\">Mit seiner schrecklichen dunklen Magie schmiedete Valldar im Verborgenen weiterhin Pl\u00e4ne und trieb unerm\u00fcdlich Grimas Wiederauferstehung voran. Tja&#8230; Vielleicht sollten wir alle erleichtert dar\u00fcber sein, dass ein furchterregender Feind wie er jetzt auf unserer Seite ist?<\/dt>\r\n                        <dd class=\"sec_dd\">\r\n                            <a href=\"https:\/\/guide.fire-emblem-heroes.com\/wp-content\/uploads\/fauder_fell_architect_pop04.png\" class=\"popup-image\">\r\n                                <img decoding=\"async\" src=\"https:\/\/guide.fire-emblem-heroes.com\/wp-content\/uploads\/fauder_fell_architect_info04.png\" alt=\"\" \/>\r\n                            <\/a>\r\n                        <\/dd>\r\n                    <\/dl>\r\n                    <h3 id=\"CHARA_958_013\" class=\"sec_h3charatxt\">Beziehungen<\/h3>\r\n                    <h4 id=\"CHARA_958_014\" class=\"sec_h4charatxt\">Aversa<\/h4>\r\n                    <p id=\"CHARA_958_015\" class=\"sec_charatxt\">Eine listige Magierin, die Gangrel von Plegia dient. Wei\u00df ihre Reize einzusetzen, um ihre Gegner zu entwaffnen und zu vernichten. Valldars Untergebene.<\/p>\r\n                <\/section>\r\n            <\/article>\r\n        <\/main>","protected":false},"excerpt":{"rendered":"Helden Hand des B\u00f6sen Valldar Erscheint in Fire Emblem: Awakening Sharena stellt vor! Hand des B\u00f6sen Valldar Valldar ist der Anf\u00fchrer der Grimleal, einer religi\u00f6sen Gruppe, die sich im K\u00f6nigreich Plegia auf dem Kontinent Ylisse niedergelassen hat. Sie verehrt Grima, den D\u00e4monendrachen, der in grauer Vorzeit einmal beinahe den ganzen Kontinent ins Verderben gest\u00fcrzt h\u00e4tte. [&hellip;]","protected":false},"author":1,"featured_media":47772,"comment_status":"closed","ping_status":"closed","sticky":false,"template":"","format":"standard","meta":{"advanced_seo_description":"","jetpack_seo_html_title":"","jetpack_seo_noindex":false,"_jetpack_newsletter_access":"","_jetpack_dont_email_post_to_subs":false,"_jetpack_newsletter_tier_id":0,"_jetpack_memberships_contains_paywalled_content":false,"_locale":"de_DE","_original_post":"https:\/\/guide.fire-emblem-heroes.com\/?p=47701","_jetpack_memberships_contains_paid_content":false,"footnotes":"","jetpack_publicize_message":"","jetpack_publicize_feature_enabled":true,"jetpack_social_post_already_shared":false,"jetpack_social_options":{"image_generator_settings":{"template":"highway","default_image_id":0,"font":"","enabled":false},"version":2},"_wpas_customize_per_network":false,"jetpack_post_was_ever_published":false},"categories":[1384,1415,1431,1390],"tags":[1417],"class_list":["post-47704","post","type-post","status-publish","format-standard","has-post-thumbnail","hentry","category-character","category-heroes","category-ex_works_awakening","category-stay_heroes","tag-helden","de-DE"],"jetpack_publicize_connections":[],"jetpack_featured_media_url":"https:\/\/guide.fire-emblem-heroes.com\/wp-content\/uploads\/fauder_fell_architect.png","jetpack_sharing_enabled":false,"jetpack_shortlink":"https:\/\/wp.me\/pa0Mj3-cpq","jetpack_likes_enabled":false,"amp_enabled":false,"_links":{"self":[{"href":"https:\/\/guide.fire-emblem-heroes.com\/wp-json\/wp\/v2\/posts\/47704","targetHints":{"allow":["GET"]}}],"collection":[{"href":"https:\/\/guide.fire-emblem-heroes.com\/wp-json\/wp\/v2\/posts"}],"about":[{"href":"https:\/\/guide.fire-emblem-heroes.com\/wp-json\/wp\/v2\/types\/post"}],"author":[{"embeddable":true,"href":"https:\/\/guide.fire-emblem-heroes.com\/wp-json\/wp\/v2\/users\/1"}],"replies":[{"embeddable":true,"href":"https:\/\/guide.fire-emblem-heroes.com\/wp-json\/wp\/v2\/comments?post=47704"}],"version-history":[{"count":1,"href":"https:\/\/guide.fire-emblem-heroes.com\/wp-json\/wp\/v2\/posts\/47704\/revisions"}],"predecessor-version":[{"id":47713,"href":"https:\/\/guide.fire-emblem-heroes.com\/wp-json\/wp\/v2\/posts\/47704\/revisions\/47713"}],"wp:featuredmedia":[{"embeddable":true,"href":"https:\/\/guide.fire-emblem-heroes.com\/wp-json\/wp\/v2\/media\/47772"}],"wp:attachment":[{"href":"https:\/\/guide.fire-emblem-heroes.com\/wp-json\/wp\/v2\/media?parent=47704"}],"wp:term":[{"taxonomy":"category","embeddable":true,"href":"https:\/\/guide.fire-emblem-heroes.com\/wp-json\/wp\/v2\/categories?post=47704"},{"taxonomy":"post_tag","embeddable":true,"href":"https:\/\/guide.fire-emblem-heroes.com\/wp-json\/wp\/v2\/tags?post=47704"}],"curies":[{"name":"wp","href":"https:\/\/api.w.org\/{rel}","templated":true}]}}