






{"id":48266,"date":"2023-12-27T12:04:38","date_gmt":"2023-12-27T03:04:38","guid":{"rendered":"https:\/\/guide.fire-emblem-heroes.com\/?p=48266"},"modified":"2024-02-01T15:59:25","modified_gmt":"2024-02-01T06:59:25","slug":"00007001001041-2","status":"publish","type":"post","link":"https:\/\/guide.fire-emblem-heroes.com\/de\/00007001001041-2\/","title":{"rendered":"<span class=\"character_nick\">G\u00f6ttinnen der Zeit<\/span><span class=\"character_name\">Sei\u00f0r<\/span>"},"content":{"rendered":"<main id=\"CHARA_970\" class=\"main_page character\">\r\n            <article>\r\n                <section class=\"sec sec_character\">\r\n                    <ul class=\"sec_ul sec_ul--character slick-box\">\r\n                        <li class=\"sec_li sec_li--character\">\r\n                            <img decoding=\"async\" src=\"https:\/\/guide.fire-emblem-heroes.com\/wp-content\/uploads\/seith_times_goddesses_slide01.png\" alt=\"\" \/>\r\n                        <\/li>\r\n                        <li class=\"sec_li sec_li--character\">\r\n                            <img decoding=\"async\" src=\"https:\/\/guide.fire-emblem-heroes.com\/wp-content\/uploads\/seith_times_goddesses_slide02.png\" alt=\"\" \/>\r\n                        <\/li>\r\n                        <li class=\"sec_li sec_li--character\">\r\n                            <img decoding=\"async\" src=\"https:\/\/guide.fire-emblem-heroes.com\/wp-content\/uploads\/seith_times_goddesses_slide03.png\" alt=\"\" \/>\r\n                        <\/li>\r\n                        <li class=\"sec_li sec_li--character\">\r\n                            <img decoding=\"async\" src=\"https:\/\/guide.fire-emblem-heroes.com\/wp-content\/uploads\/seith_times_goddesses_slide04.png\" alt=\"\" \/>\r\n                        <\/li>\r\n                    <\/ul>\r\n                    <div class=\"sec_charainfoarea flex\">\r\n                        <div class=\"sec_gif\"><img loading=\"lazy\" decoding=\"async\" src=\"https:\/\/guide.fire-emblem-heroes.com\/wp-content\/uploads\/seith_times_goddesses.png\" alt=\"\" width=\"210\" height=\"190\"\/><\/div>\r\n                        <div class=\"sec_charainfo\">\r\n                            <p id=\"CHARA_970_002\" class=\"sec_characate sec_characate--duo_hero\">Heldenduos<\/p>\r\n                            <p id=\"CHARA_970_003\" class=\"sec_charanick\">G\u00f6ttinnen der Zeit<\/p>\r\n                            <p id=\"CHARA_970_004\" class=\"sec_charaname\">Sei\u00f0r<\/p>\r\n                            <p id=\"CHARA_970_005\" class=\"sec_charaappearancetxt\">Erscheint in<\/p>\r\n                            <p id=\"CHARA_970_006\" class=\"sec_charaappearancetxt\">Fire Emblem Heroes<\/p>\r\n                        <\/div>\r\n                    <\/div>\r\n                <\/section>\r\n            <\/article>\r\n            <article>\r\n                <section class=\"sec sec_characterarea\">\r\n                    <div class=\"sec_h2chara\">\r\n                        <p id=\"CHARA_970_007\" class=\"sec_h2charattl\">Sharena stellt vor!<\/p>\r\n                        <h2 id=\"CHARA_970_008\" class=\"sec_h2charatxt\">G\u00f6ttinnen der Zeit Sei\u00f0r<\/h2>\r\n                    <\/div>\r\n                    <dl class=\"sec_dl flex\">\r\n                        <dt id=\"CHARA_970_009\" class=\"sec_dt\">Frohes neues Jahr! Dieses Jahr nehmen zwei wundersch\u00f6ne G\u00f6ttinnen aus Vanaheimr an den Feierlichkeiten in Askr teil und haben sich zu diesem Anlass in Kimonos gekleidet, die nicht weniger sch\u00f6n aussehen als sie selbst! Hier sind Sei\u00f0r und Hei\u00f0r!<\/dt>\r\n                        <dd class=\"sec_dd\">\r\n                            <a href=\"https:\/\/guide.fire-emblem-heroes.com\/wp-content\/uploads\/seith_times_goddesses_pop01.png\" class=\"popup-image\">\r\n                                <img decoding=\"async\" src=\"https:\/\/guide.fire-emblem-heroes.com\/wp-content\/uploads\/seith_times_goddesses_info01.png\" alt=\"\" \/>\r\n                            <\/a>\r\n                        <\/dd>\r\n                        <dt id=\"CHARA_970_010\" class=\"sec_dt\">Die Outfits der beiden G\u00f6ttinnen sind aufeinander abgestimmt \u2013 sie zeigen beide das Vanaheimr-Wappen am Saum. Sieht Sei\u00f0rs Kimono mit dem blassrosa Farbverlauf nicht wundersch\u00f6n aus?<\/dt>\r\n                        <dd class=\"sec_dd\">\r\n                            <a href=\"https:\/\/guide.fire-emblem-heroes.com\/wp-content\/uploads\/seith_times_goddesses_pop02.png\" class=\"popup-image\">\r\n                                <img decoding=\"async\" src=\"https:\/\/guide.fire-emblem-heroes.com\/wp-content\/uploads\/seith_times_goddesses_info02.png\" alt=\"\" \/>\r\n                            <\/a>\r\n                        <\/dd>\r\n                        <dt id=\"CHARA_970_011\" class=\"sec_dt\">Hei\u00f0rs Kimono ist in einem warmen Orange gehalten, der an den Sonnenaufgang am ersten Tag des Jahres erinnert&#8230; Da bekommt man richtig Hoffnung, dass das neue Jahr wunderbar werden wird!<\/dt>\r\n                        <dd class=\"sec_dd\">\r\n                            <a href=\"https:\/\/guide.fire-emblem-heroes.com\/wp-content\/uploads\/seith_times_goddesses_pop03.png\" class=\"popup-image\">\r\n                                <img decoding=\"async\" src=\"https:\/\/guide.fire-emblem-heroes.com\/wp-content\/uploads\/seith_times_goddesses_info03.png\" alt=\"\" \/>\r\n                            <\/a>\r\n                        <\/dd>\r\n                        <dt id=\"CHARA_970_012\" class=\"sec_dt\">Sei\u00f0r und Hei\u00f0r sehen in ihren Neujahrskost\u00fcmen aus wie zwei rundum gl\u00fcckliche Schwestern. Hoffen wir, dass die beiden ein tolles Jahr erleben werden!<\/dt>\r\n                        <dd class=\"sec_dd\">\r\n                            <a href=\"https:\/\/guide.fire-emblem-heroes.com\/wp-content\/uploads\/seith_times_goddesses_pop04.png\" class=\"popup-image\">\r\n                                <img decoding=\"async\" src=\"https:\/\/guide.fire-emblem-heroes.com\/wp-content\/uploads\/seith_times_goddesses_info04.png\" alt=\"\" \/>\r\n                            <\/a>\r\n                        <\/dd>\r\n                    <\/dl>\r\n                    <h3 id=\"CHARA_970_013\" class=\"sec_h3charatxt\">Beziehungen<\/h3>\r\n                    <h4 id=\"CHARA_970_014\" class=\"sec_h4charatxt\">Gullveig<\/h4>\r\n                    <p id=\"CHARA_970_015\" class=\"sec_charatxt\">Sei\u00f0r, G\u00f6ttin von Vanaheimr, dem Reich des Lichts, nachdem sie sich in Gullveig, die Goldene Seherin, verwandelte.<\/p>\r\n                    <h4 id=\"CHARA_970_016\" class=\"sec_h4charatxt\">Nj\u00f6r\u00f0r<\/h4>\r\n                    <p id=\"CHARA_970_017\" class=\"sec_charatxt\">K\u00f6nig von Vanaheimr, dem Reich des Lichts. Der Gebieter von Hei\u00f0r und Sei\u00f0r.<\/p>\r\n                <\/section>\r\n            <\/article>\r\n        <\/main>","protected":false},"excerpt":{"rendered":"Heldenduos G\u00f6ttinnen der Zeit Sei\u00f0r Erscheint in Fire Emblem Heroes Sharena stellt vor! G\u00f6ttinnen der Zeit Sei\u00f0r Frohes neues Jahr! Dieses Jahr nehmen zwei wundersch\u00f6ne G\u00f6ttinnen aus Vanaheimr an den Feierlichkeiten in Askr teil und haben sich zu diesem Anlass in Kimonos gekleidet, die nicht weniger sch\u00f6n aussehen als sie selbst! Hier sind Sei\u00f0r und [&hellip;]","protected":false},"author":1,"featured_media":48433,"comment_status":"closed","ping_status":"closed","sticky":false,"template":"","format":"standard","meta":{"advanced_seo_description":"","jetpack_seo_html_title":"","jetpack_seo_noindex":false,"jetpack_post_was_ever_published":false,"_jetpack_newsletter_access":"","_jetpack_dont_email_post_to_subs":false,"_jetpack_newsletter_tier_id":0,"_jetpack_memberships_contains_paywalled_content":false,"_locale":"de_DE","_original_post":"https:\/\/guide.fire-emblem-heroes.com\/?p=48263","_jetpack_memberships_contains_paid_content":false,"footnotes":"","jetpack_publicize_message":"","jetpack_publicize_feature_enabled":true,"jetpack_social_post_already_shared":false,"jetpack_social_options":{"image_generator_settings":{"template":"highway","default_image_id":0,"font":"","enabled":false},"version":2},"_wpas_customize_per_network":false},"categories":[1384,1423,1390,1440],"tags":[1442],"class_list":["post-48266","post","type-post","status-publish","format-standard","has-post-thumbnail","hentry","category-character","category-ex_works_heroes","category-stay_heroes","category-duo_heroes","tag-heldenduos","de-DE"],"jetpack_publicize_connections":[],"jetpack_featured_media_url":"https:\/\/guide.fire-emblem-heroes.com\/wp-content\/uploads\/seith_times_goddesses.png","jetpack_sharing_enabled":false,"jetpack_shortlink":"https:\/\/wp.me\/pa0Mj3-cyu","jetpack_likes_enabled":false,"amp_enabled":false,"_links":{"self":[{"href":"https:\/\/guide.fire-emblem-heroes.com\/wp-json\/wp\/v2\/posts\/48266","targetHints":{"allow":["GET"]}}],"collection":[{"href":"https:\/\/guide.fire-emblem-heroes.com\/wp-json\/wp\/v2\/posts"}],"about":[{"href":"https:\/\/guide.fire-emblem-heroes.com\/wp-json\/wp\/v2\/types\/post"}],"author":[{"embeddable":true,"href":"https:\/\/guide.fire-emblem-heroes.com\/wp-json\/wp\/v2\/users\/1"}],"replies":[{"embeddable":true,"href":"https:\/\/guide.fire-emblem-heroes.com\/wp-json\/wp\/v2\/comments?post=48266"}],"version-history":[{"count":1,"href":"https:\/\/guide.fire-emblem-heroes.com\/wp-json\/wp\/v2\/posts\/48266\/revisions"}],"predecessor-version":[{"id":48277,"href":"https:\/\/guide.fire-emblem-heroes.com\/wp-json\/wp\/v2\/posts\/48266\/revisions\/48277"}],"wp:featuredmedia":[{"embeddable":true,"href":"https:\/\/guide.fire-emblem-heroes.com\/wp-json\/wp\/v2\/media\/48433"}],"wp:attachment":[{"href":"https:\/\/guide.fire-emblem-heroes.com\/wp-json\/wp\/v2\/media?parent=48266"}],"wp:term":[{"taxonomy":"category","embeddable":true,"href":"https:\/\/guide.fire-emblem-heroes.com\/wp-json\/wp\/v2\/categories?post=48266"},{"taxonomy":"post_tag","embeddable":true,"href":"https:\/\/guide.fire-emblem-heroes.com\/wp-json\/wp\/v2\/tags?post=48266"}],"curies":[{"name":"wp","href":"https:\/\/api.w.org\/{rel}","templated":true}]}}