






{"id":49219,"date":"2024-02-05T12:10:01","date_gmt":"2024-02-05T03:10:01","guid":{"rendered":"https:\/\/guide.fire-emblem-heroes.com\/?p=49219"},"modified":"2024-03-07T16:03:55","modified_gmt":"2024-03-07T07:03:55","slug":"07003001001058-2","status":"publish","type":"post","link":"https:\/\/guide.fire-emblem-heroes.com\/de\/07003001001058-2\/","title":{"rendered":"<span class=\"character_nick\">Gesch\u00e4tzter Adel<\/span><span class=\"character_name\">Lyon<\/span>"},"content":{"rendered":"<main id=\"CHARA_992\" class=\"main_page character\">\r\n            <article>\r\n                <section class=\"sec sec_character\">\r\n                    <ul class=\"sec_ul sec_ul--character slick-box\">\r\n                        <li class=\"sec_li sec_li--character\">\r\n                            <img decoding=\"async\" src=\"https:\/\/guide.fire-emblem-heroes.com\/wp-content\/uploads\/lyon_esteemed_royals_slide01.png\" alt=\"\" \/>\r\n                        <\/li>\r\n                        <li class=\"sec_li sec_li--character\">\r\n                            <img decoding=\"async\" src=\"https:\/\/guide.fire-emblem-heroes.com\/wp-content\/uploads\/lyon_esteemed_royals_slide02.png\" alt=\"\" \/>\r\n                        <\/li>\r\n                        <li class=\"sec_li sec_li--character\">\r\n                            <img decoding=\"async\" src=\"https:\/\/guide.fire-emblem-heroes.com\/wp-content\/uploads\/lyon_esteemed_royals_slide03.png\" alt=\"\" \/>\r\n                        <\/li>\r\n                        <li class=\"sec_li sec_li--character\">\r\n                            <img decoding=\"async\" src=\"https:\/\/guide.fire-emblem-heroes.com\/wp-content\/uploads\/lyon_esteemed_royals_slide04.png\" alt=\"\" \/>\r\n                        <\/li>\r\n                    <\/ul>\r\n                    <div class=\"sec_charainfoarea flex\">\r\n                        <div class=\"sec_gif\"><img loading=\"lazy\" decoding=\"async\" src=\"https:\/\/guide.fire-emblem-heroes.com\/wp-content\/uploads\/lyon_esteemed_royals.png\" alt=\"\" width=\"210\" height=\"190\"\/><\/div>\r\n                        <div class=\"sec_charainfo\">\r\n                            <p id=\"CHARA_992_002\" class=\"sec_characate sec_characate--duo_hero\">Heldenduos<\/p>\r\n                            <p id=\"CHARA_992_003\" class=\"sec_charanick\">Gesch\u00e4tzter Adel<\/p>\r\n                            <p id=\"CHARA_992_004\" class=\"sec_charaname\">Lyon<\/p>\r\n                            <p id=\"CHARA_992_005\" class=\"sec_charaappearancetxt\">Erscheint in<\/p>\r\n                            <p id=\"CHARA_992_006\" class=\"sec_charaappearancetxt\">Fire Emblem: The Sacred Stones<\/p>\r\n                        <\/div>\r\n                    <\/div>\r\n                <\/section>\r\n            <\/article>\r\n            <article>\r\n                <section class=\"sec sec_characterarea\">\r\n                    <div class=\"sec_h2chara\">\r\n                        <p id=\"CHARA_992_007\" class=\"sec_h2charattl\">Sharena stellt vor!<\/p>\r\n                        <h2 id=\"CHARA_992_008\" class=\"sec_h2charatxt\">Gesch\u00e4tzter Adel Lyon<\/h2>\r\n                    <\/div>\r\n                    <dl class=\"sec_dl flex\">\r\n                        <dt id=\"CHARA_992_009\" class=\"sec_dt\">Hier kommen Lyon, Prinz des Imperiums von Grado, und Eirika, Prinzessin von Renais. Sie stammen beide aus Magvel und kennen sich seit ihrer Kindheit &#8211; und heute feiern sie zusammen den Tag der Liebe!<\/dt>\r\n                        <dd class=\"sec_dd\">\r\n                            <a href=\"https:\/\/guide.fire-emblem-heroes.com\/wp-content\/uploads\/lyon_esteemed_royals_pop01.png\" class=\"popup-image\">\r\n                                <img decoding=\"async\" src=\"https:\/\/guide.fire-emblem-heroes.com\/wp-content\/uploads\/lyon_esteemed_royals_info01.png\" alt=\"\" \/>\r\n                            <\/a>\r\n                        <\/dd>\r\n                        <dt id=\"CHARA_992_010\" class=\"sec_dt\">Die violette Kleidung steht Lyon ausgezeichnet. Gibt es eine bessere Farbe f\u00fcr den Prinzen von Grado?<\/dt>\r\n                        <dd class=\"sec_dd\">\r\n                            <a href=\"https:\/\/guide.fire-emblem-heroes.com\/wp-content\/uploads\/lyon_esteemed_royals_pop02.png\" class=\"popup-image\">\r\n                                <img decoding=\"async\" src=\"https:\/\/guide.fire-emblem-heroes.com\/wp-content\/uploads\/lyon_esteemed_royals_info02.png\" alt=\"\" \/>\r\n                            <\/a>\r\n                        <\/dd>\r\n                        <dt id=\"CHARA_992_011\" class=\"sec_dt\">Eirika tr\u00e4gt ein Kleid mit einem leuchtenden Rot und pr\u00e4chtigen Stickereien!<\/dt>\r\n                        <dd class=\"sec_dd\">\r\n                            <a href=\"https:\/\/guide.fire-emblem-heroes.com\/wp-content\/uploads\/lyon_esteemed_royals_pop03.png\" class=\"popup-image\">\r\n                                <img decoding=\"async\" src=\"https:\/\/guide.fire-emblem-heroes.com\/wp-content\/uploads\/lyon_esteemed_royals_info03.png\" alt=\"\" \/>\r\n                            <\/a>\r\n                        <\/dd>\r\n                        <dt id=\"CHARA_992_012\" class=\"sec_dt\">Offenbar haben die beiden ein Geschenk f\u00fcr Eirikas Bruder Ephraim dabei, der ebenfalls seit Kindertagen mit Lyon befreundet ist. Es klingt, als h\u00e4tte es ihnen Spa\u00df gemacht, gemeinsam etwas auszusuchen, das Ephraim gefallen k\u00f6nnte!<\/dt>\r\n                        <dd class=\"sec_dd\">\r\n                            <a href=\"https:\/\/guide.fire-emblem-heroes.com\/wp-content\/uploads\/lyon_esteemed_royals_pop04.png\" class=\"popup-image\">\r\n                                <img decoding=\"async\" src=\"https:\/\/guide.fire-emblem-heroes.com\/wp-content\/uploads\/lyon_esteemed_royals_info04.png\" alt=\"\" \/>\r\n                            <\/a>\r\n                        <\/dd>\r\n                    <\/dl>\r\n                    <h3 id=\"CHARA_992_013\" class=\"sec_h3charatxt\">Beziehungen<\/h3>\r\n                    <h4 id=\"CHARA_992_014\" class=\"sec_h4charatxt\">Vigarde<\/h4>\r\n                    <p id=\"CHARA_992_015\" class=\"sec_charatxt\">Der ehemals hoch angesehene Imperator von Grado. Als Stiller Imperator bekannt, ist er nun nur noch ein Schatten seiner selbst.<\/p>\r\n                    <h4 id=\"CHARA_992_016\" class=\"sec_h4charatxt\">Ephraim<\/h4>\r\n                    <p id=\"CHARA_992_017\" class=\"sec_charatxt\">Prinz von Renais und Eirikas Zwillingsbruder. Seine Schwester liegt ihm sehr am Herzen. Sein Selbstvertrauen bringt ihn manchmal in Gefahr.<\/p>\r\n                <\/section>\r\n            <\/article>\r\n        <\/main>","protected":false},"excerpt":{"rendered":"Heldenduos Gesch\u00e4tzter Adel Lyon Erscheint in Fire Emblem: The Sacred Stones Sharena stellt vor! Gesch\u00e4tzter Adel Lyon Hier kommen Lyon, Prinz des Imperiums von Grado, und Eirika, Prinzessin von Renais. Sie stammen beide aus Magvel und kennen sich seit ihrer Kindheit &#8211; und heute feiern sie zusammen den Tag der Liebe! Die violette Kleidung steht [&hellip;]","protected":false},"author":1,"featured_media":49377,"comment_status":"closed","ping_status":"closed","sticky":false,"template":"","format":"standard","meta":{"advanced_seo_description":"","jetpack_seo_html_title":"","jetpack_seo_noindex":false,"_jetpack_newsletter_access":"","_jetpack_dont_email_post_to_subs":false,"_jetpack_newsletter_tier_id":0,"_jetpack_memberships_contains_paywalled_content":false,"_locale":"de_DE","_original_post":"https:\/\/guide.fire-emblem-heroes.com\/?p=49216","_jetpack_memberships_contains_paid_content":false,"footnotes":"","jetpack_publicize_message":"","jetpack_publicize_feature_enabled":true,"jetpack_social_post_already_shared":false,"jetpack_social_options":{"image_generator_settings":{"template":"highway","default_image_id":0,"font":"","enabled":false},"version":2},"_wpas_customize_per_network":false,"jetpack_post_was_ever_published":false},"categories":[1384,1428,1390,1440],"tags":[1442],"class_list":["post-49219","post","type-post","status-publish","format-standard","has-post-thumbnail","hentry","category-character","category-ex_works_the_sacred_stones","category-stay_heroes","category-duo_heroes","tag-heldenduos","de-DE"],"jetpack_publicize_connections":[],"jetpack_featured_media_url":"https:\/\/guide.fire-emblem-heroes.com\/wp-content\/uploads\/lyon_esteemed_royals.png","jetpack_sharing_enabled":false,"jetpack_shortlink":"https:\/\/wp.me\/pa0Mj3-cNR","jetpack_likes_enabled":false,"amp_enabled":false,"_links":{"self":[{"href":"https:\/\/guide.fire-emblem-heroes.com\/wp-json\/wp\/v2\/posts\/49219","targetHints":{"allow":["GET"]}}],"collection":[{"href":"https:\/\/guide.fire-emblem-heroes.com\/wp-json\/wp\/v2\/posts"}],"about":[{"href":"https:\/\/guide.fire-emblem-heroes.com\/wp-json\/wp\/v2\/types\/post"}],"author":[{"embeddable":true,"href":"https:\/\/guide.fire-emblem-heroes.com\/wp-json\/wp\/v2\/users\/1"}],"replies":[{"embeddable":true,"href":"https:\/\/guide.fire-emblem-heroes.com\/wp-json\/wp\/v2\/comments?post=49219"}],"version-history":[{"count":1,"href":"https:\/\/guide.fire-emblem-heroes.com\/wp-json\/wp\/v2\/posts\/49219\/revisions"}],"predecessor-version":[{"id":49228,"href":"https:\/\/guide.fire-emblem-heroes.com\/wp-json\/wp\/v2\/posts\/49219\/revisions\/49228"}],"wp:featuredmedia":[{"embeddable":true,"href":"https:\/\/guide.fire-emblem-heroes.com\/wp-json\/wp\/v2\/media\/49377"}],"wp:attachment":[{"href":"https:\/\/guide.fire-emblem-heroes.com\/wp-json\/wp\/v2\/media?parent=49219"}],"wp:term":[{"taxonomy":"category","embeddable":true,"href":"https:\/\/guide.fire-emblem-heroes.com\/wp-json\/wp\/v2\/categories?post=49219"},{"taxonomy":"post_tag","embeddable":true,"href":"https:\/\/guide.fire-emblem-heroes.com\/wp-json\/wp\/v2\/tags?post=49219"}],"curies":[{"name":"wp","href":"https:\/\/api.w.org\/{rel}","templated":true}]}}