






{"id":49708,"date":"2024-02-27T10:18:45","date_gmt":"2024-02-27T01:18:45","guid":{"rendered":"https:\/\/guide.fire-emblem-heroes.com\/?p=49708"},"modified":"2024-02-28T12:44:06","modified_gmt":"2024-02-28T03:44:06","slug":"05002001000216-2","status":"publish","type":"post","link":"https:\/\/guide.fire-emblem-heroes.com\/de\/05002001000216-2\/","title":{"rendered":"<span class=\"character_nick\">Jugendlicher Eifer<\/span><span class=\"character_name\">Lilina<\/span>"},"content":{"rendered":"<main id=\"CHARA_1003\" class=\"main_page character\">\r\n            <article>\r\n                <section class=\"sec sec_character\">\r\n                    <ul class=\"sec_ul sec_ul--character slick-box\">\r\n                        <li class=\"sec_li sec_li--character\">\r\n                            <img decoding=\"async\" src=\"https:\/\/guide.fire-emblem-heroes.com\/wp-content\/uploads\/lilina_blush_of_youth_slide01.png\" alt=\"\" \/>\r\n                        <\/li>\r\n                        <li class=\"sec_li sec_li--character\">\r\n                            <img decoding=\"async\" src=\"https:\/\/guide.fire-emblem-heroes.com\/wp-content\/uploads\/lilina_blush_of_youth_slide02.png\" alt=\"\" \/>\r\n                        <\/li>\r\n                        <li class=\"sec_li sec_li--character\">\r\n                            <img decoding=\"async\" src=\"https:\/\/guide.fire-emblem-heroes.com\/wp-content\/uploads\/lilina_blush_of_youth_slide03.png\" alt=\"\" \/>\r\n                        <\/li>\r\n                        <li class=\"sec_li sec_li--character\">\r\n                            <img decoding=\"async\" src=\"https:\/\/guide.fire-emblem-heroes.com\/wp-content\/uploads\/lilina_blush_of_youth_slide04.png\" alt=\"\" \/>\r\n                        <\/li>\r\n                    <\/ul>\r\n                    <div class=\"sec_charainfoarea flex\">\r\n                        <div class=\"sec_gif\"><img loading=\"lazy\" decoding=\"async\" src=\"https:\/\/guide.fire-emblem-heroes.com\/wp-content\/uploads\/lilina_blush_of_youth.png\" alt=\"\" width=\"210\" height=\"190\"\/><\/div>\r\n                        <div class=\"sec_charainfo\">\r\n                            <p id=\"CHARA_1003_002\" class=\"sec_characate sec_characate--special_heroes\">Spezialhelden<\/p>\r\n                            <p id=\"CHARA_1003_003\" class=\"sec_charanick\">Jugendlicher Eifer<\/p>\r\n                            <p id=\"CHARA_1003_004\" class=\"sec_charaname\">Lilina<\/p>\r\n                            <p id=\"CHARA_1003_005\" class=\"sec_charaappearancetxt\">Erscheint in<\/p>\r\n                            <p id=\"CHARA_1003_006\" class=\"sec_charaappearancetxt\">Fire Emblem: The Binding Blade<\/p>\r\n                        <\/div>\r\n                    <\/div>\r\n                <\/section>\r\n            <\/article>\r\n            <article>\r\n                <section class=\"sec sec_characterarea\">\r\n                    <div class=\"sec_h2chara\">\r\n                        <p id=\"CHARA_1003_007\" class=\"sec_h2charattl\">Sharena stellt vor!<\/p>\r\n                        <h2 id=\"CHARA_1003_008\" class=\"sec_h2charatxt\">Jugendlicher Eifer Lilina<\/h2>\r\n                    <\/div>\r\n                    <dl class=\"sec_dl flex\">\r\n                        <dt id=\"CHARA_1003_009\" class=\"sec_dt\">Lilina ist die Tochter von Hector, dem Marquis von Ositia, und sie ist vom Kontinent Elibe angereist, um mit uns den Tag der Liebe zu feiern! Sieht ihr Kleid nicht elegant aus?<\/dt>\r\n                        <dd class=\"sec_dd\">\r\n                            <a href=\"https:\/\/guide.fire-emblem-heroes.com\/wp-content\/uploads\/lilina_blush_of_youth_pop01.png\" class=\"popup-image\">\r\n                                <img decoding=\"async\" src=\"https:\/\/guide.fire-emblem-heroes.com\/wp-content\/uploads\/lilina_blush_of_youth_info01.png\" alt=\"\" \/>\r\n                            <\/a>\r\n                        <\/dd>\r\n                        <dt id=\"CHARA_1003_010\" class=\"sec_dt\">Eigentlich tr\u00e4gt Lilina eher kurze R\u00f6cke, aber ich finde, dieser Look steht ihr mindestens genauso gut. Die r\u00f6tliche Farbe passt toll zu den goldfarbenen Elementen!<\/dt>\r\n                        <dd class=\"sec_dd\">\r\n                            <a href=\"https:\/\/guide.fire-emblem-heroes.com\/wp-content\/uploads\/lilina_blush_of_youth_pop02.png\" class=\"popup-image\">\r\n                                <img decoding=\"async\" src=\"https:\/\/guide.fire-emblem-heroes.com\/wp-content\/uploads\/lilina_blush_of_youth_info02.png\" alt=\"\" \/>\r\n                            <\/a>\r\n                        <\/dd>\r\n                        <dt id=\"CHARA_1003_011\" class=\"sec_dt\">Das, was sie da bei sich tr\u00e4gt, muss ein Geschenk f\u00fcr jemanden sein &#8211; obwohl es bestimmt auch als Waffe dienen kann, falls auf dem Fest irgendwo ein Kampf ausbricht!<\/dt>\r\n                        <dd class=\"sec_dd\">\r\n                            <a href=\"https:\/\/guide.fire-emblem-heroes.com\/wp-content\/uploads\/lilina_blush_of_youth_pop03.png\" class=\"popup-image\">\r\n                                <img decoding=\"async\" src=\"https:\/\/guide.fire-emblem-heroes.com\/wp-content\/uploads\/lilina_blush_of_youth_info03.png\" alt=\"\" \/>\r\n                            <\/a>\r\n                        <\/dd>\r\n                        <dt id=\"CHARA_1003_012\" class=\"sec_dt\">Ich frage mich allerdings, wem sie das Geschenk wohl \u00fcberreichen will? Wer auch immer es ist, wird sich bestimmt riesig freuen!<\/dt>\r\n                        <dd class=\"sec_dd\">\r\n                            <a href=\"https:\/\/guide.fire-emblem-heroes.com\/wp-content\/uploads\/lilina_blush_of_youth_pop04.png\" class=\"popup-image\">\r\n                                <img decoding=\"async\" src=\"https:\/\/guide.fire-emblem-heroes.com\/wp-content\/uploads\/lilina_blush_of_youth_info04.png\" alt=\"\" \/>\r\n                            <\/a>\r\n                        <\/dd>\r\n                    <\/dl>\r\n                    <h3 id=\"CHARA_1003_013\" class=\"sec_h3charatxt\">Beziehungen<\/h3>\r\n                    <h4 id=\"CHARA_1003_014\" class=\"sec_h4charatxt\">Roy<\/h4>\r\n                    <p id=\"CHARA_1003_015\" class=\"sec_charatxt\">Der Sohn Eliwoods, des Marquis von Pherae, und talentierter Anf\u00fchrer der dortigen Armee. Er ist seit Kindheitstagen mit Lilina befreundet.<\/p>\r\n                    <h4 id=\"CHARA_1003_016\" class=\"sec_h4charatxt\">Hector<\/h4>\r\n                    <p id=\"CHARA_1003_017\" class=\"sec_charatxt\">Eliwoods Freund und der Marquis von Ositia. Er handelt lieber, als sich in Formalit\u00e4ten zu verlieren. Lilinas Vater.<\/p>\r\n                    <h4 id=\"CHARA_1003_018\" class=\"sec_h4charatxt\">Cecilia<\/h4>\r\n                    <p id=\"CHARA_1003_019\" class=\"sec_charatxt\">Magiergeneralin aus Etruria. Sie war einst die Lehrerin von Roy und Lilina, als diese noch jung waren.<\/p>\r\n                <\/section>\r\n            <\/article>\r\n        <\/main>","protected":false},"excerpt":{"rendered":"Spezialhelden Jugendlicher Eifer Lilina Erscheint in Fire Emblem: The Binding Blade Sharena stellt vor! Jugendlicher Eifer Lilina Lilina ist die Tochter von Hector, dem Marquis von Ositia, und sie ist vom Kontinent Elibe angereist, um mit uns den Tag der Liebe zu feiern! Sieht ihr Kleid nicht elegant aus? Eigentlich tr\u00e4gt Lilina eher kurze R\u00f6cke, [&hellip;]","protected":false},"author":1,"featured_media":49877,"comment_status":"closed","ping_status":"closed","sticky":false,"template":"","format":"standard","meta":{"advanced_seo_description":"","jetpack_seo_html_title":"","jetpack_seo_noindex":false,"_jetpack_newsletter_access":"","_jetpack_dont_email_post_to_subs":false,"_jetpack_newsletter_tier_id":0,"_jetpack_memberships_contains_paywalled_content":false,"_locale":"de_DE","_original_post":"https:\/\/guide.fire-emblem-heroes.com\/?p=49704","_jetpack_memberships_contains_paid_content":false,"footnotes":"","jetpack_publicize_message":"","jetpack_publicize_feature_enabled":true,"jetpack_social_post_already_shared":false,"jetpack_social_options":{"image_generator_settings":{"template":"highway","default_image_id":0,"font":"","enabled":false},"version":2},"_wpas_customize_per_network":false,"jetpack_post_was_ever_published":false},"categories":[1384,1405,1426,1390],"tags":[1407],"class_list":["post-49708","post","type-post","status-publish","format-standard","has-post-thumbnail","hentry","category-character","category-special_heroes","category-ex_works_the_binding_blade","category-stay_heroes","tag-spezialhelden","de-DE"],"jetpack_publicize_connections":[],"jetpack_featured_media_url":"https:\/\/guide.fire-emblem-heroes.com\/wp-content\/uploads\/lilina_blush_of_youth.png","jetpack_sharing_enabled":false,"jetpack_shortlink":"https:\/\/wp.me\/pa0Mj3-cVK","jetpack_likes_enabled":false,"amp_enabled":false,"_links":{"self":[{"href":"https:\/\/guide.fire-emblem-heroes.com\/wp-json\/wp\/v2\/posts\/49708","targetHints":{"allow":["GET"]}}],"collection":[{"href":"https:\/\/guide.fire-emblem-heroes.com\/wp-json\/wp\/v2\/posts"}],"about":[{"href":"https:\/\/guide.fire-emblem-heroes.com\/wp-json\/wp\/v2\/types\/post"}],"author":[{"embeddable":true,"href":"https:\/\/guide.fire-emblem-heroes.com\/wp-json\/wp\/v2\/users\/1"}],"replies":[{"embeddable":true,"href":"https:\/\/guide.fire-emblem-heroes.com\/wp-json\/wp\/v2\/comments?post=49708"}],"version-history":[{"count":1,"href":"https:\/\/guide.fire-emblem-heroes.com\/wp-json\/wp\/v2\/posts\/49708\/revisions"}],"predecessor-version":[{"id":49718,"href":"https:\/\/guide.fire-emblem-heroes.com\/wp-json\/wp\/v2\/posts\/49708\/revisions\/49718"}],"wp:featuredmedia":[{"embeddable":true,"href":"https:\/\/guide.fire-emblem-heroes.com\/wp-json\/wp\/v2\/media\/49877"}],"wp:attachment":[{"href":"https:\/\/guide.fire-emblem-heroes.com\/wp-json\/wp\/v2\/media?parent=49708"}],"wp:term":[{"taxonomy":"category","embeddable":true,"href":"https:\/\/guide.fire-emblem-heroes.com\/wp-json\/wp\/v2\/categories?post=49708"},{"taxonomy":"post_tag","embeddable":true,"href":"https:\/\/guide.fire-emblem-heroes.com\/wp-json\/wp\/v2\/tags?post=49708"}],"curies":[{"name":"wp","href":"https:\/\/api.w.org\/{rel}","templated":true}]}}