






{"id":50558,"date":"2024-04-03T12:20:22","date_gmt":"2024-04-03T03:20:22","guid":{"rendered":"https:\/\/guide.fire-emblem-heroes.com\/?p=50558"},"modified":"2024-05-07T16:03:31","modified_gmt":"2024-05-07T07:03:31","slug":"10001002001081-2","status":"publish","type":"post","link":"https:\/\/guide.fire-emblem-heroes.com\/de\/10001002001081-2\/","title":{"rendered":"<span class=\"character_nick\">Erkorenes Gef\u00e4\u00df<\/span><span class=\"character_name\">Daraen<\/span>"},"content":{"rendered":"<main id=\"CHARA_1024\" class=\"main_page character\">\r\n            <article>\r\n                <section class=\"sec sec_character\">\r\n                    <ul class=\"sec_ul sec_ul--character slick-box\">\r\n                        <li class=\"sec_li sec_li--character\">\r\n                            <img decoding=\"async\" src=\"https:\/\/guide.fire-emblem-heroes.com\/wp-content\/uploads\/reflet_fated_vessel_slide01.png\" alt=\"\" \/>\r\n                        <\/li>\r\n                        <li class=\"sec_li sec_li--character\">\r\n                            <img decoding=\"async\" src=\"https:\/\/guide.fire-emblem-heroes.com\/wp-content\/uploads\/reflet_fated_vessel_slide02.png\" alt=\"\" \/>\r\n                        <\/li>\r\n                        <li class=\"sec_li sec_li--character\">\r\n                            <img decoding=\"async\" src=\"https:\/\/guide.fire-emblem-heroes.com\/wp-content\/uploads\/reflet_fated_vessel_slide03.png\" alt=\"\" \/>\r\n                        <\/li>\r\n                        <li class=\"sec_li sec_li--character\">\r\n                            <img decoding=\"async\" src=\"https:\/\/guide.fire-emblem-heroes.com\/wp-content\/uploads\/reflet_fated_vessel_slide04.png\" alt=\"\" \/>\r\n                        <\/li>\r\n                    <\/ul>\r\n                    <div class=\"sec_charainfoarea flex\">\r\n                        <div class=\"sec_gif\"><img loading=\"lazy\" decoding=\"async\" src=\"https:\/\/guide.fire-emblem-heroes.com\/wp-content\/uploads\/reflet_fated_vessel.png\" alt=\"\" width=\"210\" height=\"190\"\/><\/div>\r\n                        <div class=\"sec_charainfo\">\r\n                            <p id=\"CHARA_1024_002\" class=\"sec_characate sec_characate--special_heroes\">Spezialhelden<\/p>\r\n                            <p id=\"CHARA_1024_003\" class=\"sec_charanick\">Erkorenes Gef\u00e4\u00df<\/p>\r\n                            <p id=\"CHARA_1024_004\" class=\"sec_charaname\">Daraen<\/p>\r\n                            <p id=\"CHARA_1024_005\" class=\"sec_charaappearancetxt\">Erscheint in<\/p>\r\n                            <p id=\"CHARA_1024_006\" class=\"sec_charaappearancetxt\">Fire Emblem: Awakening<\/p>\r\n                        <\/div>\r\n                    <\/div>\r\n                <\/section>\r\n            <\/article>\r\n            <article>\r\n                <section class=\"sec sec_characterarea\">\r\n                    <div class=\"sec_h2chara\">\r\n                        <p id=\"CHARA_1024_007\" class=\"sec_h2charattl\">Sharena stellt vor!<\/p>\r\n                        <h2 id=\"CHARA_1024_008\" class=\"sec_h2charatxt\">Erkorenes Gef\u00e4\u00df Daraen<\/h2>\r\n                    <\/div>\r\n                    <dl class=\"sec_dl flex\">\r\n                        <dt id=\"CHARA_1024_009\" class=\"sec_dt\">Rate mal, wer dieser knuddelige kleine Junge ist, der gerade in Askr angekommen ist? Das ist niemand anderes als Daraen, der brillante Taktiker von Ylisse! Ist er nicht total niedlich?<\/dt>\r\n                        <dd class=\"sec_dd\">\r\n                            <a href=\"https:\/\/guide.fire-emblem-heroes.com\/wp-content\/uploads\/reflet_fated_vessel_pop01.png\" class=\"popup-image\">\r\n                                <img decoding=\"async\" src=\"https:\/\/guide.fire-emblem-heroes.com\/wp-content\/uploads\/reflet_fated_vessel_info01.png\" alt=\"\" \/>\r\n                            <\/a>\r\n                        <\/dd>\r\n                        <dt id=\"CHARA_1024_010\" class=\"sec_dt\">Daraens Gewand ist ja meistens das Erste, was einem einf\u00e4llt, wenn man an sein Aussehen denkt, und hier tr\u00e4gt er eine k\u00fcrzere Version davon mit dreiviertellangen \u00c4rmeln!<\/dt>\r\n                        <dd class=\"sec_dd\">\r\n                            <a href=\"https:\/\/guide.fire-emblem-heroes.com\/wp-content\/uploads\/reflet_fated_vessel_pop02.png\" class=\"popup-image\">\r\n                                <img decoding=\"async\" src=\"https:\/\/guide.fire-emblem-heroes.com\/wp-content\/uploads\/reflet_fated_vessel_info02.png\" alt=\"\" \/>\r\n                            <\/a>\r\n                        <\/dd>\r\n                        <dt id=\"CHARA_1024_011\" class=\"sec_dt\">Das Buch, das er da bei sich tr\u00e4gt, scheint etwas ganz Besonderes zu sein \u2013 es wird von der Macht eines Kriegsgottes durchstr\u00f6mt! Der leuchtende Edelstein auf dem Buchdeckel ist f\u00fcr mich ein ziemlich deutliches Anzeichen daf\u00fcr, dass dieses Buch ganz sch\u00f6n Schaden anrichten kann.<\/dt>\r\n                        <dd class=\"sec_dd\">\r\n                            <a href=\"https:\/\/guide.fire-emblem-heroes.com\/wp-content\/uploads\/reflet_fated_vessel_pop03.png\" class=\"popup-image\">\r\n                                <img decoding=\"async\" src=\"https:\/\/guide.fire-emblem-heroes.com\/wp-content\/uploads\/reflet_fated_vessel_info03.png\" alt=\"\" \/>\r\n                            <\/a>\r\n                        <\/dd>\r\n                        <dt id=\"CHARA_1024_012\" class=\"sec_dt\">Daraen scheint bereits in jungen Jahren ein flei\u00dfiger Lerner gewesen zu sein! Aber dass er uns in Askr besucht, ist ja auch eine tolle Gelegenheit f\u00fcr ihn, gleichaltrige Freunde zu finden \u2013 ich dr\u00fccke ihm die Daumen, dass das klappt!<\/dt>\r\n                        <dd class=\"sec_dd\">\r\n                            <a href=\"https:\/\/guide.fire-emblem-heroes.com\/wp-content\/uploads\/reflet_fated_vessel_pop04.png\" class=\"popup-image\">\r\n                                <img decoding=\"async\" src=\"https:\/\/guide.fire-emblem-heroes.com\/wp-content\/uploads\/reflet_fated_vessel_info04.png\" alt=\"\" \/>\r\n                            <\/a>\r\n                        <\/dd>\r\n                    <\/dl>\r\n                    <h3 id=\"CHARA_1024_013\" class=\"sec_h3charatxt\">Beziehungen<\/h3>\r\n                    <h4 id=\"CHARA_1024_014\" class=\"sec_h4charatxt\">Chrom<\/h4>\r\n                    <p id=\"CHARA_1024_015\" class=\"sec_charatxt\">Ein Prinz von Ylisse und Nachfahre des Heldenk\u00f6nigs. Er ist der Anf\u00fchrer der Hirten. Daraen und ihn verbindet ein unzertrennliches Band.<\/p>\r\n                <\/section>\r\n            <\/article>\r\n        <\/main>","protected":false},"excerpt":{"rendered":"Spezialhelden Erkorenes Gef\u00e4\u00df Daraen Erscheint in Fire Emblem: Awakening Sharena stellt vor! Erkorenes Gef\u00e4\u00df Daraen Rate mal, wer dieser knuddelige kleine Junge ist, der gerade in Askr angekommen ist? Das ist niemand anderes als Daraen, der brillante Taktiker von Ylisse! Ist er nicht total niedlich? Daraens Gewand ist ja meistens das Erste, was einem einf\u00e4llt, [&hellip;]","protected":false},"author":1,"featured_media":50720,"comment_status":"closed","ping_status":"closed","sticky":false,"template":"","format":"standard","meta":{"advanced_seo_description":"","jetpack_seo_html_title":"","jetpack_seo_noindex":false,"_jetpack_newsletter_access":"","_jetpack_dont_email_post_to_subs":false,"_jetpack_newsletter_tier_id":0,"_jetpack_memberships_contains_paywalled_content":false,"_locale":"de_DE","_original_post":"https:\/\/guide.fire-emblem-heroes.com\/?p=50555","_jetpack_memberships_contains_paid_content":false,"footnotes":"","jetpack_publicize_message":"","jetpack_publicize_feature_enabled":true,"jetpack_social_post_already_shared":false,"jetpack_social_options":{"image_generator_settings":{"template":"highway","default_image_id":0,"font":"","enabled":false},"version":2},"_wpas_customize_per_network":false,"jetpack_post_was_ever_published":false},"categories":[1384,1431,1405,1390],"tags":[1407],"class_list":["post-50558","post","type-post","status-publish","format-standard","has-post-thumbnail","hentry","category-character","category-ex_works_awakening","category-special_heroes","category-stay_heroes","tag-spezialhelden","de-DE"],"jetpack_publicize_connections":[],"jetpack_featured_media_url":"https:\/\/guide.fire-emblem-heroes.com\/wp-content\/uploads\/reflet_fated_vessel.png","jetpack_sharing_enabled":false,"jetpack_shortlink":"https:\/\/wp.me\/pa0Mj3-d9s","jetpack_likes_enabled":false,"amp_enabled":false,"_links":{"self":[{"href":"https:\/\/guide.fire-emblem-heroes.com\/wp-json\/wp\/v2\/posts\/50558","targetHints":{"allow":["GET"]}}],"collection":[{"href":"https:\/\/guide.fire-emblem-heroes.com\/wp-json\/wp\/v2\/posts"}],"about":[{"href":"https:\/\/guide.fire-emblem-heroes.com\/wp-json\/wp\/v2\/types\/post"}],"author":[{"embeddable":true,"href":"https:\/\/guide.fire-emblem-heroes.com\/wp-json\/wp\/v2\/users\/1"}],"replies":[{"embeddable":true,"href":"https:\/\/guide.fire-emblem-heroes.com\/wp-json\/wp\/v2\/comments?post=50558"}],"version-history":[{"count":1,"href":"https:\/\/guide.fire-emblem-heroes.com\/wp-json\/wp\/v2\/posts\/50558\/revisions"}],"predecessor-version":[{"id":50576,"href":"https:\/\/guide.fire-emblem-heroes.com\/wp-json\/wp\/v2\/posts\/50558\/revisions\/50576"}],"wp:featuredmedia":[{"embeddable":true,"href":"https:\/\/guide.fire-emblem-heroes.com\/wp-json\/wp\/v2\/media\/50720"}],"wp:attachment":[{"href":"https:\/\/guide.fire-emblem-heroes.com\/wp-json\/wp\/v2\/media?parent=50558"}],"wp:term":[{"taxonomy":"category","embeddable":true,"href":"https:\/\/guide.fire-emblem-heroes.com\/wp-json\/wp\/v2\/categories?post=50558"},{"taxonomy":"post_tag","embeddable":true,"href":"https:\/\/guide.fire-emblem-heroes.com\/wp-json\/wp\/v2\/tags?post=50558"}],"curies":[{"name":"wp","href":"https:\/\/api.w.org\/{rel}","templated":true}]}}