






{"id":51927,"date":"2024-06-05T12:46:27","date_gmt":"2024-06-05T03:46:27","guid":{"rendered":"https:\/\/guide.fire-emblem-heroes.com\/?p=51927"},"modified":"2024-06-18T16:02:30","modified_gmt":"2024-06-18T07:02:30","slug":"09009050001106-2","status":"publish","type":"post","link":"https:\/\/guide.fire-emblem-heroes.com\/de\/09009050001106-2\/","title":{"rendered":"<span class=\"character_nick\">Nevassas General<\/span><span class=\"character_name\">Jarod<\/span>"},"content":{"rendered":"<main id=\"CHARA_1057\" class=\"main_page character\">\r\n            <article>\r\n                <section class=\"sec sec_character\">\r\n                    <ul class=\"sec_ul sec_ul--character slick-box\">\r\n                        <li class=\"sec_li sec_li--character\">\r\n                            <img decoding=\"async\" src=\"https:\/\/guide.fire-emblem-heroes.com\/wp-content\/uploads\/jerudo_nevassa_general_slide01.png\" alt=\"\" \/>\r\n                        <\/li>\r\n                        <li class=\"sec_li sec_li--character\">\r\n                            <img decoding=\"async\" src=\"https:\/\/guide.fire-emblem-heroes.com\/wp-content\/uploads\/jerudo_nevassa_general_slide02.png\" alt=\"\" \/>\r\n                        <\/li>\r\n                        <li class=\"sec_li sec_li--character\">\r\n                            <img decoding=\"async\" src=\"https:\/\/guide.fire-emblem-heroes.com\/wp-content\/uploads\/jerudo_nevassa_general_slide03.png\" alt=\"\" \/>\r\n                        <\/li>\r\n                        <li class=\"sec_li sec_li--character\">\r\n                            <img decoding=\"async\" src=\"https:\/\/guide.fire-emblem-heroes.com\/wp-content\/uploads\/jerudo_nevassa_general_slide04.png\" alt=\"\" \/>\r\n                        <\/li>\r\n                    <\/ul>\r\n                    <div class=\"sec_charainfoarea flex\">\r\n                        <div class=\"sec_gif\"><img loading=\"lazy\" decoding=\"async\" src=\"https:\/\/guide.fire-emblem-heroes.com\/wp-content\/uploads\/jerudo_nevassa_general.png\" alt=\"\" width=\"210\" height=\"190\"\/><\/div>\r\n                        <div class=\"sec_charainfo\">\r\n                            <p id=\"CHARA_1057_002\" class=\"sec_characate sec_characate--heroes\">Helden<\/p>\r\n                            <p id=\"CHARA_1057_003\" class=\"sec_charanick\">Nevassas General<\/p>\r\n                            <p id=\"CHARA_1057_004\" class=\"sec_charaname\">Jarod<\/p>\r\n                            <p id=\"CHARA_1057_005\" class=\"sec_charaappearancetxt\">Erscheint in<\/p>\r\n                            <p id=\"CHARA_1057_006\" class=\"sec_charaappearancetxt\">Fire Emblem: Radiant Dawn<\/p>\r\n                        <\/div>\r\n                    <\/div>\r\n                <\/section>\r\n            <\/article>\r\n            <article>\r\n                <section class=\"sec sec_characterarea\">\r\n                    <div class=\"sec_h2chara\">\r\n                        <p id=\"CHARA_1057_007\" class=\"sec_h2charattl\">Sharena stellt vor!<\/p>\r\n                        <h2 id=\"CHARA_1057_008\" class=\"sec_h2charatxt\">Nevassas General Jarod<\/h2>\r\n                    <\/div>\r\n                    <dl class=\"sec_dl flex\">\r\n                        <dt id=\"CHARA_1057_009\" class=\"sec_dt\">Jarod ist der General an der Spitze der Armee von Begnion, die Daein auf dem Kontinent Tellius besetzt. Er ist kalt und r\u00fccksichtslos, aber auch ein f\u00e4higer Soldat, den man nicht untersch\u00e4tzen sollte.<\/dt>\r\n                        <dd class=\"sec_dd\">\r\n                            <a href=\"https:\/\/guide.fire-emblem-heroes.com\/wp-content\/uploads\/jerudo_nevassa_general_pop01.png\" class=\"popup-image\">\r\n                                <img decoding=\"async\" src=\"https:\/\/guide.fire-emblem-heroes.com\/wp-content\/uploads\/jerudo_nevassa_general_info01.png\" alt=\"\" \/>\r\n                            <\/a>\r\n                        <\/dd>\r\n                        <dt id=\"CHARA_1057_010\" class=\"sec_dt\">Jarod k\u00e4mpfte lange gegen den Bund der Morgenr\u00f6te, eine Gruppe von Rebellen, die Daein aus der Besatzung befreien wollten. Unz\u00e4hlige Male trieb er Micaiah und ihre Verb\u00fcndeten in die Enge.<\/dt>\r\n                        <dd class=\"sec_dd\">\r\n                            <a href=\"https:\/\/guide.fire-emblem-heroes.com\/wp-content\/uploads\/jerudo_nevassa_general_pop02.png\" class=\"popup-image\">\r\n                                <img decoding=\"async\" src=\"https:\/\/guide.fire-emblem-heroes.com\/wp-content\/uploads\/jerudo_nevassa_general_info02.png\" alt=\"\" \/>\r\n                            <\/a>\r\n                        <\/dd>\r\n                        <dt id=\"CHARA_1057_011\" class=\"sec_dt\">Schlie\u00dflich schloss sich der Bund der Morgenr\u00f6te mit der Armee der Freiheit von Daein zusammen. Pelleas, der Anf\u00fchrer der Armee der Freiheit und vormals der Erbe des Throns von Daein, f\u00fchrte diese erstarkte Gruppe an. Jarods Kampf gegen die Befreiungsarmee wurde umso intensiver&#8230;<\/dt>\r\n                        <dd class=\"sec_dd\">\r\n                            <a href=\"https:\/\/guide.fire-emblem-heroes.com\/wp-content\/uploads\/jerudo_nevassa_general_pop03.png\" class=\"popup-image\">\r\n                                <img decoding=\"async\" src=\"https:\/\/guide.fire-emblem-heroes.com\/wp-content\/uploads\/jerudo_nevassa_general_info03.png\" alt=\"\" \/>\r\n                            <\/a>\r\n                        <\/dd>\r\n                        <dt id=\"CHARA_1057_012\" class=\"sec_dt\">Mit seiner kalten, r\u00fccksichtslosen Vorgehensweise wurde Jarod von Freund und Feind gleicherma\u00dfen gef\u00fcrchtet. Ich bin zwar froh, dass ein so f\u00e4higer Soldat die W\u00e4chter von Askr unterst\u00fctzen wird, aber ein bisschen Angst, dass er mir den Kopf abrei\u00dft, habe ich schon!<\/dt>\r\n                        <dd class=\"sec_dd\">\r\n                            <a href=\"https:\/\/guide.fire-emblem-heroes.com\/wp-content\/uploads\/jerudo_nevassa_general_pop04.png\" class=\"popup-image\">\r\n                                <img decoding=\"async\" src=\"https:\/\/guide.fire-emblem-heroes.com\/wp-content\/uploads\/jerudo_nevassa_general_info04.png\" alt=\"\" \/>\r\n                            <\/a>\r\n                        <\/dd>\r\n                    <\/dl>\r\n                    <h3 id=\"CHARA_1057_013\" class=\"sec_h3charatxt\">Beziehungen<\/h3>\r\n                    <h4 id=\"CHARA_1057_014\" class=\"sec_h4charatxt\">Micaiah<\/h4>\r\n                    <p id=\"CHARA_1057_015\" class=\"sec_charatxt\">Mitglied des Bunds der Morgenr\u00f6te. Hat Silberhaare und mysteri\u00f6se Kr\u00e4fte. Ist wie eine Schwester f\u00fcr Sothe. Jarods Gegnerin.<\/p>\r\n                <\/section>\r\n            <\/article>\r\n        <\/main>","protected":false},"excerpt":{"rendered":"Helden Nevassas General Jarod Erscheint in Fire Emblem: Radiant Dawn Sharena stellt vor! Nevassas General Jarod Jarod ist der General an der Spitze der Armee von Begnion, die Daein auf dem Kontinent Tellius besetzt. Er ist kalt und r\u00fccksichtslos, aber auch ein f\u00e4higer Soldat, den man nicht untersch\u00e4tzen sollte. Jarod k\u00e4mpfte lange gegen den Bund [&hellip;]","protected":false},"author":1,"featured_media":52001,"comment_status":"closed","ping_status":"closed","sticky":false,"template":"","format":"standard","meta":{"advanced_seo_description":"","jetpack_seo_html_title":"","jetpack_seo_noindex":false,"_jetpack_newsletter_access":"","_jetpack_dont_email_post_to_subs":false,"_jetpack_newsletter_tier_id":0,"_jetpack_memberships_contains_paywalled_content":false,"_locale":"de_DE","_original_post":"https:\/\/guide.fire-emblem-heroes.com\/?p=51924","_jetpack_memberships_contains_paid_content":false,"footnotes":"","jetpack_publicize_message":"","jetpack_publicize_feature_enabled":true,"jetpack_social_post_already_shared":false,"jetpack_social_options":{"image_generator_settings":{"template":"highway","default_image_id":0,"font":"","enabled":false},"version":2},"_wpas_customize_per_network":false,"jetpack_post_was_ever_published":false},"categories":[1384,1415,1390,1430],"tags":[1417],"class_list":["post-51927","post","type-post","status-publish","format-standard","has-post-thumbnail","hentry","category-character","category-heroes","category-stay_heroes","category-ex_works_radiant_dawn","tag-helden","de-DE"],"jetpack_publicize_connections":[],"jetpack_featured_media_url":"https:\/\/guide.fire-emblem-heroes.com\/wp-content\/uploads\/jerudo_nevassa_general.png","jetpack_sharing_enabled":false,"jetpack_shortlink":"https:\/\/wp.me\/pa0Mj3-dvx","jetpack_likes_enabled":false,"amp_enabled":false,"_links":{"self":[{"href":"https:\/\/guide.fire-emblem-heroes.com\/wp-json\/wp\/v2\/posts\/51927","targetHints":{"allow":["GET"]}}],"collection":[{"href":"https:\/\/guide.fire-emblem-heroes.com\/wp-json\/wp\/v2\/posts"}],"about":[{"href":"https:\/\/guide.fire-emblem-heroes.com\/wp-json\/wp\/v2\/types\/post"}],"author":[{"embeddable":true,"href":"https:\/\/guide.fire-emblem-heroes.com\/wp-json\/wp\/v2\/users\/1"}],"replies":[{"embeddable":true,"href":"https:\/\/guide.fire-emblem-heroes.com\/wp-json\/wp\/v2\/comments?post=51927"}],"version-history":[{"count":1,"href":"https:\/\/guide.fire-emblem-heroes.com\/wp-json\/wp\/v2\/posts\/51927\/revisions"}],"predecessor-version":[{"id":51942,"href":"https:\/\/guide.fire-emblem-heroes.com\/wp-json\/wp\/v2\/posts\/51927\/revisions\/51942"}],"wp:featuredmedia":[{"embeddable":true,"href":"https:\/\/guide.fire-emblem-heroes.com\/wp-json\/wp\/v2\/media\/52001"}],"wp:attachment":[{"href":"https:\/\/guide.fire-emblem-heroes.com\/wp-json\/wp\/v2\/media?parent=51927"}],"wp:term":[{"taxonomy":"category","embeddable":true,"href":"https:\/\/guide.fire-emblem-heroes.com\/wp-json\/wp\/v2\/categories?post=51927"},{"taxonomy":"post_tag","embeddable":true,"href":"https:\/\/guide.fire-emblem-heroes.com\/wp-json\/wp\/v2\/tags?post=51927"}],"curies":[{"name":"wp","href":"https:\/\/api.w.org\/{rel}","templated":true}]}}