






{"id":52587,"date":"2024-07-03T12:30:11","date_gmt":"2024-07-03T03:30:11","guid":{"rendered":"https:\/\/guide.fire-emblem-heroes.com\/?p=52587"},"modified":"2024-08-05T17:47:01","modified_gmt":"2024-08-05T08:47:01","slug":"14001005001115-2","status":"publish","type":"post","link":"https:\/\/guide.fire-emblem-heroes.com\/de\/14001005001115-2\/","title":{"rendered":"<span class=\"character_nick\">Sommerenthusiast<\/span><span class=\"character_name\">Clanne<\/span>"},"content":{"rendered":"<main id=\"CHARA_1070\" class=\"main_page character\">\r\n            <article>\r\n                <section class=\"sec sec_character\">\r\n                    <ul class=\"sec_ul sec_ul--character slick-box\">\r\n                        <li class=\"sec_li sec_li--character\">\r\n                            <img decoding=\"async\" src=\"https:\/\/guide.fire-emblem-heroes.com\/wp-content\/uploads\/clan_summer_fan_slide01.png\" alt=\"\" \/>\r\n                        <\/li>\r\n                        <li class=\"sec_li sec_li--character\">\r\n                            <img decoding=\"async\" src=\"https:\/\/guide.fire-emblem-heroes.com\/wp-content\/uploads\/clan_summer_fan_slide02.png\" alt=\"\" \/>\r\n                        <\/li>\r\n                        <li class=\"sec_li sec_li--character\">\r\n                            <img decoding=\"async\" src=\"https:\/\/guide.fire-emblem-heroes.com\/wp-content\/uploads\/clan_summer_fan_slide03.png\" alt=\"\" \/>\r\n                        <\/li>\r\n                        <li class=\"sec_li sec_li--character\">\r\n                            <img decoding=\"async\" src=\"https:\/\/guide.fire-emblem-heroes.com\/wp-content\/uploads\/clan_summer_fan_slide04.png\" alt=\"\" \/>\r\n                        <\/li>\r\n                    <\/ul>\r\n                    <div class=\"sec_charainfoarea flex\">\r\n                        <div class=\"sec_gif\"><img loading=\"lazy\" decoding=\"async\" src=\"https:\/\/guide.fire-emblem-heroes.com\/wp-content\/uploads\/clan_summer_fan.png\" alt=\"\" width=\"210\" height=\"190\"\/><\/div>\r\n                        <div class=\"sec_charainfo\">\r\n                            <p id=\"CHARA_1070_002\" class=\"sec_characate sec_characate--special_heroes\">Spezialhelden<\/p>\r\n                            <p id=\"CHARA_1070_003\" class=\"sec_charanick\">Sommerenthusiast<\/p>\r\n                            <p id=\"CHARA_1070_004\" class=\"sec_charaname\">Clanne<\/p>\r\n                            <p id=\"CHARA_1070_005\" class=\"sec_charaappearancetxt\">Erscheint in<\/p>\r\n                            <p id=\"CHARA_1070_006\" class=\"sec_charaappearancetxt\">Fire Emblem Engage<\/p>\r\n                        <\/div>\r\n                    <\/div>\r\n                <\/section>\r\n            <\/article>\r\n            <article>\r\n                <section class=\"sec sec_characterarea\">\r\n                    <div class=\"sec_h2chara\">\r\n                        <p id=\"CHARA_1070_007\" class=\"sec_h2charattl\">Sharena stellt vor!<\/p>\r\n                        <h2 id=\"CHARA_1070_008\" class=\"sec_h2charatxt\">Sommerenthusiast Clanne<\/h2>\r\n                    <\/div>\r\n                    <dl class=\"sec_dl flex\">\r\n                        <dt id=\"CHARA_1070_009\" class=\"sec_dt\">Clanne ist einer der 33. Drachenbeh\u00fcter, die im Heiligen Land Lythos den Wyrmgott besch\u00fctzen. Heute genie\u00dft er in seinem Strand-Outfit das glitzernde Meer!<\/dt>\r\n                        <dd class=\"sec_dd\">\r\n                            <a href=\"https:\/\/guide.fire-emblem-heroes.com\/wp-content\/uploads\/clan_summer_fan_pop01.png\" class=\"popup-image\">\r\n                                <img decoding=\"async\" src=\"https:\/\/guide.fire-emblem-heroes.com\/wp-content\/uploads\/clan_summer_fan_info01.png\" alt=\"\" \/>\r\n                            <\/a>\r\n                        <\/dd>\r\n                        <dt id=\"CHARA_1070_010\" class=\"sec_dt\">Gibt es etwas Niedlicheres als diesen gro\u00dfen Kragen? Oh, sieht aus, als h\u00e4tte er am Strand Sand und Muscheln gesammelt und in ein Glas gef\u00fcllt, das er an der H\u00fcfte tr\u00e4gt! Verwendet er das nicht normalerweise f\u00fcr seine eingelegten Gurken?<\/dt>\r\n                        <dd class=\"sec_dd\">\r\n                            <a href=\"https:\/\/guide.fire-emblem-heroes.com\/wp-content\/uploads\/clan_summer_fan_pop02.png\" class=\"popup-image\">\r\n                                <img decoding=\"async\" src=\"https:\/\/guide.fire-emblem-heroes.com\/wp-content\/uploads\/clan_summer_fan_info02.png\" alt=\"\" \/>\r\n                            <\/a>\r\n                        <\/dd>\r\n                        <dt id=\"CHARA_1070_011\" class=\"sec_dt\">Was hat er denn da dabei, ist das etwa eine Schaufel?! Die kann auch als Waffe dienen, wenn ein paar B\u00f6sewichte auftauchen und allen den Spa\u00df verderben wollen. Der Griff ist mit einem rot-blauen Band verziert, das an Alear erinnert!<\/dt>\r\n                        <dd class=\"sec_dd\">\r\n                            <a href=\"https:\/\/guide.fire-emblem-heroes.com\/wp-content\/uploads\/clan_summer_fan_pop03.png\" class=\"popup-image\">\r\n                                <img decoding=\"async\" src=\"https:\/\/guide.fire-emblem-heroes.com\/wp-content\/uploads\/clan_summer_fan_info03.png\" alt=\"\" \/>\r\n                            <\/a>\r\n                        <\/dd>\r\n                        <dt id=\"CHARA_1070_012\" class=\"sec_dt\">Clanne meint, Alear w\u00fcrde unsere Aufmerksamkeit mehr verdienen als er. Aber ich finde, sie beide verdienen sie gleicherma\u00dfen. Sie sind eben beide wahre Helden!<\/dt>\r\n                        <dd class=\"sec_dd\">\r\n                            <a href=\"https:\/\/guide.fire-emblem-heroes.com\/wp-content\/uploads\/clan_summer_fan_pop04.png\" class=\"popup-image\">\r\n                                <img decoding=\"async\" src=\"https:\/\/guide.fire-emblem-heroes.com\/wp-content\/uploads\/clan_summer_fan_info04.png\" alt=\"\" \/>\r\n                            <\/a>\r\n                        <\/dd>\r\n                    <\/dl>\r\n                    <h3 id=\"CHARA_1070_013\" class=\"sec_h3charatxt\">Beziehungen<\/h3>\r\n                    <h4 id=\"CHARA_1070_014\" class=\"sec_h4charatxt\">Alear<\/h4>\r\n                    <p id=\"CHARA_1070_015\" class=\"sec_charatxt\">Kind der Wyrmg\u00f6ttin, erwacht aus langem Schlaf. Beschw\u00f6rt Embleme, um der Welt den Frieden zu bringen. Clanne ist einer der Beh\u00fcter von Alear.<\/p>\r\n                    <h4 id=\"CHARA_1070_016\" class=\"sec_h4charatxt\">Framme<\/h4>\r\n                    <p id=\"CHARA_1070_017\" class=\"sec_charatxt\">Eine der 33. Drachenbeh\u00fcterinnen. Zwillingsschwester von Clanne.<\/p>\r\n                <\/section>\r\n            <\/article>\r\n        <\/main>","protected":false},"excerpt":{"rendered":"Spezialhelden Sommerenthusiast Clanne Erscheint in Fire Emblem Engage Sharena stellt vor! Sommerenthusiast Clanne Clanne ist einer der 33. Drachenbeh\u00fcter, die im Heiligen Land Lythos den Wyrmgott besch\u00fctzen. Heute genie\u00dft er in seinem Strand-Outfit das glitzernde Meer! Gibt es etwas Niedlicheres als diesen gro\u00dfen Kragen? Oh, sieht aus, als h\u00e4tte er am Strand Sand und Muscheln [&hellip;]","protected":false},"author":1,"featured_media":52666,"comment_status":"closed","ping_status":"closed","sticky":false,"template":"","format":"standard","meta":{"advanced_seo_description":"","jetpack_seo_html_title":"","jetpack_seo_noindex":false,"_jetpack_newsletter_access":"","_jetpack_dont_email_post_to_subs":false,"_jetpack_newsletter_tier_id":0,"_jetpack_memberships_contains_paywalled_content":false,"_locale":"de_DE","_original_post":"https:\/\/guide.fire-emblem-heroes.com\/?p=52584","_jetpack_memberships_contains_paid_content":false,"footnotes":"","jetpack_publicize_message":"","jetpack_publicize_feature_enabled":true,"jetpack_social_post_already_shared":false,"jetpack_social_options":{"image_generator_settings":{"template":"highway","default_image_id":0,"font":"","enabled":false},"version":2},"_wpas_customize_per_network":false,"jetpack_post_was_ever_published":false},"categories":[1512,1384,1405,1390],"tags":[1407],"class_list":["post-52587","post","type-post","status-publish","format-standard","has-post-thumbnail","hentry","category-ex_works_engage","category-character","category-special_heroes","category-stay_heroes","tag-spezialhelden","de-DE"],"jetpack_publicize_connections":[],"jetpack_featured_media_url":"https:\/\/guide.fire-emblem-heroes.com\/wp-content\/uploads\/clan_summer_fan.png","jetpack_sharing_enabled":false,"jetpack_shortlink":"https:\/\/wp.me\/pa0Mj3-dGb","jetpack_likes_enabled":false,"amp_enabled":false,"_links":{"self":[{"href":"https:\/\/guide.fire-emblem-heroes.com\/wp-json\/wp\/v2\/posts\/52587","targetHints":{"allow":["GET"]}}],"collection":[{"href":"https:\/\/guide.fire-emblem-heroes.com\/wp-json\/wp\/v2\/posts"}],"about":[{"href":"https:\/\/guide.fire-emblem-heroes.com\/wp-json\/wp\/v2\/types\/post"}],"author":[{"embeddable":true,"href":"https:\/\/guide.fire-emblem-heroes.com\/wp-json\/wp\/v2\/users\/1"}],"replies":[{"embeddable":true,"href":"https:\/\/guide.fire-emblem-heroes.com\/wp-json\/wp\/v2\/comments?post=52587"}],"version-history":[{"count":1,"href":"https:\/\/guide.fire-emblem-heroes.com\/wp-json\/wp\/v2\/posts\/52587\/revisions"}],"predecessor-version":[{"id":52596,"href":"https:\/\/guide.fire-emblem-heroes.com\/wp-json\/wp\/v2\/posts\/52587\/revisions\/52596"}],"wp:featuredmedia":[{"embeddable":true,"href":"https:\/\/guide.fire-emblem-heroes.com\/wp-json\/wp\/v2\/media\/52666"}],"wp:attachment":[{"href":"https:\/\/guide.fire-emblem-heroes.com\/wp-json\/wp\/v2\/media?parent=52587"}],"wp:term":[{"taxonomy":"category","embeddable":true,"href":"https:\/\/guide.fire-emblem-heroes.com\/wp-json\/wp\/v2\/categories?post=52587"},{"taxonomy":"post_tag","embeddable":true,"href":"https:\/\/guide.fire-emblem-heroes.com\/wp-json\/wp\/v2\/tags?post=52587"}],"curies":[{"name":"wp","href":"https:\/\/api.w.org\/{rel}","templated":true}]}}