






{"id":56417,"date":"2024-12-11T11:49:59","date_gmt":"2024-12-11T02:49:59","guid":{"rendered":"https:\/\/guide.fire-emblem-heroes.com\/?p=56417"},"modified":"2025-01-14T16:00:32","modified_gmt":"2025-01-14T07:00:32","slug":"14001001001180-2","status":"publish","type":"post","link":"https:\/\/guide.fire-emblem-heroes.com\/de\/14001001001180-2\/","title":{"rendered":"<span class=\"character_nick\">Begabte Drachen<\/span><span class=\"character_name\">Alear<\/span>"},"content":{"rendered":"<main id=\"CHARA_1156\" class=\"main_page character\">\r\n            <article>\r\n                <section class=\"sec sec_character\">\r\n                    <ul class=\"sec_ul sec_ul--character slick-box\">\r\n                        <li class=\"sec_li sec_li--character\">\r\n                            <img decoding=\"async\" src=\"https:\/\/guide.fire-emblem-heroes.com\/wp-content\/uploads\/lueue_blessed_dragons_slide01.png\" alt=\"\" \/>\r\n                        <\/li>\r\n                        <li class=\"sec_li sec_li--character\">\r\n                            <img decoding=\"async\" src=\"https:\/\/guide.fire-emblem-heroes.com\/wp-content\/uploads\/lueue_blessed_dragons_slide02.png\" alt=\"\" \/>\r\n                        <\/li>\r\n                        <li class=\"sec_li sec_li--character\">\r\n                            <img decoding=\"async\" src=\"https:\/\/guide.fire-emblem-heroes.com\/wp-content\/uploads\/lueue_blessed_dragons_slide03.png\" alt=\"\" \/>\r\n                        <\/li>\r\n                        <li class=\"sec_li sec_li--character\">\r\n                            <img decoding=\"async\" src=\"https:\/\/guide.fire-emblem-heroes.com\/wp-content\/uploads\/lueue_blessed_dragons_slide04.png\" alt=\"\" \/>\r\n                        <\/li>\r\n                    <\/ul>\r\n                    <div class=\"sec_charainfoarea flex\">\r\n                        <div class=\"sec_gif\"><img loading=\"lazy\" decoding=\"async\" src=\"https:\/\/guide.fire-emblem-heroes.com\/wp-content\/uploads\/lueue_blessed_dragons.png\" alt=\"\" width=\"210\" height=\"190\"\/><\/div>\r\n                        <div class=\"sec_charainfo\">\r\n                            <p id=\"CHARA_1156_002\" class=\"sec_characate sec_characate--duo_hero\">Heldenduos<\/p>\r\n                            <p id=\"CHARA_1156_003\" class=\"sec_charanick\">Begabte Drachen<\/p>\r\n                            <p id=\"CHARA_1156_004\" class=\"sec_charaname\">Alear<\/p>\r\n                            <p id=\"CHARA_1156_005\" class=\"sec_charaappearancetxt\">Erscheint in<\/p>\r\n                            <p id=\"CHARA_1156_006\" class=\"sec_charaappearancetxt\">Fire Emblem Engage<\/p>\r\n                        <\/div>\r\n                    <\/div>\r\n                <\/section>\r\n            <\/article>\r\n            <article>\r\n                <section class=\"sec sec_characterarea\">\r\n                    <div class=\"sec_h2chara\">\r\n                        <p id=\"CHARA_1156_007\" class=\"sec_h2charattl\">Sharena stellt vor!<\/p>\r\n                        <h2 id=\"CHARA_1156_008\" class=\"sec_h2charatxt\">Begabte Drachen Alear<\/h2>\r\n                    <\/div>\r\n                    <dl class=\"sec_dl flex\">\r\n                        <dt id=\"CHARA_1156_009\" class=\"sec_dt\">Alear ist die Wyrmgottheit, die auf dem Kontinent Elyos f\u00fcr den Frieden k\u00e4mpft, und heute gesellt sich diese Gottheit sowohl in m\u00e4nnlicher als auch in weiblicher Form zu uns! Die beiden Helden kommen aus verschiedenen Versionen ihrer Welt zu uns, um am Winterfest teilzunehmen!<\/dt>\r\n                        <dd class=\"sec_dd\">\r\n                            <a href=\"https:\/\/guide.fire-emblem-heroes.com\/wp-content\/uploads\/lueue_blessed_dragons_pop01.png\" class=\"popup-image\">\r\n                                <img decoding=\"async\" src=\"https:\/\/guide.fire-emblem-heroes.com\/wp-content\/uploads\/lueue_blessed_dragons_info01.png\" alt=\"\" \/>\r\n                            <\/a>\r\n                        <\/dd>\r\n                        <dt id=\"CHARA_1156_010\" class=\"sec_dt\">Hier sind sie, in makellos wei\u00dfen Outfits mit Winterfest-Verzierungen. Wie ich sehe, tr\u00e4gt der m\u00e4nnliche Alear einen kuscheligen Schal!<\/dt>\r\n                        <dd class=\"sec_dd\">\r\n                            <a href=\"https:\/\/guide.fire-emblem-heroes.com\/wp-content\/uploads\/lueue_blessed_dragons_pop02.png\" class=\"popup-image\">\r\n                                <img decoding=\"async\" src=\"https:\/\/guide.fire-emblem-heroes.com\/wp-content\/uploads\/lueue_blessed_dragons_info02.png\" alt=\"\" \/>\r\n                            <\/a>\r\n                        <\/dd>\r\n                        <dt id=\"CHARA_1156_011\" class=\"sec_dt\">Die weibliche Alear dagegen tr\u00e4gt ein schulterfreies Kleid, eine Sch\u00e4rpe um die Taille und Schleifen an den Oberarmen. Und das dekorative Band an ihrer M\u00fctze verleiht dem Look eine festliche Note!<\/dt>\r\n                        <dd class=\"sec_dd\">\r\n                            <a href=\"https:\/\/guide.fire-emblem-heroes.com\/wp-content\/uploads\/lueue_blessed_dragons_pop03.png\" class=\"popup-image\">\r\n                                <img decoding=\"async\" src=\"https:\/\/guide.fire-emblem-heroes.com\/wp-content\/uploads\/lueue_blessed_dragons_info03.png\" alt=\"\" \/>\r\n                            <\/a>\r\n                        <\/dd>\r\n                        <dt id=\"CHARA_1156_012\" class=\"sec_dt\">Die beiden Alears sagen, dass sie jetzt losgehen, um Geschenke zu verteilen. Sommie, das Schutzwesen des Somniel, wird ihren Schlitten ziehen! Ich wette, sie werden den ganzen Weg sehr viel Spa\u00df haben!<\/dt>\r\n                        <dd class=\"sec_dd\">\r\n                            <a href=\"https:\/\/guide.fire-emblem-heroes.com\/wp-content\/uploads\/lueue_blessed_dragons_pop04.png\" class=\"popup-image\">\r\n                                <img decoding=\"async\" src=\"https:\/\/guide.fire-emblem-heroes.com\/wp-content\/uploads\/lueue_blessed_dragons_info04.png\" alt=\"\" \/>\r\n                            <\/a>\r\n                        <\/dd>\r\n                    <\/dl>\r\n                    <h3 id=\"CHARA_1156_013\" class=\"sec_h3charatxt\">Beziehungen<\/h3>\r\n                    <h4 id=\"CHARA_1156_014\" class=\"sec_h4charatxt\">Lumera<\/h4>\r\n                    <p id=\"CHARA_1156_015\" class=\"sec_charatxt\">Die Wyrmg\u00f6ttin und Regentin des heiligen Landes Lythos. Sie ist Alears Mutter und jene Heldin, die einst ganz Elyos rettete.<\/p>\r\n                <\/section>\r\n            <\/article>\r\n        <\/main>","protected":false},"excerpt":{"rendered":"Heldenduos Begabte Drachen Alear Erscheint in Fire Emblem Engage Sharena stellt vor! Begabte Drachen Alear Alear ist die Wyrmgottheit, die auf dem Kontinent Elyos f\u00fcr den Frieden k\u00e4mpft, und heute gesellt sich diese Gottheit sowohl in m\u00e4nnlicher als auch in weiblicher Form zu uns! Die beiden Helden kommen aus verschiedenen Versionen ihrer Welt zu uns, [&hellip;]","protected":false},"author":1,"featured_media":56577,"comment_status":"closed","ping_status":"closed","sticky":false,"template":"","format":"standard","meta":{"advanced_seo_description":"","jetpack_seo_html_title":"","jetpack_seo_noindex":false,"_jetpack_newsletter_access":"","_jetpack_dont_email_post_to_subs":false,"_jetpack_newsletter_tier_id":0,"_jetpack_memberships_contains_paywalled_content":false,"_locale":"de_DE","_original_post":"https:\/\/guide.fire-emblem-heroes.com\/?p=56414","_jetpack_memberships_contains_paid_content":false,"footnotes":"","jetpack_publicize_message":"","jetpack_publicize_feature_enabled":true,"jetpack_social_post_already_shared":false,"jetpack_social_options":{"image_generator_settings":{"template":"highway","default_image_id":0,"font":"","enabled":false},"version":2},"_wpas_customize_per_network":false,"jetpack_post_was_ever_published":false},"categories":[1512,1384,1390,1440],"tags":[1442],"class_list":["post-56417","post","type-post","status-publish","format-standard","has-post-thumbnail","hentry","category-ex_works_engage","category-character","category-stay_heroes","category-duo_heroes","tag-heldenduos","de-DE"],"jetpack_publicize_connections":[],"jetpack_featured_media_url":"https:\/\/guide.fire-emblem-heroes.com\/wp-content\/uploads\/lueue_blessed_dragons.png","jetpack_sharing_enabled":false,"jetpack_shortlink":"https:\/\/wp.me\/pa0Mj3-eFX","jetpack_likes_enabled":false,"amp_enabled":false,"_links":{"self":[{"href":"https:\/\/guide.fire-emblem-heroes.com\/wp-json\/wp\/v2\/posts\/56417","targetHints":{"allow":["GET"]}}],"collection":[{"href":"https:\/\/guide.fire-emblem-heroes.com\/wp-json\/wp\/v2\/posts"}],"about":[{"href":"https:\/\/guide.fire-emblem-heroes.com\/wp-json\/wp\/v2\/types\/post"}],"author":[{"embeddable":true,"href":"https:\/\/guide.fire-emblem-heroes.com\/wp-json\/wp\/v2\/users\/1"}],"replies":[{"embeddable":true,"href":"https:\/\/guide.fire-emblem-heroes.com\/wp-json\/wp\/v2\/comments?post=56417"}],"version-history":[{"count":1,"href":"https:\/\/guide.fire-emblem-heroes.com\/wp-json\/wp\/v2\/posts\/56417\/revisions"}],"predecessor-version":[{"id":56434,"href":"https:\/\/guide.fire-emblem-heroes.com\/wp-json\/wp\/v2\/posts\/56417\/revisions\/56434"}],"wp:featuredmedia":[{"embeddable":true,"href":"https:\/\/guide.fire-emblem-heroes.com\/wp-json\/wp\/v2\/media\/56577"}],"wp:attachment":[{"href":"https:\/\/guide.fire-emblem-heroes.com\/wp-json\/wp\/v2\/media?parent=56417"}],"wp:term":[{"taxonomy":"category","embeddable":true,"href":"https:\/\/guide.fire-emblem-heroes.com\/wp-json\/wp\/v2\/categories?post=56417"},{"taxonomy":"post_tag","embeddable":true,"href":"https:\/\/guide.fire-emblem-heroes.com\/wp-json\/wp\/v2\/tags?post=56417"}],"curies":[{"name":"wp","href":"https:\/\/api.w.org\/{rel}","templated":true}]}}