






{"id":57262,"date":"2025-01-15T10:59:42","date_gmt":"2025-01-15T01:59:42","guid":{"rendered":"https:\/\/guide.fire-emblem-heroes.com\/?p=57262"},"modified":"2025-02-17T16:23:09","modified_gmt":"2025-02-17T07:23:09","slug":"07004011001191-2","status":"publish","type":"post","link":"https:\/\/guide.fire-emblem-heroes.com\/de\/07004011001191-2\/","title":{"rendered":"<span class=\"character_nick\">Sture Klingen<\/span><span class=\"character_name\">Marisa<\/span>"},"content":{"rendered":"<main id=\"CHARA_1176\" class=\"main_page character\">\r\n            <article>\r\n                <section class=\"sec sec_character\">\r\n                    <ul class=\"sec_ul sec_ul--character slick-box\">\r\n                        <li class=\"sec_li sec_li--character\">\r\n                            <img decoding=\"async\" src=\"https:\/\/guide.fire-emblem-heroes.com\/wp-content\/uploads\/marica_willful_blades_slide01.png\" alt=\"\" \/>\r\n                        <\/li>\r\n                        <li class=\"sec_li sec_li--character\">\r\n                            <img decoding=\"async\" src=\"https:\/\/guide.fire-emblem-heroes.com\/wp-content\/uploads\/marica_willful_blades_slide02.png\" alt=\"\" \/>\r\n                        <\/li>\r\n                        <li class=\"sec_li sec_li--character\">\r\n                            <img decoding=\"async\" src=\"https:\/\/guide.fire-emblem-heroes.com\/wp-content\/uploads\/marica_willful_blades_slide03.png\" alt=\"\" \/>\r\n                        <\/li>\r\n                        <li class=\"sec_li sec_li--character\">\r\n                            <img decoding=\"async\" src=\"https:\/\/guide.fire-emblem-heroes.com\/wp-content\/uploads\/marica_willful_blades_slide04.png\" alt=\"\" \/>\r\n                        <\/li>\r\n                    <\/ul>\r\n                    <div class=\"sec_charainfoarea flex\">\r\n                        <div class=\"sec_gif\"><img loading=\"lazy\" decoding=\"async\" src=\"https:\/\/guide.fire-emblem-heroes.com\/wp-content\/uploads\/marica_willful_blades.png\" alt=\"\" width=\"210\" height=\"190\"\/><\/div>\r\n                        <div class=\"sec_charainfo\">\r\n                            <p id=\"CHARA_1176_002\" class=\"sec_characate sec_characate sec_characate--harmonized_hero\">Harmoniehelden<\/p>\r\n                            <p id=\"CHARA_1176_003\" class=\"sec_charanick\">Sture Klingen<\/p>\r\n                            <p id=\"CHARA_1176_004\" class=\"sec_charaname\">Marisa<\/p>\r\n                            <p id=\"CHARA_1176_005\" class=\"sec_charaappearancetxt\">Erscheint in<\/p>\r\n                            <p id=\"CHARA_1176_006\" class=\"sec_charaappearancetxt\">Fire Emblem: The Sacred Stones<br \/>Fire Emblem: Three Houses<\/p>\r\n                        <\/div>\r\n                    <\/div>\r\n                <\/section>\r\n            <\/article>\r\n            <article>\r\n                <section class=\"sec sec_characterarea\">\r\n                    <div class=\"sec_h2chara\">\r\n                        <p id=\"CHARA_1176_007\" class=\"sec_h2charattl\">Sharena stellt vor!<\/p>\r\n                        <h2 id=\"CHARA_1176_008\" class=\"sec_h2charatxt\">Sture Klingen Marisa<\/h2>\r\n                    <\/div>\r\n                    <dl class=\"sec_dl flex\">\r\n                        <dt id=\"CHARA_1176_009\" class=\"sec_dt\">Marisa ist ein Mitglied von Geriks S\u00f6ldnern aus Magvel und Byleth arbeitet als Magistra an F\u00f3dlans Milit\u00e4rakademie. Und hier tragen die beiden Mode im Stil von Jehanna!<\/dt>\r\n                        <dd class=\"sec_dd\">\r\n                            <a href=\"https:\/\/guide.fire-emblem-heroes.com\/wp-content\/uploads\/marica_willful_blades_pop01.png\" class=\"popup-image\">\r\n                                <img decoding=\"async\" src=\"https:\/\/guide.fire-emblem-heroes.com\/wp-content\/uploads\/marica_willful_blades_info01.png\" alt=\"\" \/>\r\n                            <\/a>\r\n                        <\/dd>\r\n                        <dt id=\"CHARA_1176_010\" class=\"sec_dt\">Jehanna, einst die Heimat von Geriks S\u00f6ldnern, ist auch als das W\u00fcstenk\u00f6nigreich bekannt. Daher ist es nicht verwunderlich, dass Marisas Outfit leicht und luftig ist \u2013 irgendwie muss man der Hitze ja trotzen!<\/dt>\r\n                        <dd class=\"sec_dd\">\r\n                            <a href=\"https:\/\/guide.fire-emblem-heroes.com\/wp-content\/uploads\/marica_willful_blades_pop02.png\" class=\"popup-image\">\r\n                                <img decoding=\"async\" src=\"https:\/\/guide.fire-emblem-heroes.com\/wp-content\/uploads\/marica_willful_blades_info02.png\" alt=\"\" \/>\r\n                            <\/a>\r\n                        <\/dd>\r\n                        <dt id=\"CHARA_1176_011\" class=\"sec_dt\">Byleths Kleidung entspricht im Gro\u00dfen und Ganzen ihrem \u00fcblichen Look, aber die traditionellen Verzierungen von Jehanna setzen ein paar neue Akzente!<\/dt>\r\n                        <dd class=\"sec_dd\">\r\n                            <a href=\"https:\/\/guide.fire-emblem-heroes.com\/wp-content\/uploads\/marica_willful_blades_pop03.png\" class=\"popup-image\">\r\n                                <img decoding=\"async\" src=\"https:\/\/guide.fire-emblem-heroes.com\/wp-content\/uploads\/marica_willful_blades_info03.png\" alt=\"\" \/>\r\n                            <\/a>\r\n                        <\/dd>\r\n                        <dt id=\"CHARA_1176_012\" class=\"sec_dt\">Byleth ist eine ehemalige S\u00f6ldnerin, und schon allein deshalb haben sie und Marisa viel gemeinsam. Die beiden haben sich versprochen, ihren Aufenthalt in Askr zu nutzen, um gemeinsam zu trainieren und ihre F\u00e4higkeiten zu verbessern!<\/dt>\r\n                        <dd class=\"sec_dd\">\r\n                            <a href=\"https:\/\/guide.fire-emblem-heroes.com\/wp-content\/uploads\/marica_willful_blades_pop04.png\" class=\"popup-image\">\r\n                                <img decoding=\"async\" src=\"https:\/\/guide.fire-emblem-heroes.com\/wp-content\/uploads\/marica_willful_blades_info04.png\" alt=\"\" \/>\r\n                            <\/a>\r\n                        <\/dd>\r\n                    <\/dl>\r\n                    <h3 id=\"CHARA_1176_013\" class=\"sec_h3charatxt\">Beziehungen<\/h3>\r\n                    <h4 id=\"CHARA_1176_014\" class=\"sec_h4charatxt\">Gerik<\/h4>\r\n                    <p id=\"CHARA_1176_015\" class=\"sec_charatxt\">Ein erfahrener Soldat, der seinen eigenen S\u00f6ldnertrupp, Geriks S\u00f6ldner, anf\u00fchrt. Tethys, Ewan, Marisa und andere stehen unter seinem Befehl.<\/p>\r\n                    <h4 id=\"CHARA_1176_016\" class=\"sec_h4charatxt\">Jeralt<\/h4>\r\n                    <p id=\"CHARA_1176_017\" class=\"sec_charatxt\">Ber\u00fchmter ehemaliger Kommandant der Ritter der Seiros. Wurde nach dem Tod seiner Frau der Anf\u00fchrer einer S\u00f6ldnergruppe. Byleths Vater.<\/p>\r\n                <\/section>\r\n            <\/article>\r\n        <\/main>","protected":false},"excerpt":{"rendered":"Harmoniehelden Sture Klingen Marisa Erscheint in Fire Emblem: The Sacred StonesFire Emblem: Three Houses Sharena stellt vor! Sture Klingen Marisa Marisa ist ein Mitglied von Geriks S\u00f6ldnern aus Magvel und Byleth arbeitet als Magistra an F\u00f3dlans Milit\u00e4rakademie. Und hier tragen die beiden Mode im Stil von Jehanna! Jehanna, einst die Heimat von Geriks S\u00f6ldnern, ist [&hellip;]","protected":false},"author":1,"featured_media":57394,"comment_status":"closed","ping_status":"closed","sticky":false,"template":"","format":"standard","meta":{"advanced_seo_description":"","jetpack_seo_html_title":"","jetpack_seo_noindex":false,"_jetpack_newsletter_access":"","_jetpack_dont_email_post_to_subs":false,"_jetpack_newsletter_tier_id":0,"_jetpack_memberships_contains_paywalled_content":false,"_locale":"de_DE","_original_post":"https:\/\/guide.fire-emblem-heroes.com\/?p=57259","_jetpack_memberships_contains_paid_content":false,"footnotes":"","jetpack_publicize_message":"","jetpack_publicize_feature_enabled":true,"jetpack_social_post_already_shared":false,"jetpack_social_options":{"image_generator_settings":{"template":"highway","default_image_id":0,"font":"","enabled":false},"version":2},"_wpas_customize_per_network":false,"jetpack_post_was_ever_published":false},"categories":[1384,1428,1464,1390],"tags":[1466],"class_list":["post-57262","post","type-post","status-publish","format-standard","has-post-thumbnail","hentry","category-character","category-ex_works_the_sacred_stones","category-harmonized_heroes","category-stay_heroes","tag-harmoniehelden","de-DE"],"jetpack_publicize_connections":[],"jetpack_featured_media_url":"https:\/\/guide.fire-emblem-heroes.com\/wp-content\/uploads\/marica_willful_blades.png","jetpack_sharing_enabled":false,"jetpack_shortlink":"https:\/\/wp.me\/pa0Mj3-eTA","jetpack_likes_enabled":false,"amp_enabled":false,"_links":{"self":[{"href":"https:\/\/guide.fire-emblem-heroes.com\/wp-json\/wp\/v2\/posts\/57262","targetHints":{"allow":["GET"]}}],"collection":[{"href":"https:\/\/guide.fire-emblem-heroes.com\/wp-json\/wp\/v2\/posts"}],"about":[{"href":"https:\/\/guide.fire-emblem-heroes.com\/wp-json\/wp\/v2\/types\/post"}],"author":[{"embeddable":true,"href":"https:\/\/guide.fire-emblem-heroes.com\/wp-json\/wp\/v2\/users\/1"}],"replies":[{"embeddable":true,"href":"https:\/\/guide.fire-emblem-heroes.com\/wp-json\/wp\/v2\/comments?post=57262"}],"version-history":[{"count":2,"href":"https:\/\/guide.fire-emblem-heroes.com\/wp-json\/wp\/v2\/posts\/57262\/revisions"}],"predecessor-version":[{"id":57273,"href":"https:\/\/guide.fire-emblem-heroes.com\/wp-json\/wp\/v2\/posts\/57262\/revisions\/57273"}],"wp:featuredmedia":[{"embeddable":true,"href":"https:\/\/guide.fire-emblem-heroes.com\/wp-json\/wp\/v2\/media\/57394"}],"wp:attachment":[{"href":"https:\/\/guide.fire-emblem-heroes.com\/wp-json\/wp\/v2\/media?parent=57262"}],"wp:term":[{"taxonomy":"category","embeddable":true,"href":"https:\/\/guide.fire-emblem-heroes.com\/wp-json\/wp\/v2\/categories?post=57262"},{"taxonomy":"post_tag","embeddable":true,"href":"https:\/\/guide.fire-emblem-heroes.com\/wp-json\/wp\/v2\/tags?post=57262"}],"curies":[{"name":"wp","href":"https:\/\/api.w.org\/{rel}","templated":true}]}}