






{"id":58827,"date":"2025-03-26T13:24:41","date_gmt":"2025-03-26T04:24:41","guid":{"rendered":"https:\/\/guide.fire-emblem-heroes.com\/?p=58827"},"modified":"2025-06-04T13:31:32","modified_gmt":"2025-06-04T04:31:32","slug":"07001001001224-2","status":"publish","type":"post","link":"https:\/\/guide.fire-emblem-heroes.com\/de\/07001001001224-2\/","title":{"rendered":"<span class=\"character_nick\">Von Sacred<\/span><span class=\"character_name\">Eirika<\/span>"},"content":{"rendered":"<main id=\"CHARA_1212\" class=\"main_page character\">\r\n            <article>\r\n                <section class=\"sec sec_character\">\r\n                    <ul class=\"sec_ul sec_ul--character slick-box\">\r\n                        <li class=\"sec_li sec_li--character\">\r\n                            <img decoding=\"async\" src=\"https:\/\/guide.fire-emblem-heroes.com\/wp-content\/uploads\/eirik_of_the_sacred_slide01.png\" alt=\"\" \/>\r\n                        <\/li>\r\n                        <li class=\"sec_li sec_li--character\">\r\n                            <img decoding=\"async\" src=\"https:\/\/guide.fire-emblem-heroes.com\/wp-content\/uploads\/eirik_of_the_sacred_slide02.png\" alt=\"\" \/>\r\n                        <\/li>\r\n                        <li class=\"sec_li sec_li--character\">\r\n                            <img decoding=\"async\" src=\"https:\/\/guide.fire-emblem-heroes.com\/wp-content\/uploads\/eirik_of_the_sacred_slide03.png\" alt=\"\" \/>\r\n                        <\/li>\r\n                        <li class=\"sec_li sec_li--character\">\r\n                            <img decoding=\"async\" src=\"https:\/\/guide.fire-emblem-heroes.com\/wp-content\/uploads\/eirik_of_the_sacred_slide04.png\" alt=\"\" \/>\r\n                        <\/li>\r\n                    <\/ul>\r\n                    <div class=\"sec_charainfoarea flex\">\r\n                        <div class=\"sec_gif\"><img loading=\"lazy\" decoding=\"async\" src=\"https:\/\/guide.fire-emblem-heroes.com\/wp-content\/uploads\/eirik_of_the_sacred.png\" alt=\"\" width=\"210\" height=\"190\"\/><\/div>\r\n                        <div class=\"sec_charainfo\">\r\n                            <p id=\"CHARA_1212_002\" class=\"sec_characate sec_characate--emblem_heroes\">Embleme<\/p>\r\n                            <p id=\"CHARA_1212_003\" class=\"sec_charanick\">Von Sacred<\/p>\r\n                            <p id=\"CHARA_1212_004\" class=\"sec_charaname\">Eirika<\/p>\r\n                            <p id=\"CHARA_1212_005\" class=\"sec_charaappearancetxt\">Erscheint in<\/p>\r\n                            <p id=\"CHARA_1212_006\" class=\"sec_charaappearancetxt\">Fire Emblem: The Sacred Stones<br \/>Fire Emblem Engage<\/p>\r\n                        <\/div>\r\n                    <\/div>\r\n                <\/section>\r\n            <\/article>\r\n            <article>\r\n                <section class=\"sec sec_characterarea\">\r\n                    <div class=\"sec_h2chara\">\r\n                        <p id=\"CHARA_1212_007\" class=\"sec_h2charattl\">Sharena stellt vor!<\/p>\r\n                        <h2 id=\"CHARA_1212_008\" class=\"sec_h2charatxt\">Von Sacred Eirika<\/h2>\r\n                    <\/div>\r\n                    <dl class=\"sec_dl flex\">\r\n                        <dt id=\"CHARA_1212_009\" class=\"sec_dt\">Der Ring der azurblauen Zwillinge ist ein antikes Artefakt vom Kontinent Elyos. In ihm wohnt eines der Embleme, die Elyos besch\u00fctzen: Eirika, Emblem von Sacred!<\/dt>\r\n                        <dd class=\"sec_dd\">\r\n                            <a href=\"https:\/\/guide.fire-emblem-heroes.com\/wp-content\/uploads\/eirik_of_the_sacred_pop01.png\" class=\"popup-image\">\r\n                                <img decoding=\"async\" src=\"https:\/\/guide.fire-emblem-heroes.com\/wp-content\/uploads\/eirik_of_the_sacred_info01.png\" alt=\"\" \/>\r\n                            <\/a>\r\n                        <\/dd>\r\n                        <dt id=\"CHARA_1212_010\" class=\"sec_dt\">Eirika k\u00e4mpfte an der Seite ihres Zwillingsbruders Ephraim gegen Fomortiis, den D\u00e4monenk\u00f6nig, der drohte, den Kontinent Magvel, ihre Heimat, zu zerst\u00f6ren.<\/dt>\r\n                        <dd class=\"sec_dd\">\r\n                            <a href=\"https:\/\/guide.fire-emblem-heroes.com\/wp-content\/uploads\/eirik_of_the_sacred_pop02.png\" class=\"popup-image\">\r\n                                <img decoding=\"async\" src=\"https:\/\/guide.fire-emblem-heroes.com\/wp-content\/uploads\/eirik_of_the_sacred_info02.png\" alt=\"\" \/>\r\n                            <\/a>\r\n                        <\/dd>\r\n                        <dt id=\"CHARA_1212_011\" class=\"sec_dt\">\u00dcbrigens beherbergt der Ring der Azurblauen Zwillinge nicht nur Emblem Eirika, sondern auch Emblem Ephraim. Sie sind also gemeinsam das Emblem von Sacred!<\/dt>\r\n                        <dd class=\"sec_dd\">\r\n                            <a href=\"https:\/\/guide.fire-emblem-heroes.com\/wp-content\/uploads\/eirik_of_the_sacred_pop03.png\" class=\"popup-image\">\r\n                                <img decoding=\"async\" src=\"https:\/\/guide.fire-emblem-heroes.com\/wp-content\/uploads\/eirik_of_the_sacred_info03.png\" alt=\"\" \/>\r\n                            <\/a>\r\n                        <\/dd>\r\n                        <dt id=\"CHARA_1212_012\" class=\"sec_dt\">Eirikas Liebe f\u00fcr den Frieden, ihre elegante Schwertkampfkunst und ihre Verbundenheit mit Ephraim haben ihr dabei geholfen, Magvel zu retten. Und jetzt hoffe ich, dass sie auch den W\u00e4chtern von Askr helfen wird!<\/dt>\r\n                        <dd class=\"sec_dd\">\r\n                            <a href=\"https:\/\/guide.fire-emblem-heroes.com\/wp-content\/uploads\/eirik_of_the_sacred_pop04.png\" class=\"popup-image\">\r\n                                <img decoding=\"async\" src=\"https:\/\/guide.fire-emblem-heroes.com\/wp-content\/uploads\/eirik_of_the_sacred_info04.png\" alt=\"\" \/>\r\n                            <\/a>\r\n                        <\/dd>\r\n                    <\/dl>\r\n                    <h3 id=\"CHARA_1212_013\" class=\"sec_h3charatxt\">Beziehungen<\/h3>\r\n                    <h4 id=\"CHARA_1212_014\" class=\"sec_h4charatxt\">Alear<\/h4>\r\n                    <p id=\"CHARA_1212_015\" class=\"sec_charatxt\">Kind der Wyrmg\u00f6ttin, erwacht aus langem Schlaf. Beschw\u00f6rt Eirika, Ephraim und die anderen Embleme, um der Welt den Frieden zu bringen.<\/p>\r\n                    <h4 id=\"CHARA_1212_016\" class=\"sec_h4charatxt\">Lumera<\/h4>\r\n                    <p id=\"CHARA_1212_017\" class=\"sec_charatxt\">Die Wyrmg\u00f6ttin und Regentin des heiligen Landes Lythos. Sie ist Alears Mutter und jene Heldin, die einst mit der Hilfe von Eirika, Ephraim und den anderen Emblemen ganz Elyos rettete.<\/p>\r\n                    <h4 id=\"CHARA_1212_018\" class=\"sec_h4charatxt\">Rosado<\/h4>\r\n                    <p id=\"CHARA_1212_019\" class=\"sec_charatxt\">Ein Soldat aus dem K\u00f6nigsschloss von Elusia und Hortensias Getreuer. Ein begabter Maler mit einem H\u00e4ndchen f\u00fcr Mode. Versuchte zusammen mit Goldmary, den Ring zu stehlen, in dem Eirika und Ephraim schlummern.<\/p>\r\n                    <h4 id=\"CHARA_1212_020\" class=\"sec_h4charatxt\">Goldmary<\/h4>\r\n                    <p id=\"CHARA_1212_021\" class=\"sec_charatxt\">Prinzessin Hortensias Getreue. Sie wirkt auf den ersten Blick zur\u00fcckhaltend, aber sie ist bis tief in ihr Innerstes von sich selbst eingenommen. Versuchte gemeinsam mit Rosado, den Ring zu stehlen, der Eirika und Ephraim beherbergt.<\/p>\r\n                <\/section>\r\n            <\/article>\r\n        <\/main>","protected":false},"excerpt":{"rendered":"Embleme Von Sacred Eirika Erscheint in Fire Emblem: The Sacred StonesFire Emblem Engage Sharena stellt vor! Von Sacred Eirika Der Ring der azurblauen Zwillinge ist ein antikes Artefakt vom Kontinent Elyos. In ihm wohnt eines der Embleme, die Elyos besch\u00fctzen: Eirika, Emblem von Sacred! Eirika k\u00e4mpfte an der Seite ihres Zwillingsbruders Ephraim gegen Fomortiis, den [&hellip;]","protected":false},"author":1,"featured_media":58969,"comment_status":"closed","ping_status":"closed","sticky":false,"template":"","format":"standard","meta":{"advanced_seo_description":"","jetpack_seo_html_title":"","jetpack_seo_noindex":false,"_jetpack_newsletter_access":"","_jetpack_dont_email_post_to_subs":false,"_jetpack_newsletter_tier_id":0,"_jetpack_memberships_contains_paywalled_content":false,"_locale":"de_DE","_original_post":"https:\/\/guide.fire-emblem-heroes.com\/?p=58824","_jetpack_memberships_contains_paid_content":false,"footnotes":"","jetpack_publicize_message":"","jetpack_publicize_feature_enabled":true,"jetpack_social_post_already_shared":false,"jetpack_social_options":{"image_generator_settings":{"template":"highway","default_image_id":0,"font":"","enabled":false},"version":2},"_wpas_customize_per_network":false,"jetpack_post_was_ever_published":false},"categories":[1512,1384,1527,1428,1390],"tags":[1528],"class_list":["post-58827","post","type-post","status-publish","format-standard","has-post-thumbnail","hentry","category-ex_works_engage","category-character","category-emblem_heroes","category-ex_works_the_sacred_stones","category-stay_heroes","tag-embleme","de-DE"],"jetpack_publicize_connections":[],"jetpack_featured_media_url":"https:\/\/guide.fire-emblem-heroes.com\/wp-content\/uploads\/eirik_of_the_sacred.png","jetpack_sharing_enabled":false,"jetpack_shortlink":"https:\/\/wp.me\/pa0Mj3-fiP","jetpack_likes_enabled":false,"amp_enabled":false,"_links":{"self":[{"href":"https:\/\/guide.fire-emblem-heroes.com\/wp-json\/wp\/v2\/posts\/58827","targetHints":{"allow":["GET"]}}],"collection":[{"href":"https:\/\/guide.fire-emblem-heroes.com\/wp-json\/wp\/v2\/posts"}],"about":[{"href":"https:\/\/guide.fire-emblem-heroes.com\/wp-json\/wp\/v2\/types\/post"}],"author":[{"embeddable":true,"href":"https:\/\/guide.fire-emblem-heroes.com\/wp-json\/wp\/v2\/users\/1"}],"replies":[{"embeddable":true,"href":"https:\/\/guide.fire-emblem-heroes.com\/wp-json\/wp\/v2\/comments?post=58827"}],"version-history":[{"count":1,"href":"https:\/\/guide.fire-emblem-heroes.com\/wp-json\/wp\/v2\/posts\/58827\/revisions"}],"predecessor-version":[{"id":58836,"href":"https:\/\/guide.fire-emblem-heroes.com\/wp-json\/wp\/v2\/posts\/58827\/revisions\/58836"}],"wp:featuredmedia":[{"embeddable":true,"href":"https:\/\/guide.fire-emblem-heroes.com\/wp-json\/wp\/v2\/media\/58969"}],"wp:attachment":[{"href":"https:\/\/guide.fire-emblem-heroes.com\/wp-json\/wp\/v2\/media?parent=58827"}],"wp:term":[{"taxonomy":"category","embeddable":true,"href":"https:\/\/guide.fire-emblem-heroes.com\/wp-json\/wp\/v2\/categories?post=58827"},{"taxonomy":"post_tag","embeddable":true,"href":"https:\/\/guide.fire-emblem-heroes.com\/wp-json\/wp\/v2\/tags?post=58827"}],"curies":[{"name":"wp","href":"https:\/\/api.w.org\/{rel}","templated":true}]}}