






{"id":62958,"date":"2025-10-15T12:32:30","date_gmt":"2025-10-15T03:32:30","guid":{"rendered":"https:\/\/guide.fire-emblem-heroes.com\/?p=62958"},"modified":"2026-01-04T12:24:04","modified_gmt":"2026-01-04T03:24:04","slug":"08001006001304-2","status":"publish","type":"post","link":"https:\/\/guide.fire-emblem-heroes.com\/de\/08001006001304-2\/","title":{"rendered":"<span class=\"character_nick\">Mutiger Krieger<\/span><span class=\"character_name\">Boyd<\/span>"},"content":{"rendered":"<main id=\"CHARA_1303\" class=\"main_page character\">\r\n            <article>\r\n                <section class=\"sec sec_character\">\r\n                    <ul class=\"sec_ul sec_ul--character slick-box\">\r\n                        <li class=\"sec_li sec_li--character\">\r\n                            <img decoding=\"async\" src=\"https:\/\/guide.fire-emblem-heroes.com\/wp-content\/uploads\/bole_intrepid_warrior_slide01.png\" alt=\"\" \/>\r\n                        <\/li>\r\n                        <li class=\"sec_li sec_li--character\">\r\n                            <img decoding=\"async\" src=\"https:\/\/guide.fire-emblem-heroes.com\/wp-content\/uploads\/bole_intrepid_warrior_slide02.png\" alt=\"\" \/>\r\n                        <\/li>\r\n                        <li class=\"sec_li sec_li--character\">\r\n                            <img decoding=\"async\" src=\"https:\/\/guide.fire-emblem-heroes.com\/wp-content\/uploads\/bole_intrepid_warrior_slide03.png\" alt=\"\" \/>\r\n                        <\/li>\r\n                        <li class=\"sec_li sec_li--character\">\r\n                            <img decoding=\"async\" src=\"https:\/\/guide.fire-emblem-heroes.com\/wp-content\/uploads\/bole_intrepid_warrior_slide04.png\" alt=\"\" \/>\r\n                        <\/li>\r\n                    <\/ul>\r\n                    <div class=\"sec_charainfoarea flex\">\r\n                        <div class=\"sec_gif\"><img loading=\"lazy\" decoding=\"async\" src=\"https:\/\/guide.fire-emblem-heroes.com\/wp-content\/uploads\/bole_intrepid_warrior.png\" alt=\"\" width=\"210\" height=\"190\"\/><\/div>\r\n                        <div class=\"sec_charainfo\">\r\n                            <p id=\"CHARA_1303_002\" class=\"sec_characate sec_characate--heroes\">Helden<\/p>\r\n                            <p id=\"CHARA_1303_003\" class=\"sec_charanick\">Mutiger Krieger<\/p>\r\n                            <p id=\"CHARA_1303_004\" class=\"sec_charaname\">Boyd<\/p>\r\n                            <p id=\"CHARA_1303_005\" class=\"sec_charaappearancetxt\">Erscheint in<\/p>\r\n                            <p id=\"CHARA_1303_006\" class=\"sec_charaappearancetxt\">Fire Emblem: Path of Radiance<\/p>\r\n                        <\/div>\r\n                    <\/div>\r\n                <\/section>\r\n            <\/article>\r\n            <article>\r\n                <section class=\"sec sec_characterarea\">\r\n                    <div class=\"sec_h2chara\">\r\n                        <p id=\"CHARA_1303_007\" class=\"sec_h2charattl\">Sharena stellt vor!<\/p>\r\n                        <h2 id=\"CHARA_1303_008\" class=\"sec_h2charatxt\">Mutiger Krieger Boyd<\/h2>\r\n                    <\/div>\r\n                    <dl class=\"sec_dl flex\">\r\n                        <dt id=\"CHARA_1303_009\" class=\"sec_dt\">Boyd stammt vom Kontinent Tellius und ist ein starker Krieger, der f\u00fcr Greils S\u00f6ldner k\u00e4mpft! Er ist ein fr\u00f6hlicher junger Mann, der sich nicht \u00fcber Kleinigkeiten aufregt, und sorgt stets f\u00fcr lockere Stimmung unter seinen S\u00f6ldnerkameraden.<\/dt>\r\n                        <dd class=\"sec_dd\">\r\n                            <a href=\"https:\/\/guide.fire-emblem-heroes.com\/wp-content\/uploads\/bole_intrepid_warrior_pop01.png\" class=\"popup-image\">\r\n                                <img decoding=\"async\" src=\"https:\/\/guide.fire-emblem-heroes.com\/wp-content\/uploads\/bole_intrepid_warrior_info01.png\" alt=\"\" \/>\r\n                            <\/a>\r\n                        <\/dd>\r\n                        <dt id=\"CHARA_1303_010\" class=\"sec_dt\">Nachdem er als Kind seinen Vater verloren hatte, wurde Boyd zusammen mit seinem \u00e4lteren Bruder Oscar, der seinen Dienst in der Armee von Crimea quittiert hatte, und seinem j\u00fcngeren Bruder Rolf von Greils S\u00f6ldnern aufgenommen.<\/dt>\r\n                        <dd class=\"sec_dd\">\r\n                            <a href=\"https:\/\/guide.fire-emblem-heroes.com\/wp-content\/uploads\/bole_intrepid_warrior_pop02.png\" class=\"popup-image\">\r\n                                <img decoding=\"async\" src=\"https:\/\/guide.fire-emblem-heroes.com\/wp-content\/uploads\/bole_intrepid_warrior_info02.png\" alt=\"\" \/>\r\n                            <\/a>\r\n                        <\/dd>\r\n                        <dt id=\"CHARA_1303_011\" class=\"sec_dt\">In der Obhut von Greils S\u00f6ldnern wuchs Boyd schnell zu einem starken jungen Krieger heran und betrachtete sie bald als seine neue Familie.<\/dt>\r\n                        <dd class=\"sec_dd\">\r\n                            <a href=\"https:\/\/guide.fire-emblem-heroes.com\/wp-content\/uploads\/bole_intrepid_warrior_pop03.png\" class=\"popup-image\">\r\n                                <img decoding=\"async\" src=\"https:\/\/guide.fire-emblem-heroes.com\/wp-content\/uploads\/bole_intrepid_warrior_info03.png\" alt=\"\" \/>\r\n                            <\/a>\r\n                        <\/dd>\r\n                        <dt id=\"CHARA_1303_012\" class=\"sec_dt\">F\u00fcr Boyd sind Greils S\u00f6ldner sein Ein und Alles. Und so k\u00e4mpft er Tag f\u00fcr Tag mit einem L\u00e4cheln im Gesicht weiter \u2013 f\u00fcr seine Adoptivfamilie!<\/dt>\r\n                        <dd class=\"sec_dd\">\r\n                            <a href=\"https:\/\/guide.fire-emblem-heroes.com\/wp-content\/uploads\/bole_intrepid_warrior_pop04.png\" class=\"popup-image\">\r\n                                <img decoding=\"async\" src=\"https:\/\/guide.fire-emblem-heroes.com\/wp-content\/uploads\/bole_intrepid_warrior_info04.png\" alt=\"\" \/>\r\n                            <\/a>\r\n                        <\/dd>\r\n                    <\/dl>\r\n                    <h3 id=\"CHARA_1303_013\" class=\"sec_h3charatxt\">Beziehungen<\/h3>\r\n                    <h4 id=\"CHARA_1303_014\" class=\"sec_h4charatxt\">Oscar<\/h4>\r\n                    <p id=\"CHARA_1303_015\" class=\"sec_charatxt\">Ein aufrichtiges und hilfsbereites Mitglied von Greils S\u00f6ldnern mit guten Instinkten. Boyds \u00e4lterer Bruder.<\/p>\r\n                    <h4 id=\"CHARA_1303_016\" class=\"sec_h4charatxt\">Rolf<\/h4>\r\n                    <p id=\"CHARA_1303_017\" class=\"sec_charatxt\">Ein Mitglied von Greils S\u00f6ldnern und der j\u00fcngere Bruder von Oscar und Boyd.<\/p>\r\n                    <h4 id=\"CHARA_1303_018\" class=\"sec_h4charatxt\">Ike<\/h4>\r\n                    <p id=\"CHARA_1303_019\" class=\"sec_charatxt\">Ein gutherziger und stoischer junger Mann, der die Leitung der S\u00f6ldnertruppe seines Vaters \u00fcbernommen hat. Boyd geh\u00f6rt dieser an.<\/p>\r\n                <\/section>\r\n            <\/article>\r\n        <\/main>","protected":false},"excerpt":{"rendered":"Helden Mutiger Krieger Boyd Erscheint in Fire Emblem: Path of Radiance Sharena stellt vor! Mutiger Krieger Boyd Boyd stammt vom Kontinent Tellius und ist ein starker Krieger, der f\u00fcr Greils S\u00f6ldner k\u00e4mpft! Er ist ein fr\u00f6hlicher junger Mann, der sich nicht \u00fcber Kleinigkeiten aufregt, und sorgt stets f\u00fcr lockere Stimmung unter seinen S\u00f6ldnerkameraden. Nachdem er [&hellip;]","protected":false},"author":1,"featured_media":63073,"comment_status":"closed","ping_status":"closed","sticky":false,"template":"","format":"standard","meta":{"advanced_seo_description":"","jetpack_seo_html_title":"","jetpack_seo_noindex":false,"_jetpack_newsletter_access":"","_jetpack_dont_email_post_to_subs":false,"_jetpack_newsletter_tier_id":0,"_jetpack_memberships_contains_paywalled_content":false,"_locale":"de_DE","_original_post":"https:\/\/guide.fire-emblem-heroes.com\/?p=62955","_jetpack_memberships_contains_paid_content":false,"footnotes":"","jetpack_publicize_message":"","jetpack_publicize_feature_enabled":true,"jetpack_social_post_already_shared":false,"jetpack_social_options":{"image_generator_settings":{"template":"highway","default_image_id":0,"font":"","enabled":false},"version":2},"_wpas_customize_per_network":false,"jetpack_post_was_ever_published":false},"categories":[1384,1415,1429,1390],"tags":[1417],"class_list":["post-62958","post","type-post","status-publish","format-standard","has-post-thumbnail","hentry","category-character","category-heroes","category-ex_works_path_of_radiance","category-stay_heroes","tag-helden","de-DE"],"jetpack_publicize_connections":[],"jetpack_featured_media_url":"https:\/\/guide.fire-emblem-heroes.com\/wp-content\/uploads\/bole_intrepid_warrior.png","jetpack_sharing_enabled":false,"jetpack_shortlink":"https:\/\/wp.me\/pa0Mj3-gns","jetpack_likes_enabled":false,"amp_enabled":false,"_links":{"self":[{"href":"https:\/\/guide.fire-emblem-heroes.com\/wp-json\/wp\/v2\/posts\/62958","targetHints":{"allow":["GET"]}}],"collection":[{"href":"https:\/\/guide.fire-emblem-heroes.com\/wp-json\/wp\/v2\/posts"}],"about":[{"href":"https:\/\/guide.fire-emblem-heroes.com\/wp-json\/wp\/v2\/types\/post"}],"author":[{"embeddable":true,"href":"https:\/\/guide.fire-emblem-heroes.com\/wp-json\/wp\/v2\/users\/1"}],"replies":[{"embeddable":true,"href":"https:\/\/guide.fire-emblem-heroes.com\/wp-json\/wp\/v2\/comments?post=62958"}],"version-history":[{"count":1,"href":"https:\/\/guide.fire-emblem-heroes.com\/wp-json\/wp\/v2\/posts\/62958\/revisions"}],"predecessor-version":[{"id":62972,"href":"https:\/\/guide.fire-emblem-heroes.com\/wp-json\/wp\/v2\/posts\/62958\/revisions\/62972"}],"wp:featuredmedia":[{"embeddable":true,"href":"https:\/\/guide.fire-emblem-heroes.com\/wp-json\/wp\/v2\/media\/63073"}],"wp:attachment":[{"href":"https:\/\/guide.fire-emblem-heroes.com\/wp-json\/wp\/v2\/media?parent=62958"}],"wp:term":[{"taxonomy":"category","embeddable":true,"href":"https:\/\/guide.fire-emblem-heroes.com\/wp-json\/wp\/v2\/categories?post=62958"},{"taxonomy":"post_tag","embeddable":true,"href":"https:\/\/guide.fire-emblem-heroes.com\/wp-json\/wp\/v2\/tags?post=62958"}],"curies":[{"name":"wp","href":"https:\/\/api.w.org\/{rel}","templated":true}]}}