






{"id":64173,"date":"2025-12-23T11:22:25","date_gmt":"2025-12-23T02:22:25","guid":{"rendered":"https:\/\/guide.fire-emblem-heroes.com\/?p=64173"},"modified":"2026-01-16T16:34:24","modified_gmt":"2026-01-16T07:34:24","slug":"12002001001328-2","status":"publish","type":"post","link":"https:\/\/guide.fire-emblem-heroes.com\/de\/12002001001328-2\/","title":{"rendered":"<span class=\"character_nick\">Die Rivalen<\/span><span class=\"character_name\">Edelgard<\/span>"},"content":{"rendered":"<main id=\"CHARA_1328\" class=\"main_page character\">\r\n            <article>\r\n                <section class=\"sec sec_character\">\r\n                    <ul class=\"sec_ul sec_ul--character slick-box\">\r\n                        <li class=\"sec_li sec_li--character\">\r\n                            <img decoding=\"async\" src=\"https:\/\/guide.fire-emblem-heroes.com\/wp-content\/uploads\/edelgard_of_rivals_slide01.png\" alt=\"\" \/>\r\n                        <\/li>\r\n                        <li class=\"sec_li sec_li--character\">\r\n                            <img decoding=\"async\" src=\"https:\/\/guide.fire-emblem-heroes.com\/wp-content\/uploads\/edelgard_of_rivals_slide02.png\" alt=\"\" \/>\r\n                        <\/li>\r\n                        <li class=\"sec_li sec_li--character\">\r\n                            <img decoding=\"async\" src=\"https:\/\/guide.fire-emblem-heroes.com\/wp-content\/uploads\/edelgard_of_rivals_slide03.png\" alt=\"\" \/>\r\n                        <\/li>\r\n                        <li class=\"sec_li sec_li--character\">\r\n                            <img decoding=\"async\" src=\"https:\/\/guide.fire-emblem-heroes.com\/wp-content\/uploads\/edelgard_of_rivals_slide04.png\" alt=\"\" \/>\r\n                        <\/li>\r\n                    <\/ul>\r\n                    <div class=\"sec_charainfoarea flex\">\r\n                        <div class=\"sec_gif\"><img loading=\"lazy\" decoding=\"async\" src=\"https:\/\/guide.fire-emblem-heroes.com\/wp-content\/uploads\/edelgard_of_rivals.png\" alt=\"\" width=\"210\" height=\"190\"\/><\/div>\r\n                        <div class=\"sec_charainfo\">\r\n                            <p id=\"CHARA_1328_002\" class=\"sec_characate sec_characate--emblem_heroes\">Embleme<\/p>\r\n                            <p id=\"CHARA_1328_003\" class=\"sec_charanick\">Die Rivalen<\/p>\r\n                            <p id=\"CHARA_1328_004\" class=\"sec_charaname\">Edelgard<\/p>\r\n                            <p id=\"CHARA_1328_005\" class=\"sec_charaappearancetxt\">Erscheint in<\/p>\r\n                            <p id=\"CHARA_1328_006\" class=\"sec_charaappearancetxt\">Fire Emblem: Three Houses<br \/>Fire Emblem Engage<\/p>\r\n                        <\/div>\r\n                    <\/div>\r\n                <\/section>\r\n            <\/article>\r\n            <article>\r\n                <section class=\"sec sec_characterarea\">\r\n                    <div class=\"sec_h2chara\">\r\n                        <p id=\"CHARA_1328_007\" class=\"sec_h2charattl\">Sharena stellt vor!<\/p>\r\n                        <h2 id=\"CHARA_1328_008\" class=\"sec_h2charatxt\">Die Rivalen Edelgard<\/h2>\r\n                    <\/div>\r\n                    <dl class=\"sec_dl flex\">\r\n                        <dt id=\"CHARA_1328_009\" class=\"sec_dt\">Der Kontinent Elyos wird seit langem von Emblemen besch\u00fctzt, die in zw\u00f6lf Ringen schlummern. Aber manchmal kommen Embleme, die in Armb\u00e4ndern leben, auch aus einer anderen Welt \u2013 so zum Beispiel Edelgard!<\/dt>\r\n                        <dd class=\"sec_dd\">\r\n                            <a href=\"https:\/\/guide.fire-emblem-heroes.com\/wp-content\/uploads\/edelgard_of_rivals_pop01.png\" class=\"popup-image\">\r\n                                <img decoding=\"async\" src=\"https:\/\/guide.fire-emblem-heroes.com\/wp-content\/uploads\/edelgard_of_rivals_info01.png\" alt=\"\" \/>\r\n                            <\/a>\r\n                        <\/dd>\r\n                        <dt id=\"CHARA_1328_010\" class=\"sec_dt\">Der Armring der drei H\u00e4user wurde auf den Inseln s\u00fcdlich von Elyos gefunden. Er beherbergt das Emblem der Rivalen, einen Zusammenschluss von drei verschiedenen Helden: Edelgard, Dimitri und Claude.<\/dt>\r\n                        <dd class=\"sec_dd\">\r\n                            <a href=\"https:\/\/guide.fire-emblem-heroes.com\/wp-content\/uploads\/edelgard_of_rivals_pop02.png\" class=\"popup-image\">\r\n                                <img decoding=\"async\" src=\"https:\/\/guide.fire-emblem-heroes.com\/wp-content\/uploads\/edelgard_of_rivals_info02.png\" alt=\"\" \/>\r\n                            <\/a>\r\n                        <\/dd>\r\n                        <dt id=\"CHARA_1328_011\" class=\"sec_dt\">Viele Geschichten erz\u00e4hlen davon, wie das Schicksal diese drei einst zwang, gegeneinander zu k\u00e4mpfen. Aber als Embleme sind sie so, wie sie w\u00e4hrend ihrer gemeinsamen Zeit an der Akademie waren.<\/dt>\r\n                        <dd class=\"sec_dd\">\r\n                            <a href=\"https:\/\/guide.fire-emblem-heroes.com\/wp-content\/uploads\/edelgard_of_rivals_pop03.png\" class=\"popup-image\">\r\n                                <img decoding=\"async\" src=\"https:\/\/guide.fire-emblem-heroes.com\/wp-content\/uploads\/edelgard_of_rivals_info03.png\" alt=\"\" \/>\r\n                            <\/a>\r\n                        <\/dd>\r\n                        <dt id=\"CHARA_1328_012\" class=\"sec_dt\">Nun, ich hoffe, dass Edelgard als Emblem f\u00fcr immer mit Dimitri und Claude befreundet bleiben kann \u2013 und dass ihnen die ganzen Konflikte aus den Geschichten erspart bleiben!<\/dt>\r\n                        <dd class=\"sec_dd\">\r\n                            <a href=\"https:\/\/guide.fire-emblem-heroes.com\/wp-content\/uploads\/edelgard_of_rivals_pop04.png\" class=\"popup-image\">\r\n                                <img decoding=\"async\" src=\"https:\/\/guide.fire-emblem-heroes.com\/wp-content\/uploads\/edelgard_of_rivals_info04.png\" alt=\"\" \/>\r\n                            <\/a>\r\n                        <\/dd>\r\n                    <\/dl>\r\n                    <h3 id=\"CHARA_1328_013\" class=\"sec_h3charatxt\">Beziehungen<\/h3>\r\n                    <h4 id=\"CHARA_1328_014\" class=\"sec_h4charatxt\">Alear<\/h4>\r\n                    <p id=\"CHARA_1328_015\" class=\"sec_charatxt\">Kind der Wyrmg\u00f6ttin, erwacht aus langem Schlaf. Beschw\u00f6rt Edelgard und andere Embleme, um der Welt den Frieden zu bringen.<\/p>\r\n                <\/section>\r\n            <\/article>\r\n        <\/main>","protected":false},"excerpt":{"rendered":"Embleme Die Rivalen Edelgard Erscheint in Fire Emblem: Three HousesFire Emblem Engage Sharena stellt vor! Die Rivalen Edelgard Der Kontinent Elyos wird seit langem von Emblemen besch\u00fctzt, die in zw\u00f6lf Ringen schlummern. Aber manchmal kommen Embleme, die in Armb\u00e4ndern leben, auch aus einer anderen Welt \u2013 so zum Beispiel Edelgard! Der Armring der drei H\u00e4user [&hellip;]","protected":false},"author":1,"featured_media":64203,"comment_status":"closed","ping_status":"closed","sticky":false,"template":"","format":"standard","meta":{"advanced_seo_description":"","jetpack_seo_html_title":"","jetpack_seo_noindex":false,"_jetpack_newsletter_access":"","_jetpack_dont_email_post_to_subs":false,"_jetpack_newsletter_tier_id":0,"_jetpack_memberships_contains_paywalled_content":false,"_locale":"de_DE","_original_post":"https:\/\/guide.fire-emblem-heroes.com\/?p=64163","_jetpack_memberships_contains_paid_content":false,"footnotes":"","jetpack_publicize_message":"","jetpack_publicize_feature_enabled":true,"jetpack_social_post_already_shared":false,"jetpack_social_options":{"image_generator_settings":{"template":"highway","default_image_id":0,"font":"","enabled":false},"version":2},"_wpas_customize_per_network":false,"jetpack_post_was_ever_published":false},"categories":[1512,1384,1527,1434,1390],"tags":[1528],"class_list":["post-64173","post","type-post","status-publish","format-standard","has-post-thumbnail","hentry","category-ex_works_engage","category-character","category-emblem_heroes","category-ex_works_three_houses","category-stay_heroes","tag-embleme","de-DE"],"jetpack_publicize_connections":[],"jetpack_featured_media_url":"https:\/\/guide.fire-emblem-heroes.com\/wp-content\/uploads\/edelgard_of_rivals.png","jetpack_sharing_enabled":false,"jetpack_shortlink":"https:\/\/wp.me\/pa0Mj3-gH3","jetpack_likes_enabled":false,"amp_enabled":false,"_links":{"self":[{"href":"https:\/\/guide.fire-emblem-heroes.com\/wp-json\/wp\/v2\/posts\/64173","targetHints":{"allow":["GET"]}}],"collection":[{"href":"https:\/\/guide.fire-emblem-heroes.com\/wp-json\/wp\/v2\/posts"}],"about":[{"href":"https:\/\/guide.fire-emblem-heroes.com\/wp-json\/wp\/v2\/types\/post"}],"author":[{"embeddable":true,"href":"https:\/\/guide.fire-emblem-heroes.com\/wp-json\/wp\/v2\/users\/1"}],"replies":[{"embeddable":true,"href":"https:\/\/guide.fire-emblem-heroes.com\/wp-json\/wp\/v2\/comments?post=64173"}],"version-history":[{"count":1,"href":"https:\/\/guide.fire-emblem-heroes.com\/wp-json\/wp\/v2\/posts\/64173\/revisions"}],"predecessor-version":[{"id":64182,"href":"https:\/\/guide.fire-emblem-heroes.com\/wp-json\/wp\/v2\/posts\/64173\/revisions\/64182"}],"wp:featuredmedia":[{"embeddable":true,"href":"https:\/\/guide.fire-emblem-heroes.com\/wp-json\/wp\/v2\/media\/64203"}],"wp:attachment":[{"href":"https:\/\/guide.fire-emblem-heroes.com\/wp-json\/wp\/v2\/media?parent=64173"}],"wp:term":[{"taxonomy":"category","embeddable":true,"href":"https:\/\/guide.fire-emblem-heroes.com\/wp-json\/wp\/v2\/categories?post=64173"},{"taxonomy":"post_tag","embeddable":true,"href":"https:\/\/guide.fire-emblem-heroes.com\/wp-json\/wp\/v2\/tags?post=64173"}],"curies":[{"name":"wp","href":"https:\/\/api.w.org\/{rel}","templated":true}]}}