






{"id":64442,"date":"2026-01-04T12:20:09","date_gmt":"2026-01-04T03:20:09","guid":{"rendered":"https:\/\/guide.fire-emblem-heroes.com\/?p=64442"},"modified":"2026-01-19T16:24:30","modified_gmt":"2026-01-19T07:24:30","slug":"07001024901337-2","status":"publish","type":"post","link":"https:\/\/guide.fire-emblem-heroes.com\/de\/07001024901337-2\/","title":{"rendered":"<span class=\"character_nick\">Erstarkter Krieger<\/span><span class=\"character_name\">Garcia<\/span>"},"content":{"rendered":"<main id=\"CHARA_1337\" class=\"main_page character\">\r\n            <article>\r\n                <section class=\"sec sec_character\">\r\n                    <ul class=\"sec_ul sec_ul--character slick-box\">\r\n                        <li class=\"sec_li sec_li--character\">\r\n                            <img decoding=\"async\" src=\"https:\/\/guide.fire-emblem-heroes.com\/wp-content\/uploads\/garcia_warrior_reborn_slide01.png\" alt=\"\" \/>\r\n                        <\/li>\r\n                        <li class=\"sec_li sec_li--character\">\r\n                            <img decoding=\"async\" src=\"https:\/\/guide.fire-emblem-heroes.com\/wp-content\/uploads\/garcia_warrior_reborn_slide02.png\" alt=\"\" \/>\r\n                        <\/li>\r\n                        <li class=\"sec_li sec_li--character\">\r\n                            <img decoding=\"async\" src=\"https:\/\/guide.fire-emblem-heroes.com\/wp-content\/uploads\/garcia_warrior_reborn_slide03.png\" alt=\"\" \/>\r\n                        <\/li>\r\n                        <li class=\"sec_li sec_li--character\">\r\n                            <img decoding=\"async\" src=\"https:\/\/guide.fire-emblem-heroes.com\/wp-content\/uploads\/garcia_warrior_reborn_slide04.png\" alt=\"\" \/>\r\n                        <\/li>\r\n                    <\/ul>\r\n                    <div class=\"sec_charainfoarea flex\">\r\n                        <div class=\"sec_gif\"><img loading=\"lazy\" decoding=\"async\" src=\"https:\/\/guide.fire-emblem-heroes.com\/wp-content\/uploads\/garcia_warrior_reborn.png\" alt=\"\" width=\"210\" height=\"190\"\/><\/div>\r\n                        <div class=\"sec_charainfo\">\r\n                            <p id=\"CHARA_1337_002\" class=\"sec_characate sec_characate--heroes\">Helden<\/p>\r\n                            <p id=\"CHARA_1337_003\" class=\"sec_charanick\">Erstarkter Krieger<\/p>\r\n                            <p id=\"CHARA_1337_004\" class=\"sec_charaname\">Garcia<\/p>\r\n                            <p id=\"CHARA_1337_005\" class=\"sec_charaappearancetxt\">Erscheint in<\/p>\r\n                            <p id=\"CHARA_1337_006\" class=\"sec_charaappearancetxt\">Fire Emblem: The Sacred Stones<\/p>\r\n                        <\/div>\r\n                    <\/div>\r\n                <\/section>\r\n            <\/article>\r\n            <article>\r\n                <section class=\"sec sec_characterarea\">\r\n                    <div class=\"sec_h2chara\">\r\n                        <p id=\"CHARA_1337_007\" class=\"sec_h2charattl\">Sharena stellt vor!<\/p>\r\n                        <h2 id=\"CHARA_1337_008\" class=\"sec_h2charatxt\">Erstarkter Krieger Garcia<\/h2>\r\n                    <\/div>\r\n                    <dl class=\"sec_dl flex\">\r\n                        <dt id=\"CHARA_1337_009\" class=\"sec_dt\">Hier kommt Garcia, ein Held vom Kontinent Magvel! Er ist ein furchtloser Krieger, der fr\u00fcher einmal ein Kommandant in Renais&#8216; Armee war.<\/dt>\r\n                        <dd class=\"sec_dd\">\r\n                            <a href=\"https:\/\/guide.fire-emblem-heroes.com\/wp-content\/uploads\/garcia_warrior_reborn_pop01.png\" class=\"popup-image\">\r\n                                <img decoding=\"async\" src=\"https:\/\/guide.fire-emblem-heroes.com\/wp-content\/uploads\/garcia_warrior_reborn_info01.png\" alt=\"\" \/>\r\n                            <\/a>\r\n                        <\/dd>\r\n                        <dt id=\"CHARA_1337_010\" class=\"sec_dt\">Garcia hatte sich fr\u00fcher voll und ganz dem Kampf f\u00fcr sein Land verschrieben. Das \u00e4nderte sich aber, als seine Frau an einer Krankheit starb und er sich allein um ihren kleinen Sohn k\u00fcmmern musste. Garcia bereute, nie genug Zeit mit seiner Familie verbracht zu haben, und verlie\u00df die Armee.<\/dt>\r\n                        <dd class=\"sec_dd\">\r\n                            <a href=\"https:\/\/guide.fire-emblem-heroes.com\/wp-content\/uploads\/garcia_warrior_reborn_pop02.png\" class=\"popup-image\">\r\n                                <img decoding=\"async\" src=\"https:\/\/guide.fire-emblem-heroes.com\/wp-content\/uploads\/garcia_warrior_reborn_info02.png\" alt=\"\" \/>\r\n                            <\/a>\r\n                        <\/dd>\r\n                        <dt id=\"CHARA_1337_011\" class=\"sec_dt\">Er nahm seinen Sohn Ross mit in ein Dorf am Rande von Renais und zog ihn fernab von Streit und Krieg auf. Doch eines Tages \u00fcberfielen Banditen das Dorf und zwangen Garcia, erneut zu k\u00e4mpfen. Als Eirikas Armee eintraf, wehrte er mit ihren Truppen zusammen den Angriff ab.<\/dt>\r\n                        <dd class=\"sec_dd\">\r\n                            <a href=\"https:\/\/guide.fire-emblem-heroes.com\/wp-content\/uploads\/garcia_warrior_reborn_pop03.png\" class=\"popup-image\">\r\n                                <img decoding=\"async\" src=\"https:\/\/guide.fire-emblem-heroes.com\/wp-content\/uploads\/garcia_warrior_reborn_info03.png\" alt=\"\" \/>\r\n                            <\/a>\r\n                        <\/dd>\r\n                        <dt id=\"CHARA_1337_012\" class=\"sec_dt\">Danach wollte Garcia eigentlich sein ruhiges Leben in der Abgeschiedenheit wieder aufnehmen \u2013 doch eine Standpauke von Ross, der selbst zum Krieger herangewachsen war, inspirierte Garcia dazu, auf das Schlachtfeld zur\u00fcckzukehren. Und so entschied er sich, erneut f\u00fcr Renais zu k\u00e4mpfen, diesmal mit seinem geliebten Sohn an seiner Seite!<\/dt>\r\n                        <dd class=\"sec_dd\">\r\n                            <a href=\"https:\/\/guide.fire-emblem-heroes.com\/wp-content\/uploads\/garcia_warrior_reborn_pop04.png\" class=\"popup-image\">\r\n                                <img decoding=\"async\" src=\"https:\/\/guide.fire-emblem-heroes.com\/wp-content\/uploads\/garcia_warrior_reborn_info04.png\" alt=\"\" \/>\r\n                            <\/a>\r\n                        <\/dd>\r\n                    <\/dl>\r\n                    <h3 id=\"CHARA_1337_013\" class=\"sec_h3charatxt\">Beziehungen<\/h3>\r\n                    <h4 id=\"CHARA_1337_014\" class=\"sec_h4charatxt\">Ross<\/h4>\r\n                    <p id=\"CHARA_1337_015\" class=\"sec_charatxt\">Sohn von Garcia, einem Krieger von Renais. Ein direkter und ehrlicher Junge, der ohne Mutter aufwuchs und die F\u00e4higkeiten seines Vaters sehr bewundert.<\/p>\r\n                <\/section>\r\n            <\/article>\r\n        <\/main>","protected":false},"excerpt":{"rendered":"Helden Erstarkter Krieger Garcia Erscheint in Fire Emblem: The Sacred Stones Sharena stellt vor! Erstarkter Krieger Garcia Hier kommt Garcia, ein Held vom Kontinent Magvel! Er ist ein furchtloser Krieger, der fr\u00fcher einmal ein Kommandant in Renais&#8216; Armee war. Garcia hatte sich fr\u00fcher voll und ganz dem Kampf f\u00fcr sein Land verschrieben. Das \u00e4nderte sich [&hellip;]","protected":false},"author":1,"featured_media":64512,"comment_status":"closed","ping_status":"closed","sticky":false,"template":"","format":"standard","meta":{"advanced_seo_description":"","jetpack_seo_html_title":"","jetpack_seo_noindex":false,"_jetpack_newsletter_access":"","_jetpack_dont_email_post_to_subs":false,"_jetpack_newsletter_tier_id":0,"_jetpack_memberships_contains_paywalled_content":false,"_locale":"de_DE","_original_post":"https:\/\/guide.fire-emblem-heroes.com\/?p=64439","_jetpack_memberships_contains_paid_content":false,"footnotes":"","jetpack_publicize_message":"","jetpack_publicize_feature_enabled":true,"jetpack_social_post_already_shared":false,"jetpack_social_options":{"image_generator_settings":{"template":"highway","default_image_id":0,"font":"","enabled":false},"version":2},"_wpas_customize_per_network":false,"jetpack_post_was_ever_published":false},"categories":[1384,1428,1415,1390],"tags":[1417],"class_list":["post-64442","post","type-post","status-publish","format-standard","has-post-thumbnail","hentry","category-character","category-ex_works_the_sacred_stones","category-heroes","category-stay_heroes","tag-helden","de-DE"],"jetpack_publicize_connections":[],"jetpack_featured_media_url":"https:\/\/guide.fire-emblem-heroes.com\/wp-content\/uploads\/garcia_warrior_reborn.png","jetpack_sharing_enabled":false,"jetpack_shortlink":"https:\/\/wp.me\/pa0Mj3-gLo","jetpack_likes_enabled":false,"amp_enabled":false,"_links":{"self":[{"href":"https:\/\/guide.fire-emblem-heroes.com\/wp-json\/wp\/v2\/posts\/64442","targetHints":{"allow":["GET"]}}],"collection":[{"href":"https:\/\/guide.fire-emblem-heroes.com\/wp-json\/wp\/v2\/posts"}],"about":[{"href":"https:\/\/guide.fire-emblem-heroes.com\/wp-json\/wp\/v2\/types\/post"}],"author":[{"embeddable":true,"href":"https:\/\/guide.fire-emblem-heroes.com\/wp-json\/wp\/v2\/users\/1"}],"replies":[{"embeddable":true,"href":"https:\/\/guide.fire-emblem-heroes.com\/wp-json\/wp\/v2\/comments?post=64442"}],"version-history":[{"count":1,"href":"https:\/\/guide.fire-emblem-heroes.com\/wp-json\/wp\/v2\/posts\/64442\/revisions"}],"predecessor-version":[{"id":64451,"href":"https:\/\/guide.fire-emblem-heroes.com\/wp-json\/wp\/v2\/posts\/64442\/revisions\/64451"}],"wp:featuredmedia":[{"embeddable":true,"href":"https:\/\/guide.fire-emblem-heroes.com\/wp-json\/wp\/v2\/media\/64512"}],"wp:attachment":[{"href":"https:\/\/guide.fire-emblem-heroes.com\/wp-json\/wp\/v2\/media?parent=64442"}],"wp:term":[{"taxonomy":"category","embeddable":true,"href":"https:\/\/guide.fire-emblem-heroes.com\/wp-json\/wp\/v2\/categories?post=64442"},{"taxonomy":"post_tag","embeddable":true,"href":"https:\/\/guide.fire-emblem-heroes.com\/wp-json\/wp\/v2\/tags?post=64442"}],"curies":[{"name":"wp","href":"https:\/\/api.w.org\/{rel}","templated":true}]}}