






{"id":65092,"date":"2026-02-13T11:36:04","date_gmt":"2026-02-13T02:36:04","guid":{"rendered":"https:\/\/guide.fire-emblem-heroes.com\/?p=65092"},"modified":"2026-03-09T17:29:14","modified_gmt":"2026-03-09T08:29:14","slug":"02002001001349-2","status":"publish","type":"post","link":"https:\/\/guide.fire-emblem-heroes.com\/de\/02002001001349-2\/","title":{"rendered":"<span class=\"character_nick\">Holde Grazien<\/span><span class=\"character_name\">Celica<\/span>"},"content":{"rendered":"<main id=\"CHARA_1349\" class=\"main_page character\">\r\n            <article>\r\n                <section class=\"sec sec_character\">\r\n                    <ul class=\"sec_ul sec_ul--character slick-box\">\r\n                        <li class=\"sec_li sec_li--character\">\r\n                            <img decoding=\"async\" src=\"https:\/\/guide.fire-emblem-heroes.com\/wp-content\/uploads\/cellica_with_grace_slide01.png\" alt=\"\" \/>\r\n                        <\/li>\r\n                        <li class=\"sec_li sec_li--character\">\r\n                            <img decoding=\"async\" src=\"https:\/\/guide.fire-emblem-heroes.com\/wp-content\/uploads\/cellica_with_grace_slide02.png\" alt=\"\" \/>\r\n                        <\/li>\r\n                        <li class=\"sec_li sec_li--character\">\r\n                            <img decoding=\"async\" src=\"https:\/\/guide.fire-emblem-heroes.com\/wp-content\/uploads\/cellica_with_grace_slide03.png\" alt=\"\" \/>\r\n                        <\/li>\r\n                        <li class=\"sec_li sec_li--character\">\r\n                            <img decoding=\"async\" src=\"https:\/\/guide.fire-emblem-heroes.com\/wp-content\/uploads\/cellica_with_grace_slide04.png\" alt=\"\" \/>\r\n                        <\/li>\r\n                    <\/ul>\r\n                    <div class=\"sec_charainfoarea flex\">\r\n                        <div class=\"sec_gif\"><img loading=\"lazy\" decoding=\"async\" src=\"https:\/\/guide.fire-emblem-heroes.com\/wp-content\/uploads\/cellica_with_grace.png\" alt=\"\" width=\"210\" height=\"190\"\/><\/div>\r\n                        <div class=\"sec_charainfo\">\r\n                            <p id=\"CHARA_1349_002\" class=\"sec_characate sec_characate sec_characate--harmonized_hero\">Harmoniehelden<\/p>\r\n                            <p id=\"CHARA_1349_003\" class=\"sec_charanick\">Holde Grazien<\/p>\r\n                            <p id=\"CHARA_1349_004\" class=\"sec_charaname\">Celica<\/p>\r\n                            <p id=\"CHARA_1349_005\" class=\"sec_charaappearancetxt\">Erscheint in<\/p>\r\n                            <p id=\"CHARA_1349_006\" class=\"sec_charaappearancetxt\">Fire Emblem Echoes: Shadows of Valentia<br \/>Fire Emblem Heroes<\/p>\r\n                        <\/div>\r\n                    <\/div>\r\n                <\/section>\r\n            <\/article>\r\n            <article>\r\n                <section class=\"sec sec_characterarea\">\r\n                    <div class=\"sec_h2chara\">\r\n                        <p id=\"CHARA_1349_007\" class=\"sec_h2charattl\">Sharena stellt vor!<\/p>\r\n                        <h2 id=\"CHARA_1349_008\" class=\"sec_h2charatxt\">Holde Grazien Celica<\/h2>\r\n                    <\/div>\r\n                    <dl class=\"sec_dl flex\">\r\n                        <dt id=\"CHARA_1349_009\" class=\"sec_dt\">Celica stammt aus dem K\u00f6nigreich Zofia in Valentia, w\u00e4hrend die Veronica, die du hier siehst, aus dem Embla einer anderen Welt stammt. Jetzt haben die beiden Prinzessinnen in Askr Freundschaft geschlossen!<\/dt>\r\n                        <dd class=\"sec_dd\">\r\n                            <a href=\"https:\/\/guide.fire-emblem-heroes.com\/wp-content\/uploads\/cellica_with_grace_pop01.png\" class=\"popup-image\">\r\n                                <img decoding=\"async\" src=\"https:\/\/guide.fire-emblem-heroes.com\/wp-content\/uploads\/cellica_with_grace_info01.png\" alt=\"\" \/>\r\n                            <\/a>\r\n                        <\/dd>\r\n                        <dt id=\"CHARA_1349_010\" class=\"sec_dt\">Hier tr\u00e4gt Celica eine leichte R\u00fcstung und ist mit einem Einhandschwert ausger\u00fcstet. Mit ihrem im Wind flatternden Umhang sieht sie richtig heldenhaft aus!<\/dt>\r\n                        <dd class=\"sec_dd\">\r\n                            <a href=\"https:\/\/guide.fire-emblem-heroes.com\/wp-content\/uploads\/cellica_with_grace_pop02.png\" class=\"popup-image\">\r\n                                <img decoding=\"async\" src=\"https:\/\/guide.fire-emblem-heroes.com\/wp-content\/uploads\/cellica_with_grace_info02.png\" alt=\"\" \/>\r\n                            <\/a>\r\n                        <\/dd>\r\n                        <dt id=\"CHARA_1349_011\" class=\"sec_dt\">Veronicas Outfit ist ganz anders als Celicas \u2013 sie tr\u00e4gt eine schwere R\u00fcstung und einen gewaltigen Stab. Dazu kommt, dass sie sich ein wenig anders verh\u00e4lt als unsere Veronica&#8230; aber sie kommt ja auch aus einer anderen Welt!<\/dt>\r\n                        <dd class=\"sec_dd\">\r\n                            <a href=\"https:\/\/guide.fire-emblem-heroes.com\/wp-content\/uploads\/cellica_with_grace_pop03.png\" class=\"popup-image\">\r\n                                <img decoding=\"async\" src=\"https:\/\/guide.fire-emblem-heroes.com\/wp-content\/uploads\/cellica_with_grace_info03.png\" alt=\"\" \/>\r\n                            <\/a>\r\n                        <\/dd>\r\n                        <dt id=\"CHARA_1349_012\" class=\"sec_dt\">Celica und Veronica scheinen sich sehr zu freuen, dass sie hier in Askr Freundinnen geworden sind. Wenn es stimmt, was man mir berichtet, dann trinken sie zusammen Tee und plaudern, wenn sie nicht gerade in den Kampf ziehen m\u00fcssen!<\/dt>\r\n                        <dd class=\"sec_dd\">\r\n                            <a href=\"https:\/\/guide.fire-emblem-heroes.com\/wp-content\/uploads\/cellica_with_grace_pop04.png\" class=\"popup-image\">\r\n                                <img decoding=\"async\" src=\"https:\/\/guide.fire-emblem-heroes.com\/wp-content\/uploads\/cellica_with_grace_info04.png\" alt=\"\" \/>\r\n                            <\/a>\r\n                        <\/dd>\r\n                    <\/dl>\r\n                    <h3 id=\"CHARA_1349_013\" class=\"sec_h3charatxt\">Beziehungen<\/h3>\r\n                    <h4 id=\"CHARA_1349_014\" class=\"sec_h4charatxt\">Alm<\/h4>\r\n                    <p id=\"CHARA_1349_015\" class=\"sec_charatxt\">Ein tapferer Krieger, der vom Helden Mycen in Ram gro\u00dfgezogen wurde. Auf seiner linken Hand befindet sich das Mal. Ist seit seiner Kindheit mit Celica befreundet.<\/p>\r\n                    <h4 id=\"CHARA_1349_016\" class=\"sec_h4charatxt\">Bruno<\/h4>\r\n                    <p id=\"CHARA_1349_017\" class=\"sec_charatxt\">Ehemaliges Mitglied der W\u00e4chter von Askr und mit Prinz Alfonse befreundet. Geh\u00f6rt zur emblanischen K\u00f6nigsfamilie und ist Veronicas \u00e4lterer Bruder.<\/p>\r\n                <\/section>\r\n            <\/article>\r\n        <\/main>","protected":false},"excerpt":{"rendered":"Harmoniehelden Holde Grazien Celica Erscheint in Fire Emblem Echoes: Shadows of ValentiaFire Emblem Heroes Sharena stellt vor! Holde Grazien Celica Celica stammt aus dem K\u00f6nigreich Zofia in Valentia, w\u00e4hrend die Veronica, die du hier siehst, aus dem Embla einer anderen Welt stammt. Jetzt haben die beiden Prinzessinnen in Askr Freundschaft geschlossen! Hier tr\u00e4gt Celica eine [&hellip;]","protected":false},"author":1,"featured_media":65143,"comment_status":"closed","ping_status":"closed","sticky":false,"template":"","format":"standard","meta":{"advanced_seo_description":"","jetpack_seo_html_title":"","jetpack_seo_noindex":false,"_jetpack_newsletter_access":"","_jetpack_dont_email_post_to_subs":false,"_jetpack_newsletter_tier_id":0,"_jetpack_memberships_contains_paywalled_content":false,"_locale":"de_DE","_original_post":"https:\/\/guide.fire-emblem-heroes.com\/?p=65089","_jetpack_memberships_contains_paid_content":false,"footnotes":"","jetpack_publicize_message":"","jetpack_publicize_feature_enabled":true,"jetpack_social_post_already_shared":false,"jetpack_social_options":{"image_generator_settings":{"template":"highway","default_image_id":0,"font":"","enabled":false},"version":2},"_wpas_customize_per_network":false,"jetpack_post_was_ever_published":false},"categories":[1384,1425,1464,1390],"tags":[1466],"class_list":["post-65092","post","type-post","status-publish","format-standard","has-post-thumbnail","hentry","category-character","category-ex_works_shadows_of_valentia","category-harmonized_heroes","category-stay_heroes","tag-harmoniehelden","de-DE"],"jetpack_publicize_connections":[],"jetpack_featured_media_url":"https:\/\/guide.fire-emblem-heroes.com\/wp-content\/uploads\/cellica_with_grace.png","jetpack_sharing_enabled":false,"jetpack_shortlink":"https:\/\/wp.me\/pa0Mj3-gVS","jetpack_likes_enabled":false,"amp_enabled":false,"_links":{"self":[{"href":"https:\/\/guide.fire-emblem-heroes.com\/wp-json\/wp\/v2\/posts\/65092","targetHints":{"allow":["GET"]}}],"collection":[{"href":"https:\/\/guide.fire-emblem-heroes.com\/wp-json\/wp\/v2\/posts"}],"about":[{"href":"https:\/\/guide.fire-emblem-heroes.com\/wp-json\/wp\/v2\/types\/post"}],"author":[{"embeddable":true,"href":"https:\/\/guide.fire-emblem-heroes.com\/wp-json\/wp\/v2\/users\/1"}],"replies":[{"embeddable":true,"href":"https:\/\/guide.fire-emblem-heroes.com\/wp-json\/wp\/v2\/comments?post=65092"}],"version-history":[{"count":2,"href":"https:\/\/guide.fire-emblem-heroes.com\/wp-json\/wp\/v2\/posts\/65092\/revisions"}],"predecessor-version":[{"id":65170,"href":"https:\/\/guide.fire-emblem-heroes.com\/wp-json\/wp\/v2\/posts\/65092\/revisions\/65170"}],"wp:featuredmedia":[{"embeddable":true,"href":"https:\/\/guide.fire-emblem-heroes.com\/wp-json\/wp\/v2\/media\/65143"}],"wp:attachment":[{"href":"https:\/\/guide.fire-emblem-heroes.com\/wp-json\/wp\/v2\/media?parent=65092"}],"wp:term":[{"taxonomy":"category","embeddable":true,"href":"https:\/\/guide.fire-emblem-heroes.com\/wp-json\/wp\/v2\/categories?post=65092"},{"taxonomy":"post_tag","embeddable":true,"href":"https:\/\/guide.fire-emblem-heroes.com\/wp-json\/wp\/v2\/tags?post=65092"}],"curies":[{"name":"wp","href":"https:\/\/api.w.org\/{rel}","templated":true}]}}