






{"id":8703,"date":"2019-03-15T20:23:27","date_gmt":"2019-03-15T11:23:27","guid":{"rendered":"https:\/\/guide.fire-emblem-heroes.com\/?p=8703"},"modified":"2019-07-09T15:58:59","modified_gmt":"2019-07-09T06:58:59","slug":"00001004000357","status":"publish","type":"post","link":"https:\/\/guide.fire-emblem-heroes.com\/de\/00001004000357\/","title":{"rendered":"<span class=\"character_nick\">Maskierter Hase<\/span><span class=\"character_name\">Bruno<\/span>"},"content":{"rendered":"<main id=\"chara_034\" class=\"main_page character\">\r\n    <article>\r\n        <section class=\"sec sec_character\">\r\n            <ul class=\"sec_ul sec_ul--character slick-box\">\r\n                <li class=\"sec_li sec_li--character\">\r\n                    <img decoding=\"async\" src=\"https:\/\/guide.fire-emblem-heroes.com\/wp-content\/uploads\/bruno_masked_hare_slide01.png\" alt=\"\" \/>\r\n                <\/li>\r\n                <li class=\"sec_li sec_li--character\">\r\n                    <img decoding=\"async\" src=\"https:\/\/guide.fire-emblem-heroes.com\/wp-content\/uploads\/bruno_masked_hare_slide02.png\" alt=\"\" \/>\r\n                <\/li>\r\n                <li class=\"sec_li sec_li--character\">\r\n                    <img decoding=\"async\" src=\"https:\/\/guide.fire-emblem-heroes.com\/wp-content\/uploads\/bruno_masked_hare_slide03.png\" alt=\"\" \/>\r\n                <\/li>\r\n                <li class=\"sec_li sec_li--character\">\r\n                    <img decoding=\"async\" src=\"https:\/\/guide.fire-emblem-heroes.com\/wp-content\/uploads\/bruno_masked_hare_slide04.png\" alt=\"\" \/>\r\n                <\/li>\r\n            <\/ul>\r\n            <div class=\"sec_charainfoarea flex\">\r\n                <div class=\"sec_gif\"><img loading=\"lazy\" decoding=\"async\" src=\"https:\/\/guide.fire-emblem-heroes.com\/wp-content\/uploads\/bruno_masked_hare.png\" alt=\"\" width=\"210\" height=\"190\"\/><\/div>\r\n                <div class=\"sec_charainfo\">\r\n                    <p id=\"CHARA_034_002\" class=\"sec_characate sec_characate--special_heroes\">Spezialhelden<\/p>\r\n                    <p id=\"CHARA_034_003\" class=\"sec_charanick\">Maskierter Hase<\/p>\r\n                    <p id=\"CHARA_034_004\" class=\"sec_charaname\">Bruno<\/p>\r\n                    <p id=\"CHARA_034_005\" class=\"sec_charaappearancetxt\">Erscheint in<\/p>\r\n                    <p id=\"CHARA_034_006\" class=\"sec_charaappearancetxt\">Fire Emblem Heroes<\/p>\r\n                <\/div>\r\n            <\/div>\r\n        <\/section>\r\n    <\/article>\r\n    <article>\r\n        <section class=\"sec sec_characterarea\">\r\n            <div class=\"sec_h2chara\">\r\n                <p id=\"CHARA_034_007\" class=\"sec_h2charattl\">Sharena stellt vor!<\/p>\r\n                <h2 id=\"CHARA_034_008\" class=\"sec_h2charatxt\">Maskierter Hase Bruno<\/h2>\r\n            <\/div>\r\n            <dl class=\"sec_dl flex\">\r\n                <dt id=\"CHARA_034_009\" class=\"sec_dt\">Bruno kennt ihr alle als Ritter und Prinzen von Embla, aber beim Fr\u00fchlingsfest k\u00f6nnt ihr ihn von einer ganz neuen Seite kennenlernen!<\/dt>\r\n                <dd class=\"sec_dd\">\r\n                    <a href=\"https:\/\/guide.fire-emblem-heroes.com\/wp-content\/uploads\/bruno_masked_hare_pop01.png\" class=\"popup-image\">\r\n                        <img decoding=\"async\" src=\"https:\/\/guide.fire-emblem-heroes.com\/wp-content\/uploads\/bruno_masked_hare_info01.png\" alt=\"\" \/>\r\n                    <\/a>\r\n                <\/dd>\r\n                <dt id=\"CHARA_034_010\" class=\"sec_dt\">Zu Ehren des Fr\u00fchlingsanfangs hat Bruno seine schwere R\u00fcstung gegen wei\u00dfe formelle Kleidung eingetauscht.<\/dt>\r\n                <dd class=\"sec_dd\">\r\n                    <a href=\"https:\/\/guide.fire-emblem-heroes.com\/wp-content\/uploads\/bruno_masked_hare_pop02.png\" class=\"popup-image\">\r\n                        <img decoding=\"async\" src=\"https:\/\/guide.fire-emblem-heroes.com\/wp-content\/uploads\/bruno_masked_hare_info02.png\" alt=\"\" \/>\r\n                    <\/a>\r\n                <\/dd>\r\n                <dt id=\"CHARA_034_011\" class=\"sec_dt\">Das Highlight sind nat\u00fcrlich die Hasenohren, die er tr\u00e4gt! Das ist schon ein erfrischender Look f\u00fcr jemanden, der sonst immer so ernst und distanziert ist!<\/dt>\r\n                <dd class=\"sec_dd\">\r\n                    <a href=\"https:\/\/guide.fire-emblem-heroes.com\/wp-content\/uploads\/bruno_masked_hare_pop03.png\" class=\"popup-image\">\r\n                        <img decoding=\"async\" src=\"https:\/\/guide.fire-emblem-heroes.com\/wp-content\/uploads\/bruno_masked_hare_info03.png\" alt=\"\" \/>\r\n                    <\/a>\r\n                <\/dd>\r\n                <dt id=\"CHARA_034_012\" class=\"sec_dt\">Seine Maske verbirgt seinen Gesichtsausdruck, aber ich bin mir sicher, dass er innerlich l\u00e4chelt.<\/dt>\r\n                <dd class=\"sec_dd\">\r\n                    <a href=\"https:\/\/guide.fire-emblem-heroes.com\/wp-content\/uploads\/bruno_masked_hare_pop04.png\" class=\"popup-image\">\r\n                        <img decoding=\"async\" src=\"https:\/\/guide.fire-emblem-heroes.com\/wp-content\/uploads\/bruno_masked_hare_info04.png\" alt=\"\" \/>\r\n                    <\/a>\r\n                <\/dd>\r\n            <\/dl>\r\n            <h3 id=\"CHARA_034_013\" class=\"sec_h3charatxt\">Beziehungen<\/h3>\r\n            <h4 id=\"CHARA_034_014\" class=\"sec_h4charatxt\">Veronica<\/h4>\r\n            <p id=\"CHARA_034_015\" class=\"sec_charatxt\">Brunos j\u00fcngere Schwester und Prinzessin von Embla. Auf dem Fr\u00fchlingsfest unterst\u00fctzt sie ihn, indem sie ebenfalls in einem H\u00e4schenkost\u00fcm teilnimmt.<\/p>\r\n        <\/section>\r\n    <\/article>\r\n<\/main>","protected":false},"excerpt":{"rendered":"Spezialhelden Maskierter Hase Bruno Erscheint in Fire Emblem Heroes Sharena stellt vor! Maskierter Hase Bruno Bruno kennt ihr alle als Ritter und Prinzen von Embla, aber beim Fr\u00fchlingsfest k\u00f6nnt ihr ihn von einer ganz neuen Seite kennenlernen! Zu Ehren des Fr\u00fchlingsanfangs hat Bruno seine schwere R\u00fcstung gegen wei\u00dfe formelle Kleidung eingetauscht. Das Highlight sind nat\u00fcrlich [&hellip;]","protected":false},"author":1,"featured_media":8722,"comment_status":"closed","ping_status":"closed","sticky":false,"template":"","format":"standard","meta":{"advanced_seo_description":"","jetpack_seo_html_title":"","jetpack_seo_noindex":false,"_jetpack_newsletter_access":"","_jetpack_dont_email_post_to_subs":false,"_jetpack_newsletter_tier_id":0,"_jetpack_memberships_contains_paywalled_content":false,"_locale":"de_DE","_original_post":"8628","_jetpack_memberships_contains_paid_content":false,"footnotes":"","jetpack_publicize_message":"","jetpack_publicize_feature_enabled":true,"jetpack_social_post_already_shared":true,"jetpack_social_options":{"image_generator_settings":{"template":"highway","default_image_id":0,"font":"","enabled":false},"version":2},"_wpas_customize_per_network":false,"jetpack_post_was_ever_published":false},"categories":[1384,1423,1405,1390],"tags":[1407],"class_list":["post-8703","post","type-post","status-publish","format-standard","has-post-thumbnail","hentry","category-character","category-ex_works_heroes","category-special_heroes","category-stay_heroes","tag-spezialhelden","de-DE"],"jetpack_publicize_connections":[],"jetpack_featured_media_url":"https:\/\/guide.fire-emblem-heroes.com\/wp-content\/uploads\/bruno_masked_hare.png","jetpack_sharing_enabled":false,"jetpack_shortlink":"https:\/\/wp.me\/pa0Mj3-2gn","jetpack_likes_enabled":false,"amp_enabled":true,"_links":{"self":[{"href":"https:\/\/guide.fire-emblem-heroes.com\/wp-json\/wp\/v2\/posts\/8703","targetHints":{"allow":["GET"]}}],"collection":[{"href":"https:\/\/guide.fire-emblem-heroes.com\/wp-json\/wp\/v2\/posts"}],"about":[{"href":"https:\/\/guide.fire-emblem-heroes.com\/wp-json\/wp\/v2\/types\/post"}],"author":[{"embeddable":true,"href":"https:\/\/guide.fire-emblem-heroes.com\/wp-json\/wp\/v2\/users\/1"}],"replies":[{"embeddable":true,"href":"https:\/\/guide.fire-emblem-heroes.com\/wp-json\/wp\/v2\/comments?post=8703"}],"version-history":[{"count":1,"href":"https:\/\/guide.fire-emblem-heroes.com\/wp-json\/wp\/v2\/posts\/8703\/revisions"}],"predecessor-version":[{"id":8712,"href":"https:\/\/guide.fire-emblem-heroes.com\/wp-json\/wp\/v2\/posts\/8703\/revisions\/8712"}],"wp:featuredmedia":[{"embeddable":true,"href":"https:\/\/guide.fire-emblem-heroes.com\/wp-json\/wp\/v2\/media\/8722"}],"wp:attachment":[{"href":"https:\/\/guide.fire-emblem-heroes.com\/wp-json\/wp\/v2\/media?parent=8703"}],"wp:term":[{"taxonomy":"category","embeddable":true,"href":"https:\/\/guide.fire-emblem-heroes.com\/wp-json\/wp\/v2\/categories?post=8703"},{"taxonomy":"post_tag","embeddable":true,"href":"https:\/\/guide.fire-emblem-heroes.com\/wp-json\/wp\/v2\/tags?post=8703"}],"curies":[{"name":"wp","href":"https:\/\/api.w.org\/{rel}","templated":true}]}}