






{"id":30131,"date":"2021-11-26T12:18:27","date_gmt":"2021-11-26T03:18:27","guid":{"rendered":"https:\/\/guide.fire-emblem-heroes.com\/?p=30131"},"modified":"2021-12-28T13:36:09","modified_gmt":"2021-12-28T04:36:09","slug":"00005009000736-2","status":"publish","type":"post","link":"https:\/\/guide.fire-emblem-heroes.com\/en-GB\/00005009000736-2\/","title":{"rendered":"<span class=\"character_nick\">Youthful Sage<\/span><span class=\"character_name\">Eitri<\/span>"},"content":{"rendered":"<main id=\"CHARA_548\" class=\"main_page character\">\r\n            <article>\r\n                <section class=\"sec sec_character\">\r\n                    <ul class=\"sec_ul sec_ul--character slick-box\">\r\n                        <li class=\"sec_li sec_li--character\">\r\n                            <img decoding=\"async\" src=\"https:\/\/guide.fire-emblem-heroes.com\/wp-content\/uploads\/eitri_youthful_sage_slide01.png\" alt=\"\" \/>\r\n                        <\/li>\r\n                        <li class=\"sec_li sec_li--character\">\r\n                            <img decoding=\"async\" src=\"https:\/\/guide.fire-emblem-heroes.com\/wp-content\/uploads\/eitri_youthful_sage_slide02.png\" alt=\"\" \/>\r\n                        <\/li>\r\n                        <li class=\"sec_li sec_li--character\">\r\n                            <img decoding=\"async\" src=\"https:\/\/guide.fire-emblem-heroes.com\/wp-content\/uploads\/eitri_youthful_sage_slide03.png\" alt=\"\" \/>\r\n                        <\/li>\r\n                        <li class=\"sec_li sec_li--character\">\r\n                            <img decoding=\"async\" src=\"https:\/\/guide.fire-emblem-heroes.com\/wp-content\/uploads\/eitri_youthful_sage_slide04.png\" alt=\"\" \/>\r\n                        <\/li>\r\n                    <\/ul>\r\n                    <div class=\"sec_charainfoarea flex\">\r\n                        <div class=\"sec_gif\"><img loading=\"lazy\" decoding=\"async\" src=\"https:\/\/guide.fire-emblem-heroes.com\/wp-content\/uploads\/eitri_youthful_sage.png\" alt=\"\" width=\"210\" height=\"190\"\/><\/div>\r\n                        <div class=\"sec_charainfo\">\r\n                            <p id=\"CHARA_548_002\" class=\"sec_characate sec_characate--legendary_heroes\">Legendary Hero<\/p>\r\n                            <p id=\"CHARA_548_003\" class=\"sec_charanick\">Youthful Sage<\/p>\r\n                            <p id=\"CHARA_548_004\" class=\"sec_charaname\">Eitri<\/p>\r\n                            <p id=\"CHARA_548_005\" class=\"sec_charaappearancetxt\">Appears in<\/p>\r\n                            <p id=\"CHARA_548_006\" class=\"sec_charaappearancetxt\">Fire Emblem Heroes<\/p>\r\n                        <\/div>\r\n                    <\/div>\r\n                <\/section>\r\n            <\/article>\r\n            <article>\r\n                <section class=\"sec sec_characterarea\">\r\n                    <div class=\"sec_h2chara\">\r\n                        <p id=\"CHARA_548_007\" class=\"sec_h2charattl\">Let Sharena Introduce You!<\/p>\r\n                        <h2 id=\"CHARA_548_008\" class=\"sec_h2charatxt\">Youthful Sage Eitri<\/h2>\r\n                    <\/div>\r\n                    <dl class=\"sec_dl flex\">\r\n                        <dt id=\"CHARA_548_009\" class=\"sec_dt\">The adorable Eitri is one of Ni\u00f0avellir&#8217;s top scholars\u2014there&#8217;s no greater authority on sei\u00f0j\u00e1rn than her!<\/dt>\r\n                        <dd class=\"sec_dd\">\r\n                            <a href=\"https:\/\/guide.fire-emblem-heroes.com\/wp-content\/uploads\/eitri_youthful_sage_pop01.png\" class=\"popup-image\">\r\n                                <img decoding=\"async\" src=\"https:\/\/guide.fire-emblem-heroes.com\/wp-content\/uploads\/eitri_youthful_sage_info01.png\" alt=\"\" \/>\r\n                            <\/a>\r\n                        <\/dd>\r\n                        <dt id=\"CHARA_548_010\" class=\"sec_dt\">Eitri spends her time carrying out research in a secluded corner of Ni\u00f0avellir known as the sage&#8217;s forest. When we went to see her, we were given quite the welcome&#8230;by which I mean the forest was filled with a whole bunch of traps.<\/dt>\r\n                        <dd class=\"sec_dd\">\r\n                            <a href=\"https:\/\/guide.fire-emblem-heroes.com\/wp-content\/uploads\/eitri_youthful_sage_pop02.png\" class=\"popup-image\">\r\n                                <img decoding=\"async\" src=\"https:\/\/guide.fire-emblem-heroes.com\/wp-content\/uploads\/eitri_youthful_sage_info02.png\" alt=\"\" \/>\r\n                            <\/a>\r\n                        <\/dd>\r\n                        <dt id=\"CHARA_548_011\" class=\"sec_dt\">Reginn asked Eitri for help in putting an end to F\u00e1fnir&#8217;s invasion. She agreed to devise a plan to defeat him, provided that we bring her the magic sword Gramr!<\/dt>\r\n                        <dd class=\"sec_dd\">\r\n                            <a href=\"https:\/\/guide.fire-emblem-heroes.com\/wp-content\/uploads\/eitri_youthful_sage_pop03.png\" class=\"popup-image\">\r\n                                <img decoding=\"async\" src=\"https:\/\/guide.fire-emblem-heroes.com\/wp-content\/uploads\/eitri_youthful_sage_info03.png\" alt=\"\" \/>\r\n                            <\/a>\r\n                        <\/dd>\r\n                        <dt id=\"CHARA_548_012\" class=\"sec_dt\">Eitri&#8217;s knowledge of sei\u00f0j\u00e1rn will be essential if we&#8217;re going to put the brakes on F\u00e1fnir&#8217;s invasions of other kingdoms. We&#8217;ve got to secure her aid, not just for us, but for the sake of Ni\u00f0avellir as well!<\/dt>\r\n                        <dd class=\"sec_dd\">\r\n                            <a href=\"https:\/\/guide.fire-emblem-heroes.com\/wp-content\/uploads\/eitri_youthful_sage_pop04.png\" class=\"popup-image\">\r\n                                <img decoding=\"async\" src=\"https:\/\/guide.fire-emblem-heroes.com\/wp-content\/uploads\/eitri_youthful_sage_info04.png\" alt=\"\" \/>\r\n                            <\/a>\r\n                        <\/dd>\r\n                    <\/dl>\r\n                    <h3 id=\"CHARA_548_013\" class=\"sec_h3charatxt\">Closely Associated Characters<\/h3>\r\n                    <h4 id=\"CHARA_548_014\" class=\"sec_h4charatxt\">Reginn<\/h4>\r\n                    <p id=\"CHARA_548_015\" class=\"sec_charatxt\">Adoptive sister of Ni\u00f0avellir&#8217;s king, F\u00e1fnir. Chooses to work together with Askr to stop her suddenly changing brother. She asks for Eitri&#8217;s aid in stopping F\u00e1fnir&#8217;s rampage.<\/p>\r\n                    <h4 id=\"CHARA_548_016\" class=\"sec_h4charatxt\">F\u00e1fnir<\/h4>\r\n                    <p id=\"CHARA_548_017\" class=\"sec_charatxt\">King of Ni\u00f0avellir who rose from his station as a lowly soldier. Remembers nothing of his past, but Eitri seems to know something about it.<\/p>\r\n                <\/section>\r\n            <\/article>\r\n        <\/main>","protected":false},"excerpt":{"rendered":"Legendary Hero Youthful Sage Eitri Appears in Fire Emblem Heroes Let Sharena Introduce You! Youthful Sage Eitri The adorable Eitri is one of Ni\u00f0avellir&#8217;s top scholars\u2014there&#8217;s no greater authority on sei\u00f0j\u00e1rn than her! Eitri spends her time carrying out research in a secluded corner of Ni\u00f0avellir known as the sage&#8217;s forest. When we went to [&hellip;]","protected":false},"author":1,"featured_media":30225,"comment_status":"closed","ping_status":"closed","sticky":false,"template":"","format":"standard","meta":{"advanced_seo_description":"","jetpack_seo_html_title":"","jetpack_seo_noindex":false,"_jetpack_newsletter_access":"","_jetpack_dont_email_post_to_subs":false,"_jetpack_newsletter_tier_id":0,"_jetpack_memberships_contains_paywalled_content":false,"_locale":"en_GB","_original_post":"https:\/\/guide.fire-emblem-heroes.com\/?p=30127","_jetpack_memberships_contains_paid_content":false,"footnotes":"","jetpack_publicize_message":"","jetpack_publicize_feature_enabled":true,"jetpack_social_post_already_shared":true,"jetpack_social_options":{"image_generator_settings":{"template":"highway","default_image_id":0,"font":"","enabled":false},"version":2},"_wpas_customize_per_network":false,"jetpack_post_was_ever_published":false},"categories":[1384,1423,1390,1388],"tags":[1394],"class_list":["post-30131","post","type-post","status-publish","format-standard","has-post-thumbnail","hentry","category-character","category-ex_works_heroes","category-stay_heroes","category-legendary_heroes","tag-legendary-hero","en-GB"],"jetpack_publicize_connections":[],"jetpack_featured_media_url":"https:\/\/guide.fire-emblem-heroes.com\/wp-content\/uploads\/eitri_youthful_sage.png","jetpack_sharing_enabled":false,"jetpack_shortlink":"https:\/\/wp.me\/pa0Mj3-7PZ","jetpack_likes_enabled":false,"amp_enabled":false,"_links":{"self":[{"href":"https:\/\/guide.fire-emblem-heroes.com\/wp-json\/wp\/v2\/posts\/30131","targetHints":{"allow":["GET"]}}],"collection":[{"href":"https:\/\/guide.fire-emblem-heroes.com\/wp-json\/wp\/v2\/posts"}],"about":[{"href":"https:\/\/guide.fire-emblem-heroes.com\/wp-json\/wp\/v2\/types\/post"}],"author":[{"embeddable":true,"href":"https:\/\/guide.fire-emblem-heroes.com\/wp-json\/wp\/v2\/users\/1"}],"replies":[{"embeddable":true,"href":"https:\/\/guide.fire-emblem-heroes.com\/wp-json\/wp\/v2\/comments?post=30131"}],"version-history":[{"count":2,"href":"https:\/\/guide.fire-emblem-heroes.com\/wp-json\/wp\/v2\/posts\/30131\/revisions"}],"predecessor-version":[{"id":31113,"href":"https:\/\/guide.fire-emblem-heroes.com\/wp-json\/wp\/v2\/posts\/30131\/revisions\/31113"}],"wp:featuredmedia":[{"embeddable":true,"href":"https:\/\/guide.fire-emblem-heroes.com\/wp-json\/wp\/v2\/media\/30225"}],"wp:attachment":[{"href":"https:\/\/guide.fire-emblem-heroes.com\/wp-json\/wp\/v2\/media?parent=30131"}],"wp:term":[{"taxonomy":"category","embeddable":true,"href":"https:\/\/guide.fire-emblem-heroes.com\/wp-json\/wp\/v2\/categories?post=30131"},{"taxonomy":"post_tag","embeddable":true,"href":"https:\/\/guide.fire-emblem-heroes.com\/wp-json\/wp\/v2\/tags?post=30131"}],"curies":[{"name":"wp","href":"https:\/\/api.w.org\/{rel}","templated":true}]}}