






{"id":12710,"date":"2019-10-07T13:31:47","date_gmt":"2019-10-07T04:31:47","guid":{"rendered":"https:\/\/guide.fire-emblem-heroes.com\/?p=12710"},"modified":"2019-11-08T16:23:23","modified_gmt":"2019-11-08T07:23:23","slug":"06001003000429","status":"publish","type":"post","link":"https:\/\/guide.fire-emblem-heroes.com\/es-ES\/06001003000429\/","title":{"rendered":"<span class=\"character_nick\">Disfraz-a-dos<\/span> <span class=\"character_name\">Hector<\/span>"},"content":{"rendered":"<main id=\"CHARA_122\" class=\"main_page character\">\r\n    <article>\r\n        <section class=\"sec sec_character\">\r\n            <ul class=\"sec_ul sec_ul--character slick-box\">\r\n                <li class=\"sec_li sec_li--character\">\r\n                    <img decoding=\"async\" src=\"https:\/\/guide.fire-emblem-heroes.com\/wp-content\/uploads\/hector_dressed-up_duo_slide01.png\" alt=\"\" \/>\r\n                <\/li>\r\n                <li class=\"sec_li sec_li--character\">\r\n                    <img decoding=\"async\" src=\"https:\/\/guide.fire-emblem-heroes.com\/wp-content\/uploads\/hector_dressed-up_duo_slide02.png\" alt=\"\" \/>\r\n                <\/li>\r\n                <li class=\"sec_li sec_li--character\">\r\n                    <img decoding=\"async\" src=\"https:\/\/guide.fire-emblem-heroes.com\/wp-content\/uploads\/hector_dressed-up_duo_slide03.png\" alt=\"\" \/>\r\n                <\/li>\r\n                <li class=\"sec_li sec_li--character\">\r\n                    <img decoding=\"async\" src=\"https:\/\/guide.fire-emblem-heroes.com\/wp-content\/uploads\/hector_dressed-up_duo_slide04.png\" alt=\"\" \/>\r\n                <\/li>\r\n            <\/ul>\r\n            <div class=\"sec_charainfoarea flex\">\r\n                <div class=\"sec_gif\"><img loading=\"lazy\" decoding=\"async\" src=\"https:\/\/guide.fire-emblem-heroes.com\/wp-content\/uploads\/hector_dressed-up_duo.png\" alt=\"\" width=\"210\" height=\"190\"\/><\/div>\r\n                <div class=\"sec_charainfo\">\r\n                    <p id=\"CHARA_122_002\" class=\"sec_characate sec_characate--duo_hero\">Unidades dobles<\/p>\r\n                    <p id=\"CHARA_122_003\" class=\"sec_charanick\">Disfraz-a-dos<\/p>\r\n                    <p id=\"CHARA_122_004\" class=\"sec_charaname\">Hector<\/p>\r\n                    <p id=\"CHARA_122_005\" class=\"sec_charaappearancetxt\">Aparece en<\/p>\r\n                    <p id=\"CHARA_122_006\" class=\"sec_charaappearancetxt\">Fire Emblem: The Blazing Blade<\/p>\r\n                <\/div>\r\n            <\/div>\r\n        <\/section>\r\n    <\/article>\r\n    <article>\r\n        <section class=\"sec sec_characterarea\">\r\n            <div class=\"sec_h2chara\">\r\n                <p id=\"CHARA_122_007\" class=\"sec_h2charattl\">\u00a1Presentaci\u00f3n de personajes con Sharena!<\/p>\r\n                <h2 id=\"CHARA_122_008\" class=\"sec_h2charatxt\">Disfraz-a-dos Hector<\/h2>\r\n            <\/div>\r\n            <dl class=\"sec_dl flex\">\r\n                <dt id=\"CHARA_122_009\" class=\"sec_dt\">Hoy es el festival de la cosecha y algunos h\u00e9roes y sus familias se han disfrazado para la ocasi\u00f3n. \u00a1Aqu\u00ed est\u00e1 Hector, marqu\u00e9s de Ositia, junto con su hija, Lilina! \u00bfA que est\u00e1n mon\u00edsimos?<\/dt>\r\n                <dd class=\"sec_dd\">\r\n                    <a href=\"https:\/\/guide.fire-emblem-heroes.com\/wp-content\/uploads\/hector_dressed-up_duo_pop01.png\" class=\"popup-image\">\r\n                        <img decoding=\"async\" src=\"https:\/\/guide.fire-emblem-heroes.com\/wp-content\/uploads\/hector_dressed-up_duo_info01.png\" alt=\"\" \/>\r\n                    <\/a>\r\n                <\/dd>\r\n                <dt id=\"CHARA_122_010\" class=\"sec_dt\">Hector es un valeroso y fornido general, pero hoy el marqu\u00e9s de Ositia se ha tomado el d\u00eda libre y solo ejercer\u00e1  \u00a1de pap\u00e1 de Ositia! \u00a1Se nota que le ha dedicado mucho tiempo a su disfraz de hechicero!<\/dt>\r\n                <dd class=\"sec_dd\">\r\n                    <a href=\"https:\/\/guide.fire-emblem-heroes.com\/wp-content\/uploads\/hector_dressed-up_duo_pop02.png\" class=\"popup-image\">\r\n                        <img decoding=\"async\" src=\"https:\/\/guide.fire-emblem-heroes.com\/wp-content\/uploads\/hector_dressed-up_duo_info02.png\" alt=\"\" \/>\r\n                    <\/a>\r\n                <\/dd>\r\n                <dt id=\"CHARA_122_011\" class=\"sec_dt\">Por su parte, Lilina se ha vestido como su esp\u00edritu familiar gatuno. \u00a1Esas orejitas tiesas y esas patitas suaves son lo m\u00e1s! \u00a1Hasta Hector est\u00e1 para com\u00e9rselo!<\/dt>\r\n                <dd class=\"sec_dd\">\r\n                    <a href=\"https:\/\/guide.fire-emblem-heroes.com\/wp-content\/uploads\/hector_dressed-up_duo_pop03.png\" class=\"popup-image\">\r\n                        <img decoding=\"async\" src=\"https:\/\/guide.fire-emblem-heroes.com\/wp-content\/uploads\/hector_dressed-up_duo_info03.png\" alt=\"\" \/>\r\n                    <\/a>\r\n                <\/dd>\r\n                <dt id=\"CHARA_122_012\" class=\"sec_dt\">\u00a1Es que no puedo parar de mirarlos! \u00a1Espero que Lilina y Hector lo pasen genial en este festival de la cosecha!<\/dt>\r\n                <dd class=\"sec_dd\">\r\n                    <a href=\"https:\/\/guide.fire-emblem-heroes.com\/wp-content\/uploads\/hector_dressed-up_duo_pop04.png\" class=\"popup-image\">\r\n                        <img decoding=\"async\" src=\"https:\/\/guide.fire-emblem-heroes.com\/wp-content\/uploads\/hector_dressed-up_duo_info04.png\" alt=\"\" \/>\r\n                    <\/a>\r\n                <\/dd>\r\n            <\/dl>\r\n            <h3 id=\"CHARA_122_013\" class=\"sec_h3charatxt\">Personajes con los que tiene relaci\u00f3n<\/h3>\r\n            <h4 id=\"CHARA_122_014\" class=\"sec_h4charatxt\">Lilina<\/h4>\r\n            <p id=\"CHARA_122_015\" class=\"sec_charatxt\">Noble de Ositia e hija de H\u00e9ctor. Tiene un don natural para la magia.<\/p>\r\n        <\/section>\r\n    <\/article>\r\n<\/main>","protected":false},"excerpt":{"rendered":"Unidades dobles Disfraz-a-dos Hector Aparece en Fire Emblem: The Blazing Blade \u00a1Presentaci\u00f3n de personajes con Sharena! Disfraz-a-dos Hector Hoy es el festival de la cosecha y algunos h\u00e9roes y sus familias se han disfrazado para la ocasi\u00f3n. \u00a1Aqu\u00ed est\u00e1 Hector, marqu\u00e9s de Ositia, junto con su hija, Lilina! \u00bfA que est\u00e1n mon\u00edsimos? Hector es un [&hellip;]","protected":false},"author":1,"featured_media":12885,"comment_status":"closed","ping_status":"closed","sticky":false,"template":"","format":"standard","meta":{"advanced_seo_description":"","jetpack_seo_html_title":"","jetpack_seo_noindex":false,"_jetpack_newsletter_access":"","_jetpack_dont_email_post_to_subs":false,"_jetpack_newsletter_tier_id":0,"_jetpack_memberships_contains_paywalled_content":false,"_locale":"es_ES","_original_post":"12705","_jetpack_memberships_contains_paid_content":false,"footnotes":"","jetpack_publicize_message":"","jetpack_publicize_feature_enabled":true,"jetpack_social_post_already_shared":true,"jetpack_social_options":{"image_generator_settings":{"template":"highway","default_image_id":0,"font":"","enabled":false},"version":2},"_wpas_customize_per_network":false,"jetpack_post_was_ever_published":false},"categories":[1384,1427,1390,1440],"tags":[1444],"class_list":["post-12710","post","type-post","status-publish","format-standard","has-post-thumbnail","hentry","category-character","category-ex_works_the_blazing_blade","category-stay_heroes","category-duo_heroes","tag-unidades-dobles","es-ES"],"jetpack_publicize_connections":[],"jetpack_featured_media_url":"https:\/\/guide.fire-emblem-heroes.com\/wp-content\/uploads\/hector_dressed-up_duo.png","jetpack_sharing_enabled":false,"jetpack_shortlink":"https:\/\/wp.me\/pa0Mj3-3j0","jetpack_likes_enabled":false,"amp_enabled":true,"_links":{"self":[{"href":"https:\/\/guide.fire-emblem-heroes.com\/wp-json\/wp\/v2\/posts\/12710","targetHints":{"allow":["GET"]}}],"collection":[{"href":"https:\/\/guide.fire-emblem-heroes.com\/wp-json\/wp\/v2\/posts"}],"about":[{"href":"https:\/\/guide.fire-emblem-heroes.com\/wp-json\/wp\/v2\/types\/post"}],"author":[{"embeddable":true,"href":"https:\/\/guide.fire-emblem-heroes.com\/wp-json\/wp\/v2\/users\/1"}],"replies":[{"embeddable":true,"href":"https:\/\/guide.fire-emblem-heroes.com\/wp-json\/wp\/v2\/comments?post=12710"}],"version-history":[{"count":3,"href":"https:\/\/guide.fire-emblem-heroes.com\/wp-json\/wp\/v2\/posts\/12710\/revisions"}],"predecessor-version":[{"id":12847,"href":"https:\/\/guide.fire-emblem-heroes.com\/wp-json\/wp\/v2\/posts\/12710\/revisions\/12847"}],"wp:featuredmedia":[{"embeddable":true,"href":"https:\/\/guide.fire-emblem-heroes.com\/wp-json\/wp\/v2\/media\/12885"}],"wp:attachment":[{"href":"https:\/\/guide.fire-emblem-heroes.com\/wp-json\/wp\/v2\/media?parent=12710"}],"wp:term":[{"taxonomy":"category","embeddable":true,"href":"https:\/\/guide.fire-emblem-heroes.com\/wp-json\/wp\/v2\/categories?post=12710"},{"taxonomy":"post_tag","embeddable":true,"href":"https:\/\/guide.fire-emblem-heroes.com\/wp-json\/wp\/v2\/tags?post=12710"}],"curies":[{"name":"wp","href":"https:\/\/api.w.org\/{rel}","templated":true}]}}