






{"id":13059,"date":"2019-10-16T14:43:22","date_gmt":"2019-10-16T05:43:22","guid":{"rendered":"https:\/\/guide.fire-emblem-heroes.com\/?p=13059"},"modified":"2019-11-01T17:24:56","modified_gmt":"2019-11-01T08:24:56","slug":"02004005000439","status":"publish","type":"post","link":"https:\/\/guide.fire-emblem-heroes.com\/es-ES\/02004005000439\/","title":{"rendered":"<span class=\"character_nick\">Caballero celado<\/span> <span class=\"character_name\">Conrad<\/span>"},"content":{"rendered":"<main id=\"CHARA_132\" class=\"main_page character\">\r\n    <article>\r\n        <section class=\"sec sec_character\">\r\n            <ul class=\"sec_ul sec_ul--character slick-box\">\r\n                <li class=\"sec_li sec_li--character\">\r\n                    <img decoding=\"async\" src=\"https:\/\/guide.fire-emblem-heroes.com\/wp-content\/uploads\/conrad_masked_knight_slide01.png\" alt=\"\" \/>\r\n                <\/li>\r\n                <li class=\"sec_li sec_li--character\">\r\n                    <img decoding=\"async\" src=\"https:\/\/guide.fire-emblem-heroes.com\/wp-content\/uploads\/conrad_masked_knight_slide02.png\" alt=\"\" \/>\r\n                <\/li>\r\n                <li class=\"sec_li sec_li--character\">\r\n                    <img decoding=\"async\" src=\"https:\/\/guide.fire-emblem-heroes.com\/wp-content\/uploads\/conrad_masked_knight_slide03.png\" alt=\"\" \/>\r\n                <\/li>\r\n                <li class=\"sec_li sec_li--character\">\r\n                    <img decoding=\"async\" src=\"https:\/\/guide.fire-emblem-heroes.com\/wp-content\/uploads\/conrad_masked_knight_slide04.png\" alt=\"\" \/>\r\n                <\/li>\r\n            <\/ul>\r\n            <div class=\"sec_charainfoarea flex\">\r\n                <div class=\"sec_gif\"><img loading=\"lazy\" decoding=\"async\" src=\"https:\/\/guide.fire-emblem-heroes.com\/wp-content\/uploads\/conrad_masked_knight.png\" alt=\"\" width=\"210\" height=\"190\"\/><\/div>\r\n                <div class=\"sec_charainfo\">\r\n                    <p id=\"CHARA_132_002\" class=\"sec_characate sec_characate--heroes\">H\u00e9roe<\/p>\r\n                    <p id=\"CHARA_132_003\" class=\"sec_charanick\">Caballero celado<\/p>\r\n                    <p id=\"CHARA_132_004\" class=\"sec_charaname\">Conrad<\/p>\r\n                    <p id=\"CHARA_132_005\" class=\"sec_charaappearancetxt\">Aparece en<\/p>\r\n                    <p id=\"CHARA_132_006\" class=\"sec_charaappearancetxt\">Fire Emblem Echoes: Shadows of Valentia<\/p>\r\n                <\/div>\r\n            <\/div>\r\n        <\/section>\r\n    <\/article>\r\n    <article>\r\n        <section class=\"sec sec_characterarea\">\r\n            <div class=\"sec_h2chara\">\r\n                <p id=\"CHARA_132_007\" class=\"sec_h2charattl\">\u00a1Presentaci\u00f3n de personajes con Sharena!<\/p>\r\n                <h2 id=\"CHARA_132_008\" class=\"sec_h2charatxt\">Caballero celado Conrad<\/h2>\r\n            <\/div>\r\n            <dl class=\"sec_dl flex\">\r\n                <dt id=\"CHARA_132_009\" class=\"sec_dt\">\u00a1Este es Conrad, el misterioso enmascarado que aparece siempre en el momento justo para salvar a Celica del peligro!<\/dt>\r\n                <dd class=\"sec_dd\">\r\n                    <a href=\"https:\/\/guide.fire-emblem-heroes.com\/wp-content\/uploads\/conrad_masked_knight_pop01.png\" class=\"popup-image\">\r\n                        <img decoding=\"async\" src=\"https:\/\/guide.fire-emblem-heroes.com\/wp-content\/uploads\/conrad_masked_knight_info01.png\" alt=\"\" \/>\r\n                    <\/a>\r\n                <\/dd>\r\n                <dt id=\"CHARA_132_010\" class=\"sec_dt\">Lo cierto es que Conrad es el hermano mayor de Celica, de quien lo separaron siendo un beb\u00e9. Se crio en la Aldea Sabia. \u00a1Eso significa que est\u00e1 emparentado con la realeza de Zofia!<\/dt>\r\n                <dd class=\"sec_dd\">\r\n                    <a href=\"https:\/\/guide.fire-emblem-heroes.com\/wp-content\/uploads\/conrad_masked_knight_pop02.png\" class=\"popup-image\">\r\n                        <img decoding=\"async\" src=\"https:\/\/guide.fire-emblem-heroes.com\/wp-content\/uploads\/conrad_masked_knight_info02.png\" alt=\"\" \/>\r\n                    <\/a>\r\n                <\/dd>\r\n                <dt id=\"CHARA_132_011\" class=\"sec_dt\">Conrad no solo ayuda a Celica cuando hay que empu\u00f1ar las armas. Tambi\u00e9n la acompa\u00f1\u00f3 durante su camino hacia el trono y le sirvi\u00f3 de apoyo cada vez que titube\u00f3. Est\u00e1 entregado en cuerpo y alma a protegerla.<\/dt>\r\n                <dd class=\"sec_dd\">\r\n                    <a href=\"https:\/\/guide.fire-emblem-heroes.com\/wp-content\/uploads\/conrad_masked_knight_pop03.png\" class=\"popup-image\">\r\n                        <img decoding=\"async\" src=\"https:\/\/guide.fire-emblem-heroes.com\/wp-content\/uploads\/conrad_masked_knight_info03.png\" alt=\"\" \/>\r\n                    <\/a>\r\n                <\/dd>\r\n                <dt id=\"CHARA_132_012\" class=\"sec_dt\">No es de extra\u00f1ar que, en el fondo, Conrad sea una persona dulce y amable. \u00a1Espero que haga una de sus apariciones estelares la pr\u00f3xima vez que los Guardianes de Askr est\u00e9n en un aprieto!<\/dt>\r\n                <dd class=\"sec_dd\">\r\n                    <a href=\"https:\/\/guide.fire-emblem-heroes.com\/wp-content\/uploads\/conrad_masked_knight_pop04.png\" class=\"popup-image\">\r\n                        <img decoding=\"async\" src=\"https:\/\/guide.fire-emblem-heroes.com\/wp-content\/uploads\/conrad_masked_knight_info04.png\" alt=\"\" \/>\r\n                    <\/a>\r\n                <\/dd>\r\n            <\/dl>\r\n            <h3 id=\"CHARA_132_013\" class=\"sec_h3charatxt\">Personajes con los que tiene relaci\u00f3n<\/h3>\r\n            <h4 id=\"CHARA_132_014\" class=\"sec_h4charatxt\">Celica<\/h4>\r\n            <p id=\"CHARA_132_015\" class=\"sec_charatxt\">Princesa de Zofia educada como sacerdotisa. Es una joven amable que aborrece la lucha. Es hermana de Conrad, de quien la separaron poco despu\u00e9s de nacer.<\/p>\r\n        <\/section>\r\n    <\/article>\r\n<\/main>","protected":false},"excerpt":{"rendered":"H\u00e9roe Caballero celado Conrad Aparece en Fire Emblem Echoes: Shadows of Valentia \u00a1Presentaci\u00f3n de personajes con Sharena! Caballero celado Conrad \u00a1Este es Conrad, el misterioso enmascarado que aparece siempre en el momento justo para salvar a Celica del peligro! Lo cierto es que Conrad es el hermano mayor de Celica, de quien lo separaron siendo [&hellip;]","protected":false},"author":1,"featured_media":13095,"comment_status":"closed","ping_status":"closed","sticky":false,"template":"","format":"standard","meta":{"advanced_seo_description":"","jetpack_seo_html_title":"","jetpack_seo_noindex":false,"_jetpack_newsletter_access":"","_jetpack_dont_email_post_to_subs":false,"_jetpack_newsletter_tier_id":0,"_jetpack_memberships_contains_paywalled_content":false,"_locale":"es_ES","_original_post":"13054","_jetpack_memberships_contains_paid_content":false,"footnotes":"","jetpack_publicize_message":"","jetpack_publicize_feature_enabled":true,"jetpack_social_post_already_shared":true,"jetpack_social_options":{"image_generator_settings":{"template":"highway","default_image_id":0,"font":"","enabled":false},"version":2},"_wpas_customize_per_network":false,"jetpack_post_was_ever_published":false},"categories":[1384,1425,1415,1390],"tags":[1422],"class_list":["post-13059","post","type-post","status-publish","format-standard","has-post-thumbnail","hentry","category-character","category-ex_works_shadows_of_valentia","category-heroes","category-stay_heroes","tag-heroes-2","es-ES"],"jetpack_publicize_connections":[],"jetpack_featured_media_url":"https:\/\/guide.fire-emblem-heroes.com\/wp-content\/uploads\/conrad_masked_knight.png","jetpack_sharing_enabled":false,"jetpack_shortlink":"https:\/\/wp.me\/pa0Mj3-3oD","jetpack_likes_enabled":false,"amp_enabled":true,"_links":{"self":[{"href":"https:\/\/guide.fire-emblem-heroes.com\/wp-json\/wp\/v2\/posts\/13059","targetHints":{"allow":["GET"]}}],"collection":[{"href":"https:\/\/guide.fire-emblem-heroes.com\/wp-json\/wp\/v2\/posts"}],"about":[{"href":"https:\/\/guide.fire-emblem-heroes.com\/wp-json\/wp\/v2\/types\/post"}],"author":[{"embeddable":true,"href":"https:\/\/guide.fire-emblem-heroes.com\/wp-json\/wp\/v2\/users\/1"}],"replies":[{"embeddable":true,"href":"https:\/\/guide.fire-emblem-heroes.com\/wp-json\/wp\/v2\/comments?post=13059"}],"version-history":[{"count":1,"href":"https:\/\/guide.fire-emblem-heroes.com\/wp-json\/wp\/v2\/posts\/13059\/revisions"}],"predecessor-version":[{"id":13066,"href":"https:\/\/guide.fire-emblem-heroes.com\/wp-json\/wp\/v2\/posts\/13059\/revisions\/13066"}],"wp:featuredmedia":[{"embeddable":true,"href":"https:\/\/guide.fire-emblem-heroes.com\/wp-json\/wp\/v2\/media\/13095"}],"wp:attachment":[{"href":"https:\/\/guide.fire-emblem-heroes.com\/wp-json\/wp\/v2\/media?parent=13059"}],"wp:term":[{"taxonomy":"category","embeddable":true,"href":"https:\/\/guide.fire-emblem-heroes.com\/wp-json\/wp\/v2\/categories?post=13059"},{"taxonomy":"post_tag","embeddable":true,"href":"https:\/\/guide.fire-emblem-heroes.com\/wp-json\/wp\/v2\/tags?post=13059"}],"curies":[{"name":"wp","href":"https:\/\/api.w.org\/{rel}","templated":true}]}}