






{"id":14347,"date":"2019-12-04T12:46:50","date_gmt":"2019-12-04T03:46:50","guid":{"rendered":"https:\/\/guide.fire-emblem-heroes.com\/?p=14347"},"modified":"2019-12-25T15:35:45","modified_gmt":"2019-12-25T06:35:45","slug":"04001004000458","status":"publish","type":"post","link":"https:\/\/guide.fire-emblem-heroes.com\/es-ES\/04001004000458\/","title":{"rendered":"<span class=\"character_nick\">Se\u00f1ora de Fiana<\/span> <span class=\"character_name\">Eyvel<\/span>"},"content":{"rendered":"<main id=\"CHARA_159\" class=\"main_page character\">\r\n    <article>\r\n        <section class=\"sec sec_character\">\r\n            <ul class=\"sec_ul sec_ul--character slick-box\">\r\n                <li class=\"sec_li sec_li--character\">\r\n                    <img decoding=\"async\" src=\"https:\/\/guide.fire-emblem-heroes.com\/wp-content\/uploads\/eyvel_mistress_of_fiana_slide01.png\" alt=\"\" \/>\r\n                <\/li>\r\n                <li class=\"sec_li sec_li--character\">\r\n                    <img decoding=\"async\" src=\"https:\/\/guide.fire-emblem-heroes.com\/wp-content\/uploads\/eyvel_mistress_of_fiana_slide02.png\" alt=\"\" \/>\r\n                <\/li>\r\n                <li class=\"sec_li sec_li--character\">\r\n                    <img decoding=\"async\" src=\"https:\/\/guide.fire-emblem-heroes.com\/wp-content\/uploads\/eyvel_mistress_of_fiana_slide03.png\" alt=\"\" \/>\r\n                <\/li>\r\n                <li class=\"sec_li sec_li--character\">\r\n                    <img decoding=\"async\" src=\"https:\/\/guide.fire-emblem-heroes.com\/wp-content\/uploads\/eyvel_mistress_of_fiana_slide04.png\" alt=\"\" \/>\r\n                <\/li>\r\n            <\/ul>\r\n            <div class=\"sec_charainfoarea flex\">\r\n                <div class=\"sec_gif\"><img loading=\"lazy\" decoding=\"async\" src=\"https:\/\/guide.fire-emblem-heroes.com\/wp-content\/uploads\/eyvel_mistress_of_fiana.png\" alt=\"\" width=\"210\" height=\"190\"\/><\/div>\r\n                <div class=\"sec_charainfo\">\r\n                    <p id=\"CHARA_159_002\" class=\"sec_characate sec_characate--heroes\">Hero\u00edna<\/p>\r\n                    <p id=\"CHARA_159_003\" class=\"sec_charanick\">Se\u00f1ora de Fiana<\/p>\r\n                    <p id=\"CHARA_159_004\" class=\"sec_charaname\">Eyvel<\/p>\r\n                    <p id=\"CHARA_159_005\" class=\"sec_charaappearancetxt\">Aparece en<\/p>\r\n                    <p id=\"CHARA_159_006\" class=\"sec_charaappearancetxt\">Fire Emblem: Thracia 776<\/p>\r\n                <\/div>\r\n            <\/div>\r\n        <\/section>\r\n    <\/article>\r\n    <article>\r\n        <section class=\"sec sec_characterarea\">\r\n            <div class=\"sec_h2chara\">\r\n                <p id=\"CHARA_159_007\" class=\"sec_h2charattl\">\u00a1Presentaci\u00f3n de personajes con Sharena!<\/p>\r\n                <h2 id=\"CHARA_159_008\" class=\"sec_h2charatxt\">Se\u00f1ora de Fiana Eyvel<\/h2>\r\n            <\/div>\r\n            <dl class=\"sec_dl flex\">\r\n                <dt id=\"CHARA_159_009\" class=\"sec_dt\">En el este de Thracia, en el continente de Jugdral, existe una aldea llamada Fiana. En ella, una indomable espadachina lidera un grupo de valientes. \u00a1Se trata nada menos que de Eyvel, y es toda una hero\u00edna!<\/dt>\r\n                <dd class=\"sec_dd\">\r\n                    <a href=\"https:\/\/guide.fire-emblem-heroes.com\/wp-content\/uploads\/eyvel_mistress_of_fiana_pop01.png\" class=\"popup-image\">\r\n                        <img decoding=\"async\" src=\"https:\/\/guide.fire-emblem-heroes.com\/wp-content\/uploads\/eyvel_mistress_of_fiana_info01.png\" alt=\"\" \/>\r\n                    <\/a>\r\n                <\/dd>\r\n                <dt id=\"CHARA_159_010\" class=\"sec_dt\">Eyvel no recuerda nada de su pasado, y durante un tiempo se gan\u00f3 la vida como mercenaria errante. M\u00e1s tarde, lleg\u00f3 a Fiana, una aldea en la que bandidos y piratas aterrorizaban a los lugare\u00f1os. Despu\u00e9s de deshacerse de ellos, decidi\u00f3 instalarse all\u00ed.<\/dt>\r\n                <dd class=\"sec_dd\">\r\n                    <a href=\"https:\/\/guide.fire-emblem-heroes.com\/wp-content\/uploads\/eyvel_mistress_of_fiana_pop02.png\" class=\"popup-image\">\r\n                        <img decoding=\"async\" src=\"https:\/\/guide.fire-emblem-heroes.com\/wp-content\/uploads\/eyvel_mistress_of_fiana_info02.png\" alt=\"\" \/>\r\n                    <\/a>\r\n                <\/dd>\r\n                <dt id=\"CHARA_159_011\" class=\"sec_dt\">Un d\u00eda que Eyvel no estaba en la aldea, los soldados de Grannvale llegaron en busca de Leif, el pr\u00edncipe leonstino. Durante la batalla, la hija adoptiva de Eyvel, Mareeta, fue secuestrada.<\/dt>\r\n                <dd class=\"sec_dd\">\r\n                    <a href=\"https:\/\/guide.fire-emblem-heroes.com\/wp-content\/uploads\/eyvel_mistress_of_fiana_pop03.png\" class=\"popup-image\">\r\n                        <img decoding=\"async\" src=\"https:\/\/guide.fire-emblem-heroes.com\/wp-content\/uploads\/eyvel_mistress_of_fiana_info03.png\" alt=\"\" \/>\r\n                    <\/a>\r\n                <\/dd>\r\n                <dt id=\"CHARA_159_012\" class=\"sec_dt\">Para rescatar a su hija, Eyvel decidi\u00f3 unirse al pr\u00edncipe Leif en su batalla contra el imperio de Grannvale. \u00a1Les iba a dejar bien clarito que sabe usar la espada como nadie!<\/dt>\r\n                <dd class=\"sec_dd\">\r\n                    <a href=\"https:\/\/guide.fire-emblem-heroes.com\/wp-content\/uploads\/eyvel_mistress_of_fiana_pop04.png\" class=\"popup-image\">\r\n                        <img decoding=\"async\" src=\"https:\/\/guide.fire-emblem-heroes.com\/wp-content\/uploads\/eyvel_mistress_of_fiana_info04.png\" alt=\"\" \/>\r\n                    <\/a>\r\n                <\/dd>\r\n            <\/dl>\r\n            <h3 id=\"CHARA_159_013\" class=\"sec_h3charatxt\">Personajes con los que tiene relaci\u00f3n<\/h3>\r\n            <h4 id=\"CHARA_159_014\" class=\"sec_h4charatxt\">Mareeta<\/h4>\r\n            <p id=\"CHARA_159_015\" class=\"sec_charatxt\">Una espadachina de Fiana. Eyvel la rescat\u00f3 de peque\u00f1a de las garras de unos traficantes de esclavos y la acogi\u00f3 como a su propia hija.<\/p>\r\n            <h4 id=\"CHARA_159_016\" class=\"sec_h4charatxt\">Osian<\/h4>\r\n            <p id=\"CHARA_159_017\" class=\"sec_charatxt\">Guerrero y miembro de los Valientes de Fiana. Impetuoso y temerario, pero con un coraz\u00f3n de oro. Se uni\u00f3 a las tropas de Leif cuando Eyvel lo hizo.<\/p>\r\n            <h4 id=\"CHARA_159_018\" class=\"sec_h4charatxt\">Halvan<\/h4>\r\n            <p id=\"CHARA_159_019\" class=\"sec_charatxt\">Otro guerrero de los Valientes de Fiana. A diferencia de Osian, Halvan es tranquilo y comedido. Ve a Eyvel como una madre.<\/p>\r\n        <\/section>\r\n    <\/article>\r\n<\/main>","protected":false},"excerpt":{"rendered":"Hero\u00edna Se\u00f1ora de Fiana Eyvel Aparece en Fire Emblem: Thracia 776 \u00a1Presentaci\u00f3n de personajes con Sharena! Se\u00f1ora de Fiana Eyvel En el este de Thracia, en el continente de Jugdral, existe una aldea llamada Fiana. En ella, una indomable espadachina lidera un grupo de valientes. \u00a1Se trata nada menos que de Eyvel, y es toda [&hellip;]","protected":false},"author":1,"featured_media":14460,"comment_status":"closed","ping_status":"closed","sticky":false,"template":"","format":"standard","meta":{"advanced_seo_description":"","jetpack_seo_html_title":"","jetpack_seo_noindex":false,"_jetpack_newsletter_access":"","_jetpack_dont_email_post_to_subs":false,"_jetpack_newsletter_tier_id":0,"_jetpack_memberships_contains_paywalled_content":false,"_locale":"es_ES","_original_post":"14342","_jetpack_memberships_contains_paid_content":false,"footnotes":"","jetpack_publicize_message":"","jetpack_publicize_feature_enabled":true,"jetpack_social_post_already_shared":true,"jetpack_social_options":{"image_generator_settings":{"template":"highway","default_image_id":0,"font":"","enabled":false},"version":2},"_wpas_customize_per_network":false,"jetpack_post_was_ever_published":false},"categories":[1384,1438,1415,1390],"tags":[1422],"class_list":["post-14347","post","type-post","status-publish","format-standard","has-post-thumbnail","hentry","category-character","category-ex_works_thracia_776","category-heroes","category-stay_heroes","tag-heroes-2","es-ES"],"jetpack_publicize_connections":[],"jetpack_featured_media_url":"https:\/\/guide.fire-emblem-heroes.com\/wp-content\/uploads\/eyvel_mistress_of_fiana.png","jetpack_sharing_enabled":false,"jetpack_shortlink":"https:\/\/wp.me\/pa0Mj3-3Jp","jetpack_likes_enabled":false,"amp_enabled":true,"_links":{"self":[{"href":"https:\/\/guide.fire-emblem-heroes.com\/wp-json\/wp\/v2\/posts\/14347","targetHints":{"allow":["GET"]}}],"collection":[{"href":"https:\/\/guide.fire-emblem-heroes.com\/wp-json\/wp\/v2\/posts"}],"about":[{"href":"https:\/\/guide.fire-emblem-heroes.com\/wp-json\/wp\/v2\/types\/post"}],"author":[{"embeddable":true,"href":"https:\/\/guide.fire-emblem-heroes.com\/wp-json\/wp\/v2\/users\/1"}],"replies":[{"embeddable":true,"href":"https:\/\/guide.fire-emblem-heroes.com\/wp-json\/wp\/v2\/comments?post=14347"}],"version-history":[{"count":1,"href":"https:\/\/guide.fire-emblem-heroes.com\/wp-json\/wp\/v2\/posts\/14347\/revisions"}],"predecessor-version":[{"id":14361,"href":"https:\/\/guide.fire-emblem-heroes.com\/wp-json\/wp\/v2\/posts\/14347\/revisions\/14361"}],"wp:featuredmedia":[{"embeddable":true,"href":"https:\/\/guide.fire-emblem-heroes.com\/wp-json\/wp\/v2\/media\/14460"}],"wp:attachment":[{"href":"https:\/\/guide.fire-emblem-heroes.com\/wp-json\/wp\/v2\/media?parent=14347"}],"wp:term":[{"taxonomy":"category","embeddable":true,"href":"https:\/\/guide.fire-emblem-heroes.com\/wp-json\/wp\/v2\/categories?post=14347"},{"taxonomy":"post_tag","embeddable":true,"href":"https:\/\/guide.fire-emblem-heroes.com\/wp-json\/wp\/v2\/tags?post=14347"}],"curies":[{"name":"wp","href":"https:\/\/api.w.org\/{rel}","templated":true}]}}