






{"id":14389,"date":"2019-12-04T13:04:32","date_gmt":"2019-12-04T04:04:32","guid":{"rendered":"https:\/\/guide.fire-emblem-heroes.com\/?p=14389"},"modified":"2019-12-25T15:38:46","modified_gmt":"2019-12-25T06:38:46","slug":"04001007000457","status":"publish","type":"post","link":"https:\/\/guide.fire-emblem-heroes.com\/es-ES\/04001007000457\/","title":{"rendered":"<span class=\"character_nick\">Hija de Dagdar<\/span> <span class=\"character_name\">Tanya<\/span>"},"content":{"rendered":"<main id=\"CHARA_161\" class=\"main_page character\">\r\n    <article>\r\n        <section class=\"sec sec_character\">\r\n            <ul class=\"sec_ul sec_ul--character slick-box\">\r\n                <li class=\"sec_li sec_li--character\">\r\n                    <img decoding=\"async\" src=\"https:\/\/guide.fire-emblem-heroes.com\/wp-content\/uploads\/tanya_dagdars_kid_slide01.png\" alt=\"\" \/>\r\n                <\/li>\r\n                <li class=\"sec_li sec_li--character\">\r\n                    <img decoding=\"async\" src=\"https:\/\/guide.fire-emblem-heroes.com\/wp-content\/uploads\/tanya_dagdars_kid_slide02.png\" alt=\"\" \/>\r\n                <\/li>\r\n                <li class=\"sec_li sec_li--character\">\r\n                    <img decoding=\"async\" src=\"https:\/\/guide.fire-emblem-heroes.com\/wp-content\/uploads\/tanya_dagdars_kid_slide03.png\" alt=\"\" \/>\r\n                <\/li>\r\n                <li class=\"sec_li sec_li--character\">\r\n                    <img decoding=\"async\" src=\"https:\/\/guide.fire-emblem-heroes.com\/wp-content\/uploads\/tanya_dagdars_kid_slide04.png\" alt=\"\" \/>\r\n                <\/li>\r\n            <\/ul>\r\n            <div class=\"sec_charainfoarea flex\">\r\n                <div class=\"sec_gif\"><img loading=\"lazy\" decoding=\"async\" src=\"https:\/\/guide.fire-emblem-heroes.com\/wp-content\/uploads\/tanya_dagdars_kid.png\" alt=\"\" width=\"210\" height=\"190\"\/><\/div>\r\n                <div class=\"sec_charainfo\">\r\n                    <p id=\"CHARA_161_002\" class=\"sec_characate sec_characate--heroes\">Hero\u00edna<\/p>\r\n                    <p id=\"CHARA_161_003\" class=\"sec_charanick\">Hija de Dagdar<\/p>\r\n                    <p id=\"CHARA_161_004\" class=\"sec_charaname\">Tanya<\/p>\r\n                    <p id=\"CHARA_161_005\" class=\"sec_charaappearancetxt\">Aparece en<\/p>\r\n                    <p id=\"CHARA_161_006\" class=\"sec_charaappearancetxt\">Fire Emblem: Thracia 776<\/p>\r\n                <\/div>\r\n            <\/div>\r\n        <\/section>\r\n    <\/article>\r\n    <article>\r\n        <section class=\"sec sec_characterarea\">\r\n            <div class=\"sec_h2chara\">\r\n                <p id=\"CHARA_161_007\" class=\"sec_h2charattl\">\u00a1Presentaci\u00f3n de personajes con Sharena!<\/p>\r\n                <h2 id=\"CHARA_161_008\" class=\"sec_h2charatxt\">Hija de Dagdar Tanya<\/h2>\r\n            <\/div>\r\n            <dl class=\"sec_dl flex\">\r\n                <dt id=\"CHARA_161_009\" class=\"sec_dt\">Tanya es una arquera del Monte Violdrake, ubicado en la pen\u00ednsula de Thracia. Aunque a veces parece un poco agresiva y bastante borde, a la hora de la verdad siempre es sincera y honesta.<\/dt>\r\n                <dd class=\"sec_dd\">\r\n                    <a href=\"https:\/\/guide.fire-emblem-heroes.com\/wp-content\/uploads\/tanya_dagdars_kid_pop01.png\" class=\"popup-image\">\r\n                        <img decoding=\"async\" src=\"https:\/\/guide.fire-emblem-heroes.com\/wp-content\/uploads\/tanya_dagdars_kid_info01.png\" alt=\"\" \/>\r\n                    <\/a>\r\n                <\/dd>\r\n                <dt id=\"CHARA_161_010\" class=\"sec_dt\">Su padre, Dagdar, fue el l\u00edder de los bandidos del Monte Violdrake hasta que Eyvel, la l\u00edder de la aldea de Fiana, consigui\u00f3 que cambiara de rumbo. De hecho, \u00a1al final se hicieron muy buenos amigos!<\/dt>\r\n                <dd class=\"sec_dd\">\r\n                    <a href=\"https:\/\/guide.fire-emblem-heroes.com\/wp-content\/uploads\/tanya_dagdars_kid_pop02.png\" class=\"popup-image\">\r\n                        <img decoding=\"async\" src=\"https:\/\/guide.fire-emblem-heroes.com\/wp-content\/uploads\/tanya_dagdars_kid_info02.png\" alt=\"\" \/>\r\n                    <\/a>\r\n                <\/dd>\r\n                <dt id=\"CHARA_161_011\" class=\"sec_dt\">Tanya tambi\u00e9n confraterniz\u00f3 con las gentes de Fiana. Aunque es cierto que entre ella y Osian los roces son constantes, la verdad es que hay que tener mucha confianza para re\u00f1ir de esa manera. Es&#8230; dif\u00edcil de explicar<\/dt>\r\n                <dd class=\"sec_dd\">\r\n                    <a href=\"https:\/\/guide.fire-emblem-heroes.com\/wp-content\/uploads\/tanya_dagdars_kid_pop03.png\" class=\"popup-image\">\r\n                        <img decoding=\"async\" src=\"https:\/\/guide.fire-emblem-heroes.com\/wp-content\/uploads\/tanya_dagdars_kid_info03.png\" alt=\"\" \/>\r\n                    <\/a>\r\n                <\/dd>\r\n                <dt id=\"CHARA_161_012\" class=\"sec_dt\">Cuando los soldados de Grannvale atacaron Fiana, Tanya y su padre lucharon para salvar la aldea. Siempre decidida a hacer el bien, \u00a1es todo un ejemplo a seguir!<\/dt>\r\n                <dd class=\"sec_dd\">\r\n                    <a href=\"https:\/\/guide.fire-emblem-heroes.com\/wp-content\/uploads\/tanya_dagdars_kid_pop04.png\" class=\"popup-image\">\r\n                        <img decoding=\"async\" src=\"https:\/\/guide.fire-emblem-heroes.com\/wp-content\/uploads\/tanya_dagdars_kid_info04.png\" alt=\"\" \/>\r\n                    <\/a>\r\n                <\/dd>\r\n            <\/dl>\r\n            <h3 id=\"CHARA_161_013\" class=\"sec_h3charatxt\">Personajes con los que tiene relaci\u00f3n<\/h3>\r\n            <h4 id=\"CHARA_161_014\" class=\"sec_h4charatxt\">Dagdar<\/h4>\r\n            <p id=\"CHARA_161_015\" class=\"sec_charatxt\">Fue el l\u00edder de los bandidos del Monte Violdrake, pero cambi\u00f3 de rumbo cuando Eyvel lo derrot\u00f3. Entonces decidi\u00f3 unirse a los Valientes de Fiana. Es el padre de Tanya.<\/p>\r\n            <h4 id=\"CHARA_161_016\" class=\"sec_h4charatxt\">Osian<\/h4>\r\n            <p id=\"CHARA_161_017\" class=\"sec_charatxt\">Guerrero y miembro de los Valientes de Fiana. Impulsivo y de buen coraz\u00f3n. La amistad entre Tanya y Osian se manifiesta a trav\u00e9s de peleas y discusiones.<\/p>\r\n        <\/section>\r\n    <\/article>\r\n<\/main>","protected":false},"excerpt":{"rendered":"Hero\u00edna Hija de Dagdar Tanya Aparece en Fire Emblem: Thracia 776 \u00a1Presentaci\u00f3n de personajes con Sharena! Hija de Dagdar Tanya Tanya es una arquera del Monte Violdrake, ubicado en la pen\u00ednsula de Thracia. Aunque a veces parece un poco agresiva y bastante borde, a la hora de la verdad siempre es sincera y honesta. Su [&hellip;]","protected":false},"author":1,"featured_media":14525,"comment_status":"closed","ping_status":"closed","sticky":false,"template":"","format":"standard","meta":{"advanced_seo_description":"","jetpack_seo_html_title":"","jetpack_seo_noindex":false,"_jetpack_newsletter_access":"","_jetpack_dont_email_post_to_subs":false,"_jetpack_newsletter_tier_id":0,"_jetpack_memberships_contains_paywalled_content":false,"_locale":"es_ES","_original_post":"14384","_jetpack_memberships_contains_paid_content":false,"footnotes":"","jetpack_publicize_message":"","jetpack_publicize_feature_enabled":true,"jetpack_social_post_already_shared":true,"jetpack_social_options":{"image_generator_settings":{"template":"highway","default_image_id":0,"font":"","enabled":false},"version":2},"_wpas_customize_per_network":false,"jetpack_post_was_ever_published":false},"categories":[1384,1438,1415,1390],"tags":[1422],"class_list":["post-14389","post","type-post","status-publish","format-standard","has-post-thumbnail","hentry","category-character","category-ex_works_thracia_776","category-heroes","category-stay_heroes","tag-heroes-2","es-ES"],"jetpack_publicize_connections":[],"jetpack_featured_media_url":"https:\/\/guide.fire-emblem-heroes.com\/wp-content\/uploads\/tanya_dagdars_kid.png","jetpack_sharing_enabled":false,"jetpack_shortlink":"https:\/\/wp.me\/pa0Mj3-3K5","jetpack_likes_enabled":false,"amp_enabled":true,"_links":{"self":[{"href":"https:\/\/guide.fire-emblem-heroes.com\/wp-json\/wp\/v2\/posts\/14389","targetHints":{"allow":["GET"]}}],"collection":[{"href":"https:\/\/guide.fire-emblem-heroes.com\/wp-json\/wp\/v2\/posts"}],"about":[{"href":"https:\/\/guide.fire-emblem-heroes.com\/wp-json\/wp\/v2\/types\/post"}],"author":[{"embeddable":true,"href":"https:\/\/guide.fire-emblem-heroes.com\/wp-json\/wp\/v2\/users\/1"}],"replies":[{"embeddable":true,"href":"https:\/\/guide.fire-emblem-heroes.com\/wp-json\/wp\/v2\/comments?post=14389"}],"version-history":[{"count":1,"href":"https:\/\/guide.fire-emblem-heroes.com\/wp-json\/wp\/v2\/posts\/14389\/revisions"}],"predecessor-version":[{"id":14402,"href":"https:\/\/guide.fire-emblem-heroes.com\/wp-json\/wp\/v2\/posts\/14389\/revisions\/14402"}],"wp:featuredmedia":[{"embeddable":true,"href":"https:\/\/guide.fire-emblem-heroes.com\/wp-json\/wp\/v2\/media\/14525"}],"wp:attachment":[{"href":"https:\/\/guide.fire-emblem-heroes.com\/wp-json\/wp\/v2\/media?parent=14389"}],"wp:term":[{"taxonomy":"category","embeddable":true,"href":"https:\/\/guide.fire-emblem-heroes.com\/wp-json\/wp\/v2\/categories?post=14389"},{"taxonomy":"post_tag","embeddable":true,"href":"https:\/\/guide.fire-emblem-heroes.com\/wp-json\/wp\/v2\/tags?post=14389"}],"curies":[{"name":"wp","href":"https:\/\/api.w.org\/{rel}","templated":true}]}}