






{"id":15204,"date":"2020-01-07T12:54:05","date_gmt":"2020-01-07T03:54:05","guid":{"rendered":"https:\/\/guide.fire-emblem-heroes.com\/?p=15204"},"modified":"2020-01-30T16:15:17","modified_gmt":"2020-01-30T07:15:17","slug":"03091003000474","status":"publish","type":"post","link":"https:\/\/guide.fire-emblem-heroes.com\/es-ES\/03091003000474\/","title":{"rendered":"<span class=\"character_nick\">Jinete luminosa<\/span><span class=\"character_name\">Altena<\/span>"},"content":{"rendered":"<main id=\"CHARA_182\" class=\"main_page character\">\r\n            <article>\r\n                <section class=\"sec sec_character\">\r\n                    <ul class=\"sec_ul sec_ul--character slick-box\">\r\n                        <li class=\"sec_li sec_li--character\">\r\n                            <img decoding=\"async\" src=\"https:\/\/guide.fire-emblem-heroes.com\/wp-content\/uploads\/altena_luminous_rider_slide01.png\" alt=\"\" \/>\r\n                        <\/li>\r\n                        <li class=\"sec_li sec_li--character\">\r\n                            <img decoding=\"async\" src=\"https:\/\/guide.fire-emblem-heroes.com\/wp-content\/uploads\/altena_luminous_rider_slide02.png\" alt=\"\" \/>\r\n                        <\/li>\r\n                        <li class=\"sec_li sec_li--character\">\r\n                            <img decoding=\"async\" src=\"https:\/\/guide.fire-emblem-heroes.com\/wp-content\/uploads\/altena_luminous_rider_slide03.png\" alt=\"\" \/>\r\n                        <\/li>\r\n                        <li class=\"sec_li sec_li--character\">\r\n                            <img decoding=\"async\" src=\"https:\/\/guide.fire-emblem-heroes.com\/wp-content\/uploads\/altena_luminous_rider_slide04.png\" alt=\"\" \/>\r\n                        <\/li>\r\n                    <\/ul>\r\n                    <div class=\"sec_charainfoarea flex\">\r\n                        <div class=\"sec_gif\"><img loading=\"lazy\" decoding=\"async\" src=\"https:\/\/guide.fire-emblem-heroes.com\/wp-content\/uploads\/altena_luminous_rider.png\" alt=\"\" width=\"210\" height=\"190\"\/><\/div>\r\n                        <div class=\"sec_charainfo\">\r\n                            <p id=\"CHARA_182_002\" class=\"sec_characate sec_characate--heroes\">H\u00e9roes<\/p>\r\n                            <p id=\"CHARA_182_003\" class=\"sec_charanick\">Jinete luminosa<\/p>\r\n                            <p id=\"CHARA_182_004\" class=\"sec_charaname\">Altena<\/p>\r\n                            <p id=\"CHARA_182_005\" class=\"sec_charaappearancetxt\">Aparece en<\/p>\r\n                            <p id=\"CHARA_182_006\" class=\"sec_charaappearancetxt\">Fire Emblem: Genealogy of the Holy War<\/p>\r\n                        <\/div>\r\n                    <\/div>\r\n                <\/section>\r\n            <\/article>\r\n            <article>\r\n                <section class=\"sec sec_characterarea\">\r\n                    <div class=\"sec_h2chara\">\r\n                        <p id=\"CHARA_182_007\" class=\"sec_h2charattl\">\u00a1Presentaci\u00f3n de personajes con Sharena!<\/p>\r\n                        <h2 id=\"CHARA_182_008\" class=\"sec_h2charatxt\">Jinete luminosa Altena<\/h2>\r\n                    <\/div>\r\n                    <dl class=\"sec_dl flex\">\r\n                        <dt id=\"CHARA_182_009\" class=\"sec_dt\">\u00a1Aqu\u00ed llega Altena, la princesa de Thracia! Tiene el don de manejar la lanza G\u00e1e Bolg, s\u00edmbolo inequ\u00edvoco de las sombras de su pasado.<\/dt>\r\n                        <dd class=\"sec_dd\">\r\n                            <a href=\"https:\/\/guide.fire-emblem-heroes.com\/wp-content\/uploads\/altena_luminous_rider_pop01.png\" class=\"popup-image\">\r\n                                <img decoding=\"async\" src=\"https:\/\/guide.fire-emblem-heroes.com\/wp-content\/uploads\/altena_luminous_rider_info01.png\" alt=\"\" \/>\r\n                            <\/a>\r\n                        <\/dd>\r\n                        <dt id=\"CHARA_182_010\" class=\"sec_dt\">Los verdaderos padres de Altena son Quan, pr\u00edncipe de Leonster, y Ethlyn, de Chalphy. Siendo Altena muy peque\u00f1a, ambos se la llevaron con ellos en una misi\u00f3n que pretend\u00eda ayudar a Sigurd. Tras un ataque, Altena qued\u00f3 hu\u00e9rfana.<\/dt>\r\n                        <dd class=\"sec_dd\">\r\n                            <a href=\"https:\/\/guide.fire-emblem-heroes.com\/wp-content\/uploads\/altena_luminous_rider_pop02.png\" class=\"popup-image\">\r\n                                <img decoding=\"async\" src=\"https:\/\/guide.fire-emblem-heroes.com\/wp-content\/uploads\/altena_luminous_rider_info02.png\" alt=\"\" \/>\r\n                            <\/a>\r\n                        <\/dd>\r\n                        <dt id=\"CHARA_182_011\" class=\"sec_dt\">El rey Travant de Thracia estaba detr\u00e1s de la emboscada que acab\u00f3 con la vida de sus padres. El destino de la peque\u00f1a Altena dio un nuevo e inesperado giro cuando Travant decidi\u00f3 criarla como a su propia hija.<\/dt>\r\n                        <dd class=\"sec_dd\">\r\n                            <a href=\"https:\/\/guide.fire-emblem-heroes.com\/wp-content\/uploads\/altena_luminous_rider_pop03.png\" class=\"popup-image\">\r\n                                <img decoding=\"async\" src=\"https:\/\/guide.fire-emblem-heroes.com\/wp-content\/uploads\/altena_luminous_rider_info03.png\" alt=\"\" \/>\r\n                            <\/a>\r\n                        <\/dd>\r\n                        <dt id=\"CHARA_182_012\" class=\"sec_dt\">Altena creci\u00f3 sin conocer sus or\u00edgenes y se convirti\u00f3 en toda una jinete wyvern. \u00bfQu\u00e9 camino elegir\u00e1 cuando descubra la verdad?<\/dt>\r\n                        <dd class=\"sec_dd\">\r\n                            <a href=\"https:\/\/guide.fire-emblem-heroes.com\/wp-content\/uploads\/altena_luminous_rider_pop04.png\" class=\"popup-image\">\r\n                                <img decoding=\"async\" src=\"https:\/\/guide.fire-emblem-heroes.com\/wp-content\/uploads\/altena_luminous_rider_info04.png\" alt=\"\" \/>\r\n                            <\/a>\r\n                        <\/dd>\r\n                    <\/dl>\r\n                    <h3 id=\"CHARA_182_013\" class=\"sec_h3charatxt\">Personajes con los que tiene relaci\u00f3n<\/h3>\r\n                    <h4 id=\"CHARA_182_014\" class=\"sec_h4charatxt\">Travant<\/h4>\r\n                    <p id=\"CHARA_182_015\" class=\"sec_charatxt\">Rey de Thracia y descendiente de D\u00e1inn, el cruzado. Elabora un plan para unificar la pen\u00ednsula con el fin de conseguir las tierras f\u00e9rtiles que hay al norte de esta. Crio a Altena como a su propia hija.<\/p>\r\n                    <h4 id=\"CHARA_182_016\" class=\"sec_h4charatxt\">Quan<\/h4>\r\n                    <p id=\"CHARA_182_017\" class=\"sec_charatxt\">Pr\u00edncipe de Leonster y heredero de la lanza G\u00e1e Bolg. Esposo de Ethlyn, la hermana menor de su buen amigo Sigurd. Es el verdadero padre de Altena.<\/p>\r\n                    <h4 id=\"CHARA_182_018\" class=\"sec_h4charatxt\">Ethlyn<\/h4>\r\n                    <p id=\"CHARA_182_019\" class=\"sec_charatxt\">Hermana menor del se\u00f1or Sigurd de Chalphy. Posee un esp\u00edritu aventurero y est\u00e1 muy unida a su familia. Tras casarse con el pr\u00edncipe Quan de Leonster, tienen una hija y un hijo. Es la verdadera madre de Altena.<\/p>\r\n                    <h4 id=\"CHARA_182_020\" class=\"sec_h4charatxt\">Leif<\/h4>\r\n                    <p id=\"CHARA_182_021\" class=\"sec_charatxt\">Hijo de Quan y pr\u00edncipe de Leonster. Se escond\u00eda en Fiana, pero decidi\u00f3 tomar partido cuando las fuerzas imperiales atacaron. Es el verdadero hermano de Altena.<\/p>\r\n                <\/section>\r\n            <\/article>\r\n        <\/main>","protected":false},"excerpt":{"rendered":"H\u00e9roes Jinete luminosa Altena Aparece en Fire Emblem: Genealogy of the Holy War \u00a1Presentaci\u00f3n de personajes con Sharena! Jinete luminosa Altena \u00a1Aqu\u00ed llega Altena, la princesa de Thracia! Tiene el don de manejar la lanza G\u00e1e Bolg, s\u00edmbolo inequ\u00edvoco de las sombras de su pasado. Los verdaderos padres de Altena son Quan, pr\u00edncipe de Leonster, [&hellip;]","protected":false},"author":1,"featured_media":15266,"comment_status":"closed","ping_status":"closed","sticky":false,"template":"","format":"standard","meta":{"advanced_seo_description":"","jetpack_seo_html_title":"","jetpack_seo_noindex":false,"_jetpack_newsletter_access":"","_jetpack_dont_email_post_to_subs":false,"_jetpack_newsletter_tier_id":0,"_jetpack_memberships_contains_paywalled_content":false,"_locale":"es_ES","_original_post":"15199","_jetpack_memberships_contains_paid_content":false,"footnotes":"","jetpack_publicize_message":"","jetpack_publicize_feature_enabled":true,"jetpack_social_post_already_shared":true,"jetpack_social_options":{"image_generator_settings":{"template":"highway","default_image_id":0,"font":"","enabled":false},"version":2},"_wpas_customize_per_network":false,"jetpack_post_was_ever_published":false},"categories":[1384,1436,1415,1390],"tags":[1422],"class_list":["post-15204","post","type-post","status-publish","format-standard","has-post-thumbnail","hentry","category-character","category-ex_works_genealogy_of_the_holy_war","category-heroes","category-stay_heroes","tag-heroes-2","es-ES"],"jetpack_publicize_connections":[],"jetpack_featured_media_url":"https:\/\/guide.fire-emblem-heroes.com\/wp-content\/uploads\/altena_luminous_rider.png","jetpack_sharing_enabled":false,"jetpack_shortlink":"https:\/\/wp.me\/pa0Mj3-3Xe","jetpack_likes_enabled":false,"amp_enabled":true,"_links":{"self":[{"href":"https:\/\/guide.fire-emblem-heroes.com\/wp-json\/wp\/v2\/posts\/15204","targetHints":{"allow":["GET"]}}],"collection":[{"href":"https:\/\/guide.fire-emblem-heroes.com\/wp-json\/wp\/v2\/posts"}],"about":[{"href":"https:\/\/guide.fire-emblem-heroes.com\/wp-json\/wp\/v2\/types\/post"}],"author":[{"embeddable":true,"href":"https:\/\/guide.fire-emblem-heroes.com\/wp-json\/wp\/v2\/users\/1"}],"replies":[{"embeddable":true,"href":"https:\/\/guide.fire-emblem-heroes.com\/wp-json\/wp\/v2\/comments?post=15204"}],"version-history":[{"count":1,"href":"https:\/\/guide.fire-emblem-heroes.com\/wp-json\/wp\/v2\/posts\/15204\/revisions"}],"predecessor-version":[{"id":15215,"href":"https:\/\/guide.fire-emblem-heroes.com\/wp-json\/wp\/v2\/posts\/15204\/revisions\/15215"}],"wp:featuredmedia":[{"embeddable":true,"href":"https:\/\/guide.fire-emblem-heroes.com\/wp-json\/wp\/v2\/media\/15266"}],"wp:attachment":[{"href":"https:\/\/guide.fire-emblem-heroes.com\/wp-json\/wp\/v2\/media?parent=15204"}],"wp:term":[{"taxonomy":"category","embeddable":true,"href":"https:\/\/guide.fire-emblem-heroes.com\/wp-json\/wp\/v2\/categories?post=15204"},{"taxonomy":"post_tag","embeddable":true,"href":"https:\/\/guide.fire-emblem-heroes.com\/wp-json\/wp\/v2\/tags?post=15204"}],"curies":[{"name":"wp","href":"https:\/\/api.w.org\/{rel}","templated":true}]}}