






{"id":23008,"date":"2020-12-15T12:21:32","date_gmt":"2020-12-15T03:21:32","guid":{"rendered":"https:\/\/guide.fire-emblem-heroes.com\/?p=23008"},"modified":"2023-07-18T12:52:03","modified_gmt":"2023-07-18T03:52:03","slug":"08009000500600-2","status":"publish","type":"post","link":"https:\/\/guide.fire-emblem-heroes.com\/es-ES\/08009000500600-2\/","title":{"rendered":"<span class=\"character_nick\">D\u00fao intemporal<\/span><span class=\"character_name\">Altina<\/span>"},"content":{"rendered":"<main id=\"CHARA_363\" class=\"main_page character\">\r\n            <article>\r\n                <section class=\"sec sec_character\">\r\n                    <ul class=\"sec_ul sec_ul--character slick-box\">\r\n                        <li class=\"sec_li sec_li--character\">\r\n                            <img decoding=\"async\" src=\"https:\/\/guide.fire-emblem-heroes.com\/wp-content\/uploads\/ortina_across-time_duo_slide01.png\" alt=\"\" \/>\r\n                        <\/li>\r\n                        <li class=\"sec_li sec_li--character\">\r\n                            <img decoding=\"async\" src=\"https:\/\/guide.fire-emblem-heroes.com\/wp-content\/uploads\/ortina_across-time_duo_slide02.png\" alt=\"\" \/>\r\n                        <\/li>\r\n                        <li class=\"sec_li sec_li--character\">\r\n                            <img decoding=\"async\" src=\"https:\/\/guide.fire-emblem-heroes.com\/wp-content\/uploads\/ortina_across-time_duo_slide03.png\" alt=\"\" \/>\r\n                        <\/li>\r\n                        <li class=\"sec_li sec_li--character\">\r\n                            <img decoding=\"async\" src=\"https:\/\/guide.fire-emblem-heroes.com\/wp-content\/uploads\/ortina_across-time_duo_slide04.png\" alt=\"\" \/>\r\n                        <\/li>\r\n                    <\/ul>\r\n                    <div class=\"sec_charainfoarea flex\">\r\n                        <div class=\"sec_gif\"><img loading=\"lazy\" decoding=\"async\" src=\"https:\/\/guide.fire-emblem-heroes.com\/wp-content\/uploads\/ortina_across-time_duo.png\" alt=\"\" width=\"210\" height=\"190\"\/><\/div>\r\n                        <div class=\"sec_charainfo\">\r\n                            <p id=\"CHARA_363_002\" class=\"sec_characate sec_characate sec_characate--harmonized_hero\">Unidades armonizadas<\/p>\r\n                            <p id=\"CHARA_363_003\" class=\"sec_charanick\">D\u00fao intemporal<\/p>\r\n                            <p id=\"CHARA_363_004\" class=\"sec_charaname\">Altina<\/p>\r\n                            <p id=\"CHARA_363_005\" class=\"sec_charaappearancetxt\">Aparece en<\/p>\r\n                            <p id=\"CHARA_363_006\" class=\"sec_charaappearancetxt\">Fire Emblem: Path of Radiance<br \/>Fire Emblem: Radiant Dawn<\/p>\r\n                        <\/div>\r\n                    <\/div>\r\n                <\/section>\r\n            <\/article>\r\n            <article>\r\n                <section class=\"sec sec_characterarea\">\r\n                    <div class=\"sec_h2chara\">\r\n                        <p id=\"CHARA_363_007\" class=\"sec_h2charattl\">\u00a1Presentaci\u00f3n de personajes con Sharena!<\/p>\r\n                        <h2 id=\"CHARA_363_008\" class=\"sec_h2charatxt\">D\u00fao intemporal Altina<\/h2>\r\n                    <\/div>\r\n                    <dl class=\"sec_dl flex\">\r\n                        <dt id=\"CHARA_363_009\" class=\"sec_dt\">Dicen que el festival de invierno es una \u00e9poca llena de milagros, \u00a1y este a\u00f1o no va a ser menos! \u00a1Altina, la primera soberana de Begnion, y Sanaki, la 37.\u00aa emperatriz, han decidido formar equipo!<\/dt>\r\n                        <dd class=\"sec_dd\">\r\n                            <a href=\"https:\/\/guide.fire-emblem-heroes.com\/wp-content\/uploads\/ortina_across-time_duo_pop01.png\" class=\"popup-image\">\r\n                                <img decoding=\"async\" src=\"https:\/\/guide.fire-emblem-heroes.com\/wp-content\/uploads\/ortina_across-time_duo_info01.png\" alt=\"\" \/>\r\n                            <\/a>\r\n                        <\/dd>\r\n                        <dt id=\"CHARA_363_010\" class=\"sec_dt\">Altina porta las espadas sagradas Ragnell y Alondite, \u00a1pero para el festival ha cambiado sus vainas por calcetines llenos de regalos!<\/dt>\r\n                        <dd class=\"sec_dd\">\r\n                            <a href=\"https:\/\/guide.fire-emblem-heroes.com\/wp-content\/uploads\/ortina_across-time_duo_pop02.png\" class=\"popup-image\">\r\n                                <img decoding=\"async\" src=\"https:\/\/guide.fire-emblem-heroes.com\/wp-content\/uploads\/ortina_across-time_duo_info02.png\" alt=\"\" \/>\r\n                            <\/a>\r\n                        <\/dd>\r\n                        <dt id=\"CHARA_363_011\" class=\"sec_dt\">Por su parte, Sanaki ha elegido un conjunto con un pantal\u00f3n suelto que parece la mar de c\u00f3modo. \u00a1Y lleva sus regalos en un bolso mon\u00edsimo!<\/dt>\r\n                        <dd class=\"sec_dd\">\r\n                            <a href=\"https:\/\/guide.fire-emblem-heroes.com\/wp-content\/uploads\/ortina_across-time_duo_pop03.png\" class=\"popup-image\">\r\n                                <img decoding=\"async\" src=\"https:\/\/guide.fire-emblem-heroes.com\/wp-content\/uploads\/ortina_across-time_duo_info03.png\" alt=\"\" \/>\r\n                            <\/a>\r\n                        <\/dd>\r\n                        <dt id=\"CHARA_363_012\" class=\"sec_dt\">\u00a1C\u00f3mo me alegra verlas disfrutar as\u00ed! No me puedo ni imaginar lo que tiene que ser formar equipo con un pariente lejano del que te separan tantas generaciones. \u00a1El festival de invierno s\u00ed que hace milagros!<\/dt>\r\n                        <dd class=\"sec_dd\">\r\n                            <a href=\"https:\/\/guide.fire-emblem-heroes.com\/wp-content\/uploads\/ortina_across-time_duo_pop04.png\" class=\"popup-image\">\r\n                                <img decoding=\"async\" src=\"https:\/\/guide.fire-emblem-heroes.com\/wp-content\/uploads\/ortina_across-time_duo_info04.png\" alt=\"\" \/>\r\n                            <\/a>\r\n                        <\/dd>\r\n                    <\/dl>\r\n                    <h3 id=\"CHARA_363_013\" class=\"sec_h3charatxt\">Personajes con los que tienen relaci\u00f3n<\/h3>\r\n                    <h4 id=\"CHARA_363_014\" class=\"sec_h4charatxt\">Deghinsea<\/h4>\r\n                    <p id=\"CHARA_363_015\" class=\"sec_charatxt\">Drag\u00f3n negro que gobierna Goldoa, un reino laguz. Es uno de los Tres H\u00e9roes que consiguieron encerrar al dios oscuro liderados por Altina.<\/p>\r\n                <\/section>\r\n            <\/article>\r\n        <\/main>","protected":false},"excerpt":{"rendered":"Unidades armonizadas D\u00fao intemporal Altina Aparece en Fire Emblem: Path of RadianceFire Emblem: Radiant Dawn \u00a1Presentaci\u00f3n de personajes con Sharena! D\u00fao intemporal Altina Dicen que el festival de invierno es una \u00e9poca llena de milagros, \u00a1y este a\u00f1o no va a ser menos! \u00a1Altina, la primera soberana de Begnion, y Sanaki, la 37.\u00aa emperatriz, han [&hellip;]","protected":false},"author":1,"featured_media":23162,"comment_status":"closed","ping_status":"closed","sticky":false,"template":"","format":"standard","meta":{"advanced_seo_description":"","jetpack_seo_html_title":"","jetpack_seo_noindex":false,"_jetpack_newsletter_access":"","_jetpack_dont_email_post_to_subs":false,"_jetpack_newsletter_tier_id":0,"_jetpack_memberships_contains_paywalled_content":false,"_locale":"es_ES","_original_post":"https:\/\/guide.fire-emblem-heroes.com\/?p=23002","_jetpack_memberships_contains_paid_content":false,"footnotes":"","jetpack_publicize_message":"","jetpack_publicize_feature_enabled":true,"jetpack_social_post_already_shared":true,"jetpack_social_options":{"image_generator_settings":{"template":"highway","default_image_id":0,"font":"","enabled":false},"version":2},"_wpas_customize_per_network":false,"jetpack_post_was_ever_published":false},"categories":[1384,1464,1390,1430],"tags":[1468],"class_list":["post-23008","post","type-post","status-publish","format-standard","has-post-thumbnail","hentry","category-character","category-harmonized_heroes","category-stay_heroes","category-ex_works_radiant_dawn","tag-unidades-armonizadas","es-ES"],"jetpack_publicize_connections":[],"jetpack_featured_media_url":"https:\/\/guide.fire-emblem-heroes.com\/wp-content\/uploads\/ortina_across-time_duo.png","jetpack_sharing_enabled":false,"jetpack_shortlink":"https:\/\/wp.me\/pa0Mj3-5Z6","jetpack_likes_enabled":false,"amp_enabled":false,"_links":{"self":[{"href":"https:\/\/guide.fire-emblem-heroes.com\/wp-json\/wp\/v2\/posts\/23008","targetHints":{"allow":["GET"]}}],"collection":[{"href":"https:\/\/guide.fire-emblem-heroes.com\/wp-json\/wp\/v2\/posts"}],"about":[{"href":"https:\/\/guide.fire-emblem-heroes.com\/wp-json\/wp\/v2\/types\/post"}],"author":[{"embeddable":true,"href":"https:\/\/guide.fire-emblem-heroes.com\/wp-json\/wp\/v2\/users\/1"}],"replies":[{"embeddable":true,"href":"https:\/\/guide.fire-emblem-heroes.com\/wp-json\/wp\/v2\/comments?post=23008"}],"version-history":[{"count":1,"href":"https:\/\/guide.fire-emblem-heroes.com\/wp-json\/wp\/v2\/posts\/23008\/revisions"}],"predecessor-version":[{"id":23018,"href":"https:\/\/guide.fire-emblem-heroes.com\/wp-json\/wp\/v2\/posts\/23008\/revisions\/23018"}],"wp:featuredmedia":[{"embeddable":true,"href":"https:\/\/guide.fire-emblem-heroes.com\/wp-json\/wp\/v2\/media\/23162"}],"wp:attachment":[{"href":"https:\/\/guide.fire-emblem-heroes.com\/wp-json\/wp\/v2\/media?parent=23008"}],"wp:term":[{"taxonomy":"category","embeddable":true,"href":"https:\/\/guide.fire-emblem-heroes.com\/wp-json\/wp\/v2\/categories?post=23008"},{"taxonomy":"post_tag","embeddable":true,"href":"https:\/\/guide.fire-emblem-heroes.com\/wp-json\/wp\/v2\/tags?post=23008"}],"curies":[{"name":"wp","href":"https:\/\/api.w.org\/{rel}","templated":true}]}}